{"id":1014,"date":"2015-07-19T12:39:58","date_gmt":"2015-07-19T10:39:58","guid":{"rendered":"http:\/\/www.hossi-im-netz.de\/wordpress\/?p=1014"},"modified":"2015-07-20T14:23:36","modified_gmt":"2015-07-20T12:23:36","slug":"berg-und-talwind","status":"publish","type":"post","link":"https:\/\/www.hossi-im-netz.de\/wordpress\/berg-und-talwind\/","title":{"rendered":"Berg- und Talwind"},"content":{"rendered":"<h4>Berg- und Talwind<\/h4>\n<p>Im gestrigen Thema des Tages haben Sie das Land-Seewind-System kennengelernt. Aber nicht jeden zieht es im Urlaub an die See, sondern vielmehr in die Berge. Deshalb wird an dieser Stelle heute ein weiteres lokales Windsystem vorgestellt, n\u00e4mlich die Berg-Talwind-Zirkulation. Damit Sie sich alles besser bildlich vorstellen k\u00f6nnen, finden Sie unter www.dwd.de\/tagesthema eine schematische Abbildung. Die Berg-Talwind-Zirkulation ist ein tagesperiodisches Windsystem, das im Gebirge bei ruhigen Hochdruckwetterlagen entsteht. Die grundlegende Voraussetzung ist n\u00e4mlich starke Sonneneinstrahlung. Die Sonne bestrahlt die Bergh\u00e4nge fr\u00fcher als die T\u00e4ler. So setzt an einem sonnenbeschienenen Hang nach Sonnenaufgang eine starke Erw\u00e4rmung des Bodens ein, die von der Ausrichtung zur Sonne, der Oberfl\u00e4chenform und dem Bewuchs abh\u00e4ngig ist. Dadurch erw\u00e4rmt sich die bodennahe Luft am Hang rascher als die hangferne Luft im Tal. In der Folge setzt dort durch die Verringerung der Luftdichte der warmen Luft thermischer Auftrieb ein, es entsteht Hangaufwind. Seine Geschwindigkeit betr\u00e4gt in der Regel etwa 2 bis 3 km\/h. Die Luft k\u00fchlt sich beim Aufsteigen ab und sinkt \u00fcber Ursprungs- oder Nachbartal bzw. im Gebirgsvorland wieder in tiefere Lagen ab. Die aufsteigende Luft muss ersetzt werden, sodass sich eine aus dem Vorland die T\u00e4ler und Bergh\u00e4nge hinaufflie\u00dfende, im Tagesgang immer st\u00e4rker werdende Ausgleichsstr\u00f6mung einstellt &#8211; der Talwind. Um die Mittagszeit bilden sich \u00fcber den Berggipfeln und -k\u00e4mmen h\u00e4ufig die ersten Quellwolken, da die Luft aus den T\u00e4lern, die sukzessive die H\u00e4nge hinauftransportiert wird, meist feucht ist. Auch sie wird erw\u00e4rmt und steigt ebenfalls auf, wodurch sie sich abk\u00fchlt und relativ gesehen feuchter wird. Wenn sie das Kondensationsniveau (100 % Luftfeuchte) erreicht, bilden sich Wolken. \u00dcber den T\u00e4lern bleibt es dagegen wolkenlos, da sich die absinkende Luft erw\u00e4rmt und dabei relativ trockener wird. Werden die H\u00e4nge nicht mehr beschienen (sp\u00e4testens nach Sonnenuntergang), kommen Hang- und Talwind allm\u00e4hlich zum Erliegen. Sie schlafen vor\u00fcbergehend komplett ein, bevor das Windsystem in umgekehrter Richtung startet: Nachts k\u00fchlen sich die Bergh\u00e4nge und die bodennahe Luft \u00fcber ihnen st\u00e4rker ab als die Luft im Tal. Die nun k\u00fchlere Luft und somit schwerere Luft flie\u00dft als Bergwind die H\u00e4nge hinab. Der n\u00e4chtliche Bergwind ist meist schw\u00e4cher ausgepr\u00e4gt als der Talwind am Tage, mitunter ist er kaum zu sp\u00fcren, sorgt jedoch am Talgrund f\u00fcr frische Luft. Typischerweise beginnt er zwei bis drei Stunden nach Sonnenuntergang und dauert bis kurz nach Sonnenaufgang an. Diese Art von Zirkulation findet man nicht nur in Hochgebirgen wie den Alpen, sondern man kann sie durchaus auch in den Mittelgebirgen beobachten. Regional finden sich dann auch spezielle Bezeichnungen, wie der Wisperwind im Taunus oder der H\u00f6llent\u00e4ler Wind im Schwarzwald, der als Bergwind das Stadtzentrum Freiburgs mit Frischluft versorgt.<br \/>\nM.Sc. Met. Stefan Bach Deutscher Wetterdienst Vorhersage- und Beratungszentrale Offenbach, den 19.07.2015 Copyright (c) <a href=\"http:\/\/www.dwd.de\">Deutscher Wetterdienst<\/a><br \/>\n<a href=\"https:\/\/www.hossi-im-netz.de\/wordpress\/wp-content\/uploads\/2015\/07\/IMG_7807.png\"><img decoding=\"async\" src=\"https:\/\/www.hossi-im-netz.de\/wordpress\/wp-content\/uploads\/2015\/07\/IMG_7807.png\" alt=\"\" \/><\/a><br \/>\nBild: www.dwd.de<\/p>\n","protected":false},"excerpt":{"rendered":"<p>Berg- und Talwind Im gestrigen Thema des Tages haben Sie das Land-Seewind-System kennengelernt. Aber nicht jeden zieht es im Urlaub an die See, sondern vielmehr in die Berge. Deshalb wird an dieser Stelle heute ein weiteres lokales Windsystem vorgestellt, n\u00e4mlich <span class=\"excerpt-dots\">&hellip;<\/span> <a class=\"more-link\" href=\"https:\/\/www.hossi-im-netz.de\/wordpress\/berg-und-talwind\/\"><span class=\"more-msg\">Weiterlesen &rarr;<\/span><\/a><\/p>\n","protected":false},"author":1,"featured_media":0,"comment_status":"open","ping_status":"closed","sticky":false,"template":"","format":"standard","meta":{"_exactmetrics_skip_tracking":false,"_exactmetrics_sitenote_active":false,"_exactmetrics_sitenote_note":"","_exactmetrics_sitenote_category":0,"jetpack_post_was_ever_published":false,"_jetpack_newsletter_access":"","_jetpack_dont_email_post_to_subs":false,"_jetpack_newsletter_tier_id":0,"_jetpack_memberships_contains_paywalled_content":false,"_jetpack_memberships_contains_paid_content":false,"footnotes":"","jetpack_publicize_message":"","jetpack_publicize_feature_enabled":true,"jetpack_social_post_already_shared":true,"jetpack_social_options":{"image_generator_settings":{"template":"highway","default_image_id":0,"font":"","enabled":false},"version":2}},"categories":[37],"tags":[202,203,113],"yst_prominent_words":[7497,7493,7496,4205,7491,1216,5634,3887,7494,7495,5510,7490,7498,2211,7499,2132,7500,6464,7492,5635],"class_list":["post-1014","post","type-post","status-publish","format-standard","hentry","category-wetterblog","tag-bergwind","tag-talwind","tag-wind"],"jetpack_publicize_connections":[],"jetpack_featured_media_url":"","jetpack_sharing_enabled":true,"jetpack_shortlink":"https:\/\/wp.me\/p5DnIb-gm","jetpack-related-posts":[],"jetpack_likes_enabled":true,"_links":{"self":[{"href":"https:\/\/www.hossi-im-netz.de\/wordpress\/wp-json\/wp\/v2\/posts\/1014","targetHints":{"allow":["GET"]}}],"collection":[{"href":"https:\/\/www.hossi-im-netz.de\/wordpress\/wp-json\/wp\/v2\/posts"}],"about":[{"href":"https:\/\/www.hossi-im-netz.de\/wordpress\/wp-json\/wp\/v2\/types\/post"}],"author":[{"embeddable":true,"href":"https:\/\/www.hossi-im-netz.de\/wordpress\/wp-json\/wp\/v2\/users\/1"}],"replies":[{"embeddable":true,"href":"https:\/\/www.hossi-im-netz.de\/wordpress\/wp-json\/wp\/v2\/comments?post=1014"}],"version-history":[{"count":2,"href":"https:\/\/www.hossi-im-netz.de\/wordpress\/wp-json\/wp\/v2\/posts\/1014\/revisions"}],"predecessor-version":[{"id":1029,"href":"https:\/\/www.hossi-im-netz.de\/wordpress\/wp-json\/wp\/v2\/posts\/1014\/revisions\/1029"}],"wp:attachment":[{"href":"https:\/\/www.hossi-im-netz.de\/wordpress\/wp-json\/wp\/v2\/media?parent=1014"}],"wp:term":[{"taxonomy":"category","embeddable":true,"href":"https:\/\/www.hossi-im-netz.de\/wordpress\/wp-json\/wp\/v2\/categories?post=1014"},{"taxonomy":"post_tag","embeddable":true,"href":"https:\/\/www.hossi-im-netz.de\/wordpress\/wp-json\/wp\/v2\/tags?post=1014"},{"taxonomy":"yst_prominent_words","embeddable":true,"href":"https:\/\/www.hossi-im-netz.de\/wordpress\/wp-json\/wp\/v2\/yst_prominent_words?post=1014"}],"curies":[{"name":"wp","href":"https:\/\/api.w.org\/{rel}","templated":true}]}}