{"id":10409,"date":"2018-12-19T20:48:01","date_gmt":"2018-12-19T18:48:01","guid":{"rendered":"http:\/\/www.hossi-im-netz.de\/wordpress\/?p=10409"},"modified":"2018-12-19T20:48:06","modified_gmt":"2018-12-19T18:48:06","slug":"klima-michel-fuehlt-sich-wohl","status":"publish","type":"post","link":"https:\/\/www.hossi-im-netz.de\/wordpress\/klima-michel-fuehlt-sich-wohl\/","title":{"rendered":"(Klima-)Michel f\u00fchlt sich wohl"},"content":{"rendered":"\n<h1 class=\"wp-block-heading\">(Klima-)Michel f\u00fchlt sich wohl<\/h1>\n\n\n\n<p>Die Lufttemperatur kann sich ganz unterschiedlich anf\u00fchlen. Daher gibt es die &#8222;gef\u00fchlte Temperatur&#8220;, die das thermische Empfinden des Menschen beschreibt.<\/p>\n\n\n\n<p>Michel geht im Freien spazieren, ist 35 Jahre alt, 1,75m gro\u00df, 75kg schwer und mit einem wollenen Anzug, Wintermantel, Kopfbedeckung und warmen Schuhen bekleidet. Hierbei handelt es sich nicht um eine Vermisstenanzeige der Polizei und der Autor spricht auch nicht von seinem gleichnamigen Bruder. Die Rede ist vom sogenannten &#8222;Klima-Michel&#8220;, einem Modell zur Bewertung des W\u00e4rmeempfindens von Menschen im Freien.<\/p>\n\n\n\n<p>Sicherlich haben Sie sich beim Blick auf das Thermometer schon des \u00f6fteren gewundert. Mal kommen Ihnen im Sommer 27 Grad gerade angenehm vor, ein anderes Mal f\u00fchlen sich 23 Grad &#8222;dr\u00fcckend schw\u00fcl&#8220; an. Genauso k\u00f6nnen Sie sich im Winter mit der richtigen Kleidung selbst bei leichten Frostgraden wohlf\u00fchlen, w\u00e4hrend Sie bei einem kalten Wind und +5 Grad bereits frieren oder bei neblig-tr\u00fcben Verh\u00e4ltnissen das Wetter als &#8222;nasskalt&#8220; empfinden.<\/p>\n\n\n\n<p>Hierzulande erhalten Sie in den meisten Wettervorhersagen zwar pr\u00e4zise Informationen zur Temperatur f\u00fcr Ihre Region. Ob Sie eine bestimmte Lufttemperatur aber als angenehm oder unangenehm empfinden, h\u00e4ngt entscheidend von der Windgeschwindigkeit, der Luftfeuchtigkeit, der Sonneneinstrahlung und der W\u00e4rmestrahlung der Atmosph\u00e4re ab. Die Kombination dieser Faktoren ist in der &#8222;gef\u00fchlten Temperatur&#8220; enthalten, die das thermische Empfinden des Menschen beschreibt und je nach Wetterbedingungen stark von der gemessenen Lufttemperatur abweichen kann.<\/p>\n\n\n\n<p>Damit der K\u00f6rper nicht ausk\u00fchlt und sich auch nicht zu stark aufheizt, besitzt der menschliche Organismus eine Reihe von Regulationsmechanismen. Beispiele hierf\u00fcr sind bei warmen Umgebungsbedingungen das Schwitzen zur Abk\u00fchlung an der Hautoberfl\u00e4che oder die G\u00e4nsehaut bei K\u00e4lte. Diese und weitere Regulationen haben das Ziel, den W\u00e4rmegewinn und die W\u00e4rmeabgabe des Menschen im Gleichgewicht zu halten. Zur Berechnung dieses Gleichgewichtszustands verwendet der Deutsche Wetterdienst (DWD) das W\u00e4rmehaushaltsmodell &#8222;Klima-Michel&#8220;. Dieses Modell berechnet den Energieumsatz einer Standardperson, die den jeweiligen Wetterbedingungen ausgesetzt ist. Sie ist m\u00e4nnlich, bekleidet, besitzt obige K\u00f6rpereigenschaften und bewegt sich mit einer konstanten Geschwindigkeit von 4 km\/h (Schrittgeschwindigkeit). Um realistische Bedingungen zu erzeugen, wird angenommen, dass der Klima-Michel seine Kleidung dem Wetter anpasst. Tr\u00e4gt er im Winter die Kleidung der obigen Personenbeschreibung, so geht der Modellmensch im Sommer mit einem kurz\u00e4rmligen Hemd, einer leichten langen Hose und Sandalen spazieren.<\/p>\n\n\n\n<p>Berechnet nun das Modell eine gef\u00fchlte Temperatur zwischen 0 und 20 Grad, so wird dies als behaglich eingestuft, da der Mensch (angemessene Kleidung vorausgesetzt) \u00fcblicherweise wenig Energie aufbringen muss, um den W\u00e4rmehaushalt des K\u00f6rpers im Gleichgewicht zu halten. \u00dcbersteigt die gef\u00fchlte Temperatur diese Temperaturspanne, wird dies als W\u00e4rmebelastung empfunden, w\u00e4hrend man bei einer gef\u00fchlten Temperatur unter 0 Grad einem K\u00e4ltestress ausgesetzt ist. In beiden F\u00e4llen verl\u00e4sst der Mensch seine Komfortzone, was bei zunehmender Abweichung eine Belastung f\u00fcr Herz und Kreislauf darstellt. Nat\u00fcrlich ist sowohl der K\u00e4ltestress als auch die W\u00e4rmebelastung bei jedem Menschen individuell und h\u00e4ngt nicht nur vom Alter und den K\u00f6rpereigenschaften, sondern auch von der k\u00f6rperlichen Aktivit\u00e4t ab. Dennoch stellt die gef\u00fchlte Temperatur ein objektives Durchschnittsma\u00df dar.<\/p>\n\n\n\n<p>Im Winter beeinflussen vor allem Feuchtigkeit (feuchte Kaltluft f\u00fchlt sich k\u00e4lter an als trockene Kaltluft) und Wind die gef\u00fchlte Temperatur. Bei frostigen Temperaturen verst\u00e4rken hohe Windgeschwindigkeiten die Ausk\u00fchlung \u00fcber die Haut erheblich und es kann schnell zu Erfrierungserscheinungen an ungesch\u00fctzten K\u00f6rperteilen kommen. Dieser Effekt kann alternativ auch durch den &#8222;Wind Chill Index&#8220; beschrieben werden, worauf hier aber nicht n\u00e4her eingegangen wird. Im Sommer spielen zudem die Sonneneinstrahlung und die W\u00e4rmestrahlung der Atmosph\u00e4re eine wichtige Rolle. Der DWD stellt Ihnen im Internet (siehe Link) und in der WarnWetterApp (unter &#8222;Naturgefahren&#8220;) Farbkarten zum thermischen Empfinden zur Verf\u00fcgung und Sie k\u00f6nnen sich f\u00fcr Ihre Favoriten im Bereich &#8222;Warnungen&#8220; auch eine Zeitleiste f\u00fcr Ihren gew\u00fcnschten Ort anzeigen lassen. Im Sommer gibt der DWD bei einer l\u00e4nger anhaltenden starken oder extremen W\u00e4rmebelastung zudem Hitzewarnungen aus.<\/p>\n\n\n\n<p>Bei den aktuell eher milden Temperaturen ist das thermische Empfinden mittags vielerorts behaglich und nur nachts und am Vormittag leicht k\u00fchl. Sehen Sie es also positiv: Es gibt zwar dieses Jahr in den meisten Regionen gr\u00fcne Weihnachten, daf\u00fcr k\u00f6nnen Sie Ihren nachmitt\u00e4glichen Verdauungsspaziergang an den Weihnachtstagen wahrscheinlich in Ihrer thermischen Komfortzone machen ;-).<\/p>\n\n\n\n<p>Dr. rer. nat. Markus \u00dcbel (Meteorologe)<\/p>\n\n\n\n<p>Deutscher Wetterdienst Vorhersage- und Beratungszentrale Offenbach, den 19.12.2018<\/p>\n\n\n\n<p>Copyright (c) Deutscher Wetterdienst<\/p>\n\n\n\n<figure class=\"wp-block-image\"><img loading=\"lazy\" decoding=\"async\" width=\"646\" height=\"716\" data-attachment-id=\"10410\" data-permalink=\"https:\/\/www.hossi-im-netz.de\/wordpress\/klima-michel-fuehlt-sich-wohl\/19_bild\/\" data-orig-file=\"https:\/\/www.hossi-im-netz.de\/wordpress\/wp-content\/uploads\/2018\/12\/19_Bild.png\" data-orig-size=\"646,716\" data-comments-opened=\"1\" data-image-meta=\"{&quot;aperture&quot;:&quot;0&quot;,&quot;credit&quot;:&quot;&quot;,&quot;camera&quot;:&quot;&quot;,&quot;caption&quot;:&quot;&quot;,&quot;created_timestamp&quot;:&quot;0&quot;,&quot;copyright&quot;:&quot;&quot;,&quot;focal_length&quot;:&quot;0&quot;,&quot;iso&quot;:&quot;0&quot;,&quot;shutter_speed&quot;:&quot;0&quot;,&quot;title&quot;:&quot;&quot;,&quot;orientation&quot;:&quot;0&quot;}\" data-image-title=\"Klima Michel f\u00fchlt sich Wohl\" data-image-description=\"\" data-image-caption=\"\" data-medium-file=\"https:\/\/www.hossi-im-netz.de\/wordpress\/wp-content\/uploads\/2018\/12\/19_Bild-271x300.png\" data-large-file=\"https:\/\/www.hossi-im-netz.de\/wordpress\/wp-content\/uploads\/2018\/12\/19_Bild.png\" src=\"https:\/\/www.hossi-im-netz.de\/wordpress\/wp-content\/uploads\/2018\/12\/19_Bild.png\" alt=\"\" class=\"wp-image-10410\" srcset=\"https:\/\/www.hossi-im-netz.de\/wordpress\/wp-content\/uploads\/2018\/12\/19_Bild.png 646w, https:\/\/www.hossi-im-netz.de\/wordpress\/wp-content\/uploads\/2018\/12\/19_Bild-271x300.png 271w\" sizes=\"auto, (max-width: 646px) 100vw, 646px\" \/><\/figure>\n","protected":false},"excerpt":{"rendered":"<p>(Klima-)Michel f\u00fchlt sich wohl<\/p>\n<p>Die Lufttemperatur kann sich ganz unterschiedlich anf\u00fchlen. Daher gibt es die &#8222;gef\u00fchlte Temperatur&#8220;, die das thermische Empfinden des Menschen beschreibt.<\/p>\n <a class=\"more-link\" href=\"https:\/\/www.hossi-im-netz.de\/wordpress\/klima-michel-fuehlt-sich-wohl\/\"><span class=\"more-msg\">Weiterlesen &rarr;<\/span><\/a>","protected":false},"author":1,"featured_media":10410,"comment_status":"open","ping_status":"closed","sticky":false,"template":"","format":"standard","meta":{"_exactmetrics_skip_tracking":false,"_exactmetrics_sitenote_active":false,"_exactmetrics_sitenote_note":"","_exactmetrics_sitenote_category":0,"jetpack_post_was_ever_published":false,"_jetpack_newsletter_access":"","_jetpack_dont_email_post_to_subs":false,"_jetpack_newsletter_tier_id":0,"_jetpack_memberships_contains_paywalled_content":false,"_jetpack_memberships_contains_paid_content":false,"footnotes":"","jetpack_publicize_message":"","jetpack_publicize_feature_enabled":true,"jetpack_social_post_already_shared":true,"jetpack_social_options":{"image_generator_settings":{"template":"highway","default_image_id":0,"font":"","enabled":false},"version":2}},"categories":[37],"tags":[225,352,2717,10775,4],"yst_prominent_words":[1216,2659,2651,2649,9451,5952,10773,5566,1605,10774,2676,8435,3007,1629,7632,7627,10772,1513,5436,1412],"class_list":["post-10409","post","type-post","status-publish","format-standard","has-post-thumbnail","hentry","category-wetterblog","tag-gefuehlte-temperatur","tag-klima","tag-lufttemperatur","tag-michel","tag-wetter"],"jetpack_publicize_connections":[],"jetpack_featured_media_url":"https:\/\/www.hossi-im-netz.de\/wordpress\/wp-content\/uploads\/2018\/12\/19_Bild.png","jetpack_sharing_enabled":true,"jetpack_shortlink":"https:\/\/wp.me\/p5DnIb-2HT","jetpack-related-posts":[],"jetpack_likes_enabled":true,"_links":{"self":[{"href":"https:\/\/www.hossi-im-netz.de\/wordpress\/wp-json\/wp\/v2\/posts\/10409","targetHints":{"allow":["GET"]}}],"collection":[{"href":"https:\/\/www.hossi-im-netz.de\/wordpress\/wp-json\/wp\/v2\/posts"}],"about":[{"href":"https:\/\/www.hossi-im-netz.de\/wordpress\/wp-json\/wp\/v2\/types\/post"}],"author":[{"embeddable":true,"href":"https:\/\/www.hossi-im-netz.de\/wordpress\/wp-json\/wp\/v2\/users\/1"}],"replies":[{"embeddable":true,"href":"https:\/\/www.hossi-im-netz.de\/wordpress\/wp-json\/wp\/v2\/comments?post=10409"}],"version-history":[{"count":1,"href":"https:\/\/www.hossi-im-netz.de\/wordpress\/wp-json\/wp\/v2\/posts\/10409\/revisions"}],"predecessor-version":[{"id":10411,"href":"https:\/\/www.hossi-im-netz.de\/wordpress\/wp-json\/wp\/v2\/posts\/10409\/revisions\/10411"}],"wp:featuredmedia":[{"embeddable":true,"href":"https:\/\/www.hossi-im-netz.de\/wordpress\/wp-json\/wp\/v2\/media\/10410"}],"wp:attachment":[{"href":"https:\/\/www.hossi-im-netz.de\/wordpress\/wp-json\/wp\/v2\/media?parent=10409"}],"wp:term":[{"taxonomy":"category","embeddable":true,"href":"https:\/\/www.hossi-im-netz.de\/wordpress\/wp-json\/wp\/v2\/categories?post=10409"},{"taxonomy":"post_tag","embeddable":true,"href":"https:\/\/www.hossi-im-netz.de\/wordpress\/wp-json\/wp\/v2\/tags?post=10409"},{"taxonomy":"yst_prominent_words","embeddable":true,"href":"https:\/\/www.hossi-im-netz.de\/wordpress\/wp-json\/wp\/v2\/yst_prominent_words?post=10409"}],"curies":[{"name":"wp","href":"https:\/\/api.w.org\/{rel}","templated":true}]}}