{"id":10444,"date":"2018-12-26T15:40:04","date_gmt":"2018-12-26T13:40:04","guid":{"rendered":"http:\/\/www.hossi-im-netz.de\/wordpress\/?p=10444"},"modified":"2018-12-26T15:40:10","modified_gmt":"2018-12-26T13:40:10","slug":"smog-ein-phaenomen-das-vielen-staedten-den-atem-nimmt","status":"publish","type":"post","link":"https:\/\/www.hossi-im-netz.de\/wordpress\/smog-ein-phaenomen-das-vielen-staedten-den-atem-nimmt\/","title":{"rendered":"Smog &#8211; Ein Ph\u00e4nomen, das vielen St\u00e4dten den Atem nimmt"},"content":{"rendered":"\n<h1 class=\"wp-block-heading\">Smog &#8211; Ein Ph\u00e4nomen, das vielen St\u00e4dten den Atem nimmt<strong>D<\/strong><\/h1>\n\n\n\n<p>Gut, dass Weihnachten ist! Eine intensive Inversionswetterlage mit Temperaturunterschieden zwischen 6 und 10 Grad bestimmt das Wetter im S\u00fcden und Westen des Landes. W\u00e4ren derzeit viele Autos auf den Stra\u00dfen und liefe die Industrie auf volltouren, k\u00f6nnte der Begriff &#8222;Smog&#8220; wieder in aller Munde sein. So ist es einfach nur teils grau in grau mit Sonne auf den Bergen, teils aber auch sonnig mit guter Fernsicht.&nbsp;<\/p>\n\n\n\n<p>Der Begriff &#8222;Smog&#8220; wird immer mehr zum Modewort f\u00fcr die Medien. In der Vergangenheit wurde es haupts\u00e4chlich im Zusammenhang mit der Luftverschmutzung in den Gro\u00dfst\u00e4dten Chinas verwendet. Doch mittlerweile sind vermehrt auch europ\u00e4ische St\u00e4dte in den Smog-Fokus geraten. In Paris wurden schon 2014 wegen der zunehmend verschmutzten Luft Verkehrsverbote ausgesprochen. Nun gibt es auch in Deutschland erste Gerichturteile, die ein Verkehrsverbot nach sich ziehen und teilweise auch schon umgesetzt wurden. Als Grund f\u00fcr die Luftverunreinigung z\u00e4hlen Autos und Industrie. Vor allem in den deutschen Ballungsr\u00e4umen schl\u00e4gt das Ph\u00e4nomen &#8222;Smog&#8220; bei einer ung\u00fcnstigen Wetterlage besonders hart zu. In den folgenden Abschnitten soll der Begriff &#8222;Smog&#8220; etwas n\u00e4her erkl\u00e4rt werden.<\/p>\n\n\n\n<p>Das Wort &#8222;Smog&#8220; stammt urspr\u00fcnglich aus dem Englischen und setzt sich aus den Begriffen &#8222;smoke&#8220;(Rauch) und &#8222;fog&#8220; (Nebel) zusammen. Der Begriff wurde Anfang des 20. Jahrhunderts im nebelreichen London gepr\u00e4gt, als &#8222;Smog&#8220; dort eine h\u00e4ufige Erscheinung war und zu dieser Zeit auch &#8222;London Peculiars&#8220; genannt wurde. Er bezeichnet dabei eine durch Emissionen (Ausst\u00f6\u00dfe von Luftschadstoffen) verursachte Luftverschmutzung, die unter besonderen meteorologischen Bedingungen insbesondere \u00fcber dicht besiedelten Gebieten auftritt.<\/p>\n\n\n\n<p>G\u00fcnstige Voraussetzungen bietet die sogenannte &#8222;Inversionswetterlage&#8220;(Umkehr des vertikalen Temperaturgradienten). Inversionen k\u00f6nnen durch unterschiedliche meteorologische Prozesse entstehen. Grunds\u00e4tzlich m\u00fcssen in den bodennahen Luftschichten im Vergleich zu den dar\u00fcber liegenden Schichten k\u00e4ltere Temperaturen vorherrschen. Dies kann z.B. durch das gro\u00dfr\u00e4umige Heranf\u00fchren von Warmluft in der H\u00f6he erreicht werden. Aber auch die Erw\u00e4rmung der Luft durch Absinken im Bereich eines Hochdruckgebietes oder die Abk\u00fchlung der unteren Luftschichten durch Ausstrahlung f\u00fchren oftmals zu der Ausbildung einer Inversionsschicht, wo markante Temperaturgegens\u00e4tze auftreten. Lokal vom Erdboden aufsteigende Luft kann dann eine solche Inversionsschicht nicht durchdringen. Somit stellt eine Inversion eine Art Sperrschicht dar, die einen Austausch zwischen bodennahen und h\u00f6her liegenden Luftschichten verhindert (vgl. Graphik). Entsprechend k\u00f6nnen auch Rauch, Dampf oder Autoabgase von Holzfeuerungen, Kraftwerken oder Verbrennungsmotoren stammt nicht abziehen. Dadurch halten sich die Luftschadstoffe bei meist weiterer Verdichtung l\u00e4nger \u00fcber der Stadt oder dem Ballungsraum. In dieser Dunstglocke kann sich dann eine ungew\u00f6hnlich hohe Konzentration von Luftschadstoffen, wie beispielsweise Ru\u00df, Schwefeldioxid, Kohlenstoffmonoxid und Stickstoffoxid ausbilden. Durch unterschiedliche chemische Reaktionen innerhalb der verschmutzten Luftschicht entstehen Sekund\u00e4rstoffe, die wie auch die Stoffe selber zu Sch\u00e4den an Pflanzen oder Geb\u00e4uden sowie zu Reizungen der Atemwege und Augen beim Menschen f\u00fchren k\u00f6nnen.<\/p>\n\n\n\n<p>Diese Art von Smog wird auch &#8222;Wintersmog&#8220; oder &#8222;London-Smog&#8220; genannt.&nbsp;<\/p>\n\n\n\n<p>Zus\u00e4tzlich zu diesem urspr\u00fcnglichen Typ unterscheidet man auch noch den Sommersmog (Los-Angeles-Typ).<\/p>\n\n\n\n<p>Mit Sommersmog ist eine verst\u00e4rkte Bildung von bodennahem Ozon gemeint, einem stechend riechenden, reaktionsfreudigen Gas, dessen Molek\u00fcle aus drei Sauerstoffatomen bestehen. Dieses Ozon entsteht zusammen mit anderen Reizgasen, wenn Sonnenlicht auf Luftschadstoffe (Stickstoffoxide, Kohlenwasserstoffe) trifft, die vor allem von Kraftfahrzeugen an die Umwelt abgegeben werden. Das bodennahe Ozon und die anderen Reizgase wie Stickstoffdioxid beeinflussen die Lungenfunktion negativ, l\u00f6sen Tr\u00e4nenreiz aus, verringern die Leistungsf\u00e4higkeit, erh\u00f6hen m\u00f6glicherweise das Krebsrisiko und beg\u00fcnstigen auch das Waldsterben. Das bodennahe Ozon bildet sich dabei nur bei Sonneneinstrahlung und Belastung der Luft mit den angesprochenen Schadstoffen, also vor allem an wolkenarmen Sommertagen in Ballungsgebieten.&nbsp;<\/p>\n\n\n\n<p>Derzeit kann man in Deutschland gebietsweise den urspr\u00fcnglichen Typ, den &#8222;Wintersmog&#8220; beobachten. Im S\u00fcden und Westen sorgt das Hoch &#8222;Hugo f\u00fcr kr\u00e4ftiges Absinken. Beim Absinken erw\u00e4rmt sich die Luft und ist irgendwann w\u00e4rmer als die durch Ausstrahlung abgek\u00fchlte und schwere bodennahe Luft. An diesem Punkt sinkt die Luft nicht weiter ab, es bildet sich eine Inversion bzw. Sperrschicht. Derzeit weist die Inversion einen Temperaturunterschied meist zwischen 6 und 10 Grad auf. Da die absinkende w\u00e4rmere Luft meist auch mehr Feuchte enth\u00e4lt, kann sich im Grenzbereich oftmals eine Schichtbew\u00f6lkung, den sogenannten Hochnebel ausbilden. Aufgrund der Weihnachtsfeiertage und somit einem verringerten Verkehrsaufkommen sowie einer gedrosselten Industrie sollten Luftprobleme noch keine gr\u00f6\u00dfere Rolle spielen.&nbsp;<\/p>\n\n\n\n<p>Ab Freitagabend kommt dann wieder etwas Schwung in die untere Atmosph\u00e4re. Unser Hoch &#8222;Hugo&#8220; schw\u00e4chelt und der Nachfolger \u00fcber dem Ostatlantik ist auch noch nicht vollends in Schwung und reicht nicht bis nach Mitteleuropa. Die Chance lassen sich die Tiefdruckgebiete, die sich vorher meist zwischen Neufundland und Skandinavien tummelten, nicht entgehen und sto\u00dfen mit ihren Ausl\u00e4ufern weiter nach S\u00fcden vor. Die Folge sind auflebender Wind und zunehmende Niederschlagsneigung, sodass sich die Inversionswetterlage im S\u00fcden und Westen zumindest vor\u00fcbergehend entspannt.<\/p>\n\n\n\n<p>Dipl.-Met. Lars Kirchh\u00fcbel<\/p>\n\n\n\n<p>Deutscher Wetterdienst Vorhersage- und Beratungszentrale Offenbach, den 26.12.2018<\/p>\n\n\n\n<p>Copyright (c) Deutscher Wetterdienst<\/p>\n\n\n\n<figure class=\"wp-block-image\"><img loading=\"lazy\" decoding=\"async\" width=\"320\" height=\"190\" data-attachment-id=\"10445\" data-permalink=\"https:\/\/www.hossi-im-netz.de\/wordpress\/smog-ein-phaenomen-das-vielen-staedten-den-atem-nimmt\/160b7628-d175-416e-b8a4-3015a64b9b2e\/\" data-orig-file=\"https:\/\/www.hossi-im-netz.de\/wordpress\/wp-content\/uploads\/2018\/12\/160B7628-D175-416E-B8A4-3015A64B9B2E.jpeg\" data-orig-size=\"320,190\" data-comments-opened=\"1\" data-image-meta=\"{&quot;aperture&quot;:&quot;0&quot;,&quot;credit&quot;:&quot;&quot;,&quot;camera&quot;:&quot;&quot;,&quot;caption&quot;:&quot;&quot;,&quot;created_timestamp&quot;:&quot;0&quot;,&quot;copyright&quot;:&quot;&quot;,&quot;focal_length&quot;:&quot;0&quot;,&quot;iso&quot;:&quot;0&quot;,&quot;shutter_speed&quot;:&quot;0&quot;,&quot;title&quot;:&quot;&quot;,&quot;orientation&quot;:&quot;0&quot;}\" data-image-title=\"160B7628-D175-416E-B8A4-3015A64B9B2E\" data-image-description=\"\" data-image-caption=\"\" data-medium-file=\"https:\/\/www.hossi-im-netz.de\/wordpress\/wp-content\/uploads\/2018\/12\/160B7628-D175-416E-B8A4-3015A64B9B2E-300x178.jpeg\" data-large-file=\"https:\/\/www.hossi-im-netz.de\/wordpress\/wp-content\/uploads\/2018\/12\/160B7628-D175-416E-B8A4-3015A64B9B2E.jpeg\" src=\"https:\/\/www.hossi-im-netz.de\/wordpress\/wp-content\/uploads\/2018\/12\/160B7628-D175-416E-B8A4-3015A64B9B2E.jpeg\" alt=\"\" class=\"wp-image-10445\" srcset=\"https:\/\/www.hossi-im-netz.de\/wordpress\/wp-content\/uploads\/2018\/12\/160B7628-D175-416E-B8A4-3015A64B9B2E.jpeg 320w, https:\/\/www.hossi-im-netz.de\/wordpress\/wp-content\/uploads\/2018\/12\/160B7628-D175-416E-B8A4-3015A64B9B2E-300x178.jpeg 300w\" sizes=\"auto, (max-width: 320px) 100vw, 320px\" \/><\/figure>\n","protected":false},"excerpt":{"rendered":"<p>Smog &#8211; Ein Ph\u00e4nomen, das vielen St\u00e4dten den Atem nimmt Gut, dass Weihnachten ist! Eine intensive Inversionswetterlage mit Temperaturunterschieden zwischen <\/p>\n <a class=\"more-link\" href=\"https:\/\/www.hossi-im-netz.de\/wordpress\/smog-ein-phaenomen-das-vielen-staedten-den-atem-nimmt\/\"><span class=\"more-msg\">Weiterlesen &rarr;<\/span><\/a>","protected":false},"author":1,"featured_media":10446,"comment_status":"closed","ping_status":"open","sticky":false,"template":"","format":"standard","meta":{"_exactmetrics_skip_tracking":false,"_exactmetrics_sitenote_active":false,"_exactmetrics_sitenote_note":"","_exactmetrics_sitenote_category":0,"jetpack_post_was_ever_published":false,"_jetpack_newsletter_access":"","_jetpack_dont_email_post_to_subs":false,"_jetpack_newsletter_tier_id":0,"_jetpack_memberships_contains_paywalled_content":false,"_jetpack_memberships_contains_paid_content":false,"footnotes":"","jetpack_publicize_message":"","jetpack_publicize_feature_enabled":true,"jetpack_social_post_already_shared":true,"jetpack_social_options":{"image_generator_settings":{"template":"highway","default_image_id":0,"font":"","enabled":false},"version":2}},"categories":[37],"tags":[10813,335,366],"yst_prominent_words":[1215,3394,6303,10812,8375,10806,10808,2060,1216,10810,10811,5510,2061,6698,2098,10809,2453,8945,10807,2254],"class_list":["post-10444","post","type-post","status-publish","format-standard","has-post-thumbnail","hentry","category-wetterblog","tag-atem","tag-smog","tag-weihnachten"],"jetpack_publicize_connections":[],"jetpack_featured_media_url":"https:\/\/www.hossi-im-netz.de\/wordpress\/wp-content\/uploads\/2018\/12\/55A252B2-A3F4-47BB-89EF-A0C8BD52C66E.jpeg","jetpack_sharing_enabled":true,"jetpack_shortlink":"https:\/\/wp.me\/p5DnIb-2Is","jetpack-related-posts":[],"jetpack_likes_enabled":true,"_links":{"self":[{"href":"https:\/\/www.hossi-im-netz.de\/wordpress\/wp-json\/wp\/v2\/posts\/10444","targetHints":{"allow":["GET"]}}],"collection":[{"href":"https:\/\/www.hossi-im-netz.de\/wordpress\/wp-json\/wp\/v2\/posts"}],"about":[{"href":"https:\/\/www.hossi-im-netz.de\/wordpress\/wp-json\/wp\/v2\/types\/post"}],"author":[{"embeddable":true,"href":"https:\/\/www.hossi-im-netz.de\/wordpress\/wp-json\/wp\/v2\/users\/1"}],"replies":[{"embeddable":true,"href":"https:\/\/www.hossi-im-netz.de\/wordpress\/wp-json\/wp\/v2\/comments?post=10444"}],"version-history":[{"count":1,"href":"https:\/\/www.hossi-im-netz.de\/wordpress\/wp-json\/wp\/v2\/posts\/10444\/revisions"}],"predecessor-version":[{"id":10447,"href":"https:\/\/www.hossi-im-netz.de\/wordpress\/wp-json\/wp\/v2\/posts\/10444\/revisions\/10447"}],"wp:featuredmedia":[{"embeddable":true,"href":"https:\/\/www.hossi-im-netz.de\/wordpress\/wp-json\/wp\/v2\/media\/10446"}],"wp:attachment":[{"href":"https:\/\/www.hossi-im-netz.de\/wordpress\/wp-json\/wp\/v2\/media?parent=10444"}],"wp:term":[{"taxonomy":"category","embeddable":true,"href":"https:\/\/www.hossi-im-netz.de\/wordpress\/wp-json\/wp\/v2\/categories?post=10444"},{"taxonomy":"post_tag","embeddable":true,"href":"https:\/\/www.hossi-im-netz.de\/wordpress\/wp-json\/wp\/v2\/tags?post=10444"},{"taxonomy":"yst_prominent_words","embeddable":true,"href":"https:\/\/www.hossi-im-netz.de\/wordpress\/wp-json\/wp\/v2\/yst_prominent_words?post=10444"}],"curies":[{"name":"wp","href":"https:\/\/api.w.org\/{rel}","templated":true}]}}