{"id":10477,"date":"2019-01-02T18:52:16","date_gmt":"2019-01-02T16:52:16","guid":{"rendered":"http:\/\/www.hossi-im-netz.de\/wordpress\/?p=10477"},"modified":"2019-01-02T18:52:18","modified_gmt":"2019-01-02T16:52:18","slug":"von-sehr-gut-bis-mangelhaft-ein-persoenlicher-rueckblick-auf-das-wetterjahr-2018","status":"publish","type":"post","link":"https:\/\/www.hossi-im-netz.de\/wordpress\/von-sehr-gut-bis-mangelhaft-ein-persoenlicher-rueckblick-auf-das-wetterjahr-2018\/","title":{"rendered":"Von &#8222;sehr gut&#8220; bis &#8222;mangelhaft&#8220;: Ein pers\u00f6nlicher R\u00fcckblick auf das Wetterjahr 2018"},"content":{"rendered":"\n<h1 class=\"wp-block-heading\">Von &#8222;sehr gut&#8220; bis &#8222;mangelhaft&#8220;: Ein pers\u00f6nlicher R\u00fcckblick auf das Wetterjahr 2018<strong>D<\/strong><\/h1>\n\n\n\n<p>2018 war wettertechnisch in vielerlei Hinsicht extrem, die Medien titelten in den letzten Tagen h\u00e4ufig von einem &#8222;Rekordjahr&#8220;. Doch wie empfanden die Wetterfr\u00f6sche des DWD das Jahr 2018? Ein pers\u00f6nlicher R\u00fcckblick samt Schulnoten am letzten Tag des Jahres.<\/p>\n\n\n\n<p>Vor wenigen Tagen wurde bekannt, dass 2018 das w\u00e4rmste und sonnigste Jahr seit Beginn der Wetteraufzeichnung war. Durch die extreme Trockenheit von Februar bis November z\u00e4hlt es au\u00dferdem zu den niederschlags\u00e4rmsten seit 1881. Doch wie war das subjektive Empfinden der Menschen, die das Wetter t\u00e4glich vorhersagen? F\u00fcnf Meteorologen blicken zur\u00fcck:<\/p>\n\n\n\n<p>F\u00fcr Dipl.-Meteorologe Thomas Schumann sei die Zeit zwischen Winter und Sommer sch\u00f6n gewesen, auch wenn der Fr\u00fchling &#8222;faktisch nicht stattgefunden&#8220; habe, denn innerhalb weniger Tage habe der Wettergott den Hebel auf Sommer umgelegt. An den &#8222;endlosen Sommer&#8220;, in dem es seiner Meinung nach &#8222;etwas mehr und \u00f6fter h\u00e4tte regnen k\u00f6nnen&#8220;, werden wir seiner Meinung nach noch &#8222;lange zur\u00fcckdenken&#8220;. Auch dem Herbst konnte er positives abgewinnen, da &#8222;uns Herbstst\u00fcrme und endlose Nebellagen weitgehend verschonten&#8220;. Insgesamt benotet er das Wetterjahr mit einer &#8222;2&#8220;.<\/p>\n\n\n\n<p>Auch Meteorologe Reik Schaab erinnert sich an den Sommer, der &#8222;gef\u00fchlt von April bis Mitte November&#8220; ging und so &#8222;Steppenfeeling nach Rhein-Main brachte&#8220;. Er sieht die zwei Seiten der Medaille: &#8222;Was den Sonnenanbetern eine Freude war, war f\u00fcr die meisten Bauern ein Verdruss&#8220;. Auch wenn 2018, das &#8222;Jahr der Superlative&#8220; mit all den Rekordwerten nicht unbedingt seinen Idealen entspr\u00e4che, sei es meteorologisch interessant und verdiene eine &#8222;1-&#8222;.<\/p>\n\n\n\n<p>Deutlich h\u00e4rter geht Meteorologe Herrmann Kehrer mit dem Wetterjahr ins Gericht. Bereits im Februar sei es f\u00fcr ihn als &#8222;gro\u00dfer Schneefreund&#8220; sehr schade gewesen, dass praller Sonnenschein den wenigen Schnee rasch wegtaute. Als besonders &#8222;grausam&#8220; empfand er jedoch die Witterung ab Ende Juli, als der Sommer mit &#8222;unertr\u00e4glichen Temperaturen&#8220;, die an mehreren Tagen weit \u00fcber 35 Grad lagen, &#8222;zuschlug&#8220;. Er kritisiert auch viele Medien, die &#8222;nicht seri\u00f6s&#8220; berichtet, sondern die Witterung sch\u00f6ngeredet h\u00e4tten, &#8222;obwohl viele Menschen in Deutschland sehr darunter litten&#8220;. Seiner Meinung nach wird sich &#8222;diese Katastrophe wohl in der Natur noch \u00fcber Jahre hinweg auswirken&#8220;. W\u00e4ren die ersten Monate von 2018 nicht gewesen, h\u00e4tte er dem Wetterjahr eine &#8222;glatte 6&#8220; gegeben, so vergibt er insgesamt die Note &#8222;5&#8220;.<\/p>\n\n\n\n<p>F\u00fcr Dipl.-Meteorologin Jaqueline Kernn war das Wetterjahr 2018 vor allem eins: teuer. Im Sommer &#8222;legte ich mir eine Klimaanlage zu, um im Schlafzimmer Temperaturen unter 28 Grad zu erreichen&#8220;. Und im Herbst h\u00e4tte sie sich wegen des pl\u00f6tzlichen Fr\u00fchwinters einen Heizl\u00fcfter kaufen m\u00fcssen. Auch sie ist der Meinung, dass &#8222;der Sommer wohl allen auf ewig im Ged\u00e4chtnis&#8220; bleibt. Sie habe noch nie so viele Wasserkannen geschleppt f\u00fcr ihre Obst- und Gem\u00fcsepflanzen, allerdings habe sie auch noch nie so viele Tomaten an einer einzelnen Pflanze gehabt. 2018 bekommt von ihr eine &#8222;3+&#8220;.<\/p>\n\n\n\n<p>Ihr Kollege Dipl.-Meteorologe Peter Hartmann sa\u00df im Januar zun\u00e4chst &#8222;bangend und hoffend&#8220; im B\u00fcro, stand f\u00fcr ihn doch ein Urlaub in \u00d6sterreich bevor, wo zwar viel Schnee lag, der aber der prognostizierten Milderung zum Opfer werden schien. &#8222;Manchmal w\u00fcnscht man sich ja auch, dass die eigenen Prognosen nicht stimmen!&#8220;. Auch f\u00fcr ihn war der Sommer mit der &#8222;selten erlebten Hitzewelle&#8220; ein Thema, die selbst ihm &#8222;als W\u00e4rmeliebhaber doch ganz sch\u00f6n zusetzte&#8220;. Beim milden, oft tr\u00fcben und regenreichen Wetter der vergangenen Wochen im Dezember komme bei ihm zwar &#8222;nicht gerade Freude auf&#8220;, aber doch sei der Regen auf dem Weihnachtsmarkt leichter zu ertragen gewesen, da er der D\u00fcrre leichte Entspannung gebracht h\u00e4tte und quasi &#8222;f\u00fcr einen guten Zweck&#8220; gewesen sei. Insgesamt sei er &#8222;fast geneigt, dem Jahr die Note 2 auszuteilen&#8220;, da f\u00fcr seine meisten Unternehmungen das Wetter &#8222;sehr tauglich&#8220; gewesen sei. Da der sp\u00e4rliche Regen aber mehrmals sehr unpassend kam und seine Termine ins Wasser fallen lie\u00df, reiche es f\u00fcr ihn jedoch nur noch zur Note &#8222;3&#8220;.<\/p>\n\n\n\n<p>Zu einer leicht besseren Bewertung kommt die Autorin dieses Thema des Tages, die sich nach R\u00fcckkehr aus einer schneereichen Skiwoche in den Dolomiten Anfang April pl\u00f6tzlich im Sommer wiederfand und Thermounterw\u00e4sche gegen Bikini tauschen durfte. Die N\u00e4chte wurden in der kleinen Stadtwohnung zwar unertr\u00e4glich, aber geschlafen werden konnte ja tags\u00fcber im Freibad, wo bei unz\u00e4hligen Besuchen auch endlich die Kraultechnik besser wurde. Da das Wetter daran ma\u00dfgeblich mitbeteiligt war und die K\u00f6rbe mit Boskoop-\u00c4pfeln aus Omas Garten noch f\u00fcr viele leckere Apfelkuchen reichen werden, gibt&#8217;s von mir eine glatte &#8222;2&#8220;.&nbsp;<\/p>\n\n\n\n<p>Dipl.-Met. Magdalena Bertelmann<\/p>\n\n\n\n<p>Deutscher Wetterdienst Vorhersage- und Beratungszentrale Offenbach, den 31.12.2018<\/p>\n\n\n\n<p>Copyright (c) Deutscher Wetterdienst<\/p>\n","protected":false},"excerpt":{"rendered":"<p>Von &#8222;sehr gut&#8220; bis &#8222;mangelhaft&#8220;: Ein pers\u00f6nlicher R\u00fcckblick auf das Wetterjahr 2018D 2018 war wettertechnisch in vielerlei Hinsicht extrem, die Medien titelten in den letzten Tagen h\u00e4ufig von einem &#8222;Rekordjahr&#8220;. Doch wie empfanden die Wetterfr\u00f6sche des DWD das Jahr 2018? <span class=\"excerpt-dots\">&hellip;<\/span> <a class=\"more-link\" href=\"https:\/\/www.hossi-im-netz.de\/wordpress\/von-sehr-gut-bis-mangelhaft-ein-persoenlicher-rueckblick-auf-das-wetterjahr-2018\/\"><span class=\"more-msg\">Weiterlesen &rarr;<\/span><\/a><\/p>\n","protected":false},"author":1,"featured_media":10478,"comment_status":"open","ping_status":"closed","sticky":false,"template":"","format":"standard","meta":{"_exactmetrics_skip_tracking":false,"_exactmetrics_sitenote_active":false,"_exactmetrics_sitenote_note":"","_exactmetrics_sitenote_category":0,"jetpack_post_was_ever_published":false,"_jetpack_newsletter_access":"","_jetpack_dont_email_post_to_subs":false,"_jetpack_newsletter_tier_id":0,"_jetpack_memberships_contains_paywalled_content":false,"_jetpack_memberships_contains_paid_content":false,"footnotes":"","jetpack_publicize_message":"","jetpack_publicize_feature_enabled":true,"jetpack_social_post_already_shared":true,"jetpack_social_options":{"image_generator_settings":{"template":"highway","default_image_id":0,"font":"","enabled":false},"version":2}},"categories":[37],"tags":[9156,68,1317],"yst_prominent_words":[8659,3458,1216,10854,3031,10852,5689,3459,8374,10856,10855,10857,2749,10858,10850,9039,3007,1220,10853,10851],"class_list":["post-10477","post","type-post","status-publish","format-standard","has-post-thumbnail","hentry","category-wetterblog","tag-9156","tag-rueckblick","tag-wetterjahr"],"jetpack_publicize_connections":[],"jetpack_featured_media_url":"https:\/\/www.hossi-im-netz.de\/wordpress\/wp-content\/uploads\/2019\/01\/55BD5C95-A282-4E2D-A58D-31943D76DF1F.png","jetpack_sharing_enabled":true,"jetpack_shortlink":"https:\/\/wp.me\/p5DnIb-2IZ","jetpack-related-posts":[],"jetpack_likes_enabled":true,"_links":{"self":[{"href":"https:\/\/www.hossi-im-netz.de\/wordpress\/wp-json\/wp\/v2\/posts\/10477","targetHints":{"allow":["GET"]}}],"collection":[{"href":"https:\/\/www.hossi-im-netz.de\/wordpress\/wp-json\/wp\/v2\/posts"}],"about":[{"href":"https:\/\/www.hossi-im-netz.de\/wordpress\/wp-json\/wp\/v2\/types\/post"}],"author":[{"embeddable":true,"href":"https:\/\/www.hossi-im-netz.de\/wordpress\/wp-json\/wp\/v2\/users\/1"}],"replies":[{"embeddable":true,"href":"https:\/\/www.hossi-im-netz.de\/wordpress\/wp-json\/wp\/v2\/comments?post=10477"}],"version-history":[{"count":1,"href":"https:\/\/www.hossi-im-netz.de\/wordpress\/wp-json\/wp\/v2\/posts\/10477\/revisions"}],"predecessor-version":[{"id":10479,"href":"https:\/\/www.hossi-im-netz.de\/wordpress\/wp-json\/wp\/v2\/posts\/10477\/revisions\/10479"}],"wp:featuredmedia":[{"embeddable":true,"href":"https:\/\/www.hossi-im-netz.de\/wordpress\/wp-json\/wp\/v2\/media\/10478"}],"wp:attachment":[{"href":"https:\/\/www.hossi-im-netz.de\/wordpress\/wp-json\/wp\/v2\/media?parent=10477"}],"wp:term":[{"taxonomy":"category","embeddable":true,"href":"https:\/\/www.hossi-im-netz.de\/wordpress\/wp-json\/wp\/v2\/categories?post=10477"},{"taxonomy":"post_tag","embeddable":true,"href":"https:\/\/www.hossi-im-netz.de\/wordpress\/wp-json\/wp\/v2\/tags?post=10477"},{"taxonomy":"yst_prominent_words","embeddable":true,"href":"https:\/\/www.hossi-im-netz.de\/wordpress\/wp-json\/wp\/v2\/yst_prominent_words?post=10477"}],"curies":[{"name":"wp","href":"https:\/\/api.w.org\/{rel}","templated":true}]}}