{"id":10773,"date":"2019-02-25T20:51:12","date_gmt":"2019-02-25T18:51:12","guid":{"rendered":"http:\/\/www.hossi-im-netz.de\/wordpress\/?p=10773"},"modified":"2019-02-25T20:51:19","modified_gmt":"2019-02-25T18:51:19","slug":"der-strahlungshaushalt-der-erde","status":"publish","type":"post","link":"https:\/\/www.hossi-im-netz.de\/wordpress\/der-strahlungshaushalt-der-erde\/","title":{"rendered":"Der Strahlungshaushalt der Erde"},"content":{"rendered":"\n<p>Die Sonne liefert Energie, doch was passiert damit bei uns auf der Erde?<\/p>\n\n\n\n<p>Wenn wir Meteorologen im engeren Wetterkontext von &#8222;Strahlung&#8220; sprechen, meinen wir in der Regel die von der Sonne ausgehende elektromagnetische Wellenstrahlung. Was sich nach einem komplizierten physikalischen Ph\u00e4nomen anh\u00f6rt &#8211; und bei entsprechender Detailverliebtheit auch dazu wird &#8211; ist eigentlich etwas Allt\u00e4gliches, etwas, dass wir sehen und sp\u00fcren k\u00f6nnen. Die Sonne strahlt in alle Richtungen Energie in das Weltall und damit auch in Richtung unserer Erde. Einen Teil dieser Energie sehen wir als helles Sonnenlicht, einen anderen Teil sp\u00fcren wir nur als W\u00e4rme auf der Haut. Ersteres bezeichnet man als kurzwellige Strahlung, zu der auch die Sonnenbrand verursachende, nicht sichtbare UV-Strahlung geh\u00f6rt. Letzteres wird langwellige Strahlung, manchmal auch Infrarot- oder W\u00e4rmestrahlung genannt.&nbsp;<\/p>\n\n\n\n<p>Unter dem Strahlungshaushalt der Erde versteht man die Differenz der ankommenden und wieder abgegebenen Energie am Rande der Atmosph\u00e4re. Die von der Sonne auf die Oberseite der Atmosph\u00e4re treffende Strahlung ist zu einem \u00fcberwiegenden Teil kurzwellig. Im Mittel werden 30% dieser einfallenden kurzwelligen Strahlung wieder zur\u00fcck in das Weltall reflektiert. Dies geschieht zum Beispiel an der Oberkante von Wolken, an kleinen Partikeln in der Luft und auch am Boden. Dort weisen insbesondere die Schneefl\u00e4chen ein bez\u00fcglich dieser kurzwelligen Strahlung sehr hohes R\u00fcckstrahlverm\u00f6gen, die sog. Albedo, auf. Die restlichen 70% werden vom System Erde-Atmosph\u00e4re aufgenommen, also absorbiert, wobei die Atmosph\u00e4re 20%, der Erdboden 50% f\u00fcr sich beanspruchen. Wenn Sonnenstrahlung auf den Erdboden trifft und absorbiert wird (Wasserfl\u00e4chen und jegliche Art von Bebauungsfl\u00e4chen inbegriffen), dann erw\u00e4rmt er sich. In der Folge wird diese Energie fast vollst\u00e4ndig in Form von W\u00e4rmestrahlung wieder an die Luft abgegeben, wo klimawirksame Gase, die sog. Treibhausgase, diese zu einem sehr gro\u00dfen Teil absorbieren und wiederum an die Umgebung abgeben &#8211; auch zur\u00fcck in Richtung Erde. Erst durch diesen Treibhauseffekt &#8222;genie\u00dfen&#8220; wir ein vielerorts ertr\u00e4gliches Klima mit einer globalen Mitteltemperatur von +15 statt unwirtlichen -18 Grad (nat\u00fcrlich abz\u00fcglich des menschgemachten, anthropogenen Anteils am Treibhauseffekt). Stellt man die kurzwellige und die langwellige Bilanz gegen\u00fcber, ergibt sich f\u00fcr die Atmosph\u00e4re ein Verlust von 30 % der urspr\u00fcnglich ankommenden Sonnenstrahlung, f\u00fcr die Erdoberfl\u00e4che ein Gewinn von 30 % (siehe Grafik zur Veranschaulichung des Strahlungshaushalts auf https:\/\/www.dwd.de\/DE\/wetter\/thema_des_tages\/2019\/2\/20.html). Wie bei vielen Prozessen in der Natur, wird auch in diesem Fall versucht, dem Ungleichgewicht entgegenzuwirken. Damit sich die Erdoberfl\u00e4che nicht fortschreitend erw\u00e4rmt und die Atmosph\u00e4re abk\u00fchlt, sorgen sog. W\u00e4rmefl\u00fcsse vom Erdboden zur Atmosph\u00e4re f\u00fcr einen Ausgleich. Das kann durch Luftmassenumw\u00e4lzungen (Konvektion) in Form von &#8222;f\u00fchlbarem W\u00e4rmefluss&#8220; oder durch Verdunstung und Kondensation von Wasser in Form von &#8222;latentem W\u00e4rmefluss&#8220; geschehen.<\/p>\n\n\n\n<p>Der Strahlungshaushalt der Erde scheint somit vollends ausgeglichen, der Nettogewinn bzw. -verlust null und das Klima damit stabil -das gilt allerdings nur n\u00e4herungsweise global \u00fcber ein Jahr gemittelt und ohne Ber\u00fccksichtigung des Einflusses des menschlichen Handelns. Tats\u00e4chlich ist der Strahlungshaushalt starken r\u00e4umlichen und zeitlichen Schwankungen unterworfen. Die Ursachen daf\u00fcr sind vielf\u00e4ltig (Variationen in Bew\u00f6lkung, Boden- und Luftbeschaffenheit, insbesondere deren Albedo, usw.). Entscheidend f\u00fcr die Bilanz ist in jedem Fall aber der zeitlich variable &#8222;Sonnenstand&#8220;, also der Winkel, mit dem die Sonnenstrahlung auf die Atmosph\u00e4re trifft. Es resultieren neben den offenkundigen tageszeitlichen auch jahreszeitliche Schwankungen. In den Sommermonaten sorgt der im Mittel hohe Sonnenstand daf\u00fcr, dass mehr Energie auf die Atmosph\u00e4re trifft, wodurch die Bilanz positiv wird, genau umgekehrt in den Wintermonaten. Das ist auch der Grund, dass bei einer sonnigen Hochdruckwetterlage im Sommer auch ohne das Heranf\u00fchren von Warmluft alleine durch eine positive Strahlungsbilanz in der Regel Tag f\u00fcr Tag eine Erw\u00e4rmung zu verzeichnen ist, w\u00e4hrend im Winter bei ruhigen Hochdrucklagen eine negative Strahlungsbilanz eine allm\u00e4hliche Abk\u00fchlung zur Folge hat. Gemittelt \u00fcber ein Jahr und die geografische Breite zeigt sich in \u00c4quatorn\u00e4he eine positive, in Poln\u00e4he dagegen eine negative Strahlungsbilanz, wobei sich etwa zwischen 35 und 40 Grad n\u00f6rdlicher und s\u00fcdlicher Breite der &#8222;Umkehrpunkt&#8220; befindet (also beispielsweise etwa auf der Breite von S\u00fcdspanien).<\/p>\n\n\n\n<p>In den geografischen Breiten, in denen sich auch Deutschland befindet, ist die mittlere Strahlungsbilanz \u00fcber das Jahr gesehen im Mittel also leicht negativ, auch weil sie erst ab Anfang April ein positives, ab Ende August aber schon wieder ein negatives Vorzeichen bekommt (eine Animation der saisonalen Schwankungen der Strahlungsbilanz finden Sie als Link unter dem Artikel auf https:\/\/www.dwd.de\/DE\/wetter\/thema_des_tages\/2019\/2\/20.html). Ohne das Wetter bzw. die gro\u00dfr\u00e4umige Zirkulation als Ma\u00dfnahme der Natur, Energie von niedrigen in hohe Breiten zu transportieren und so das globale Energieungleichgewicht aufzuheben, w\u00fcrde es bei uns im vielj\u00e4hrigen Mittel immer k\u00e4lter werden. Man kann also mit Fug und Recht behaupten, dass die Sonne und der Strahlungshaushalt auf der Erde der Motor f\u00fcr unser Wetter darstellt.<\/p>\n\n\n\n<p>Dipl.-Met. Adrian Leyser<\/p>\n\n\n\n<p>Deutscher Wetterdienst Vorhersage- und Beratungszentrale Offenbach, den 20.02.2019<\/p>\n\n\n\n<p>Copyright (c) Deutscher Wetterdienst<\/p>\n\n\n\n<figure class=\"wp-block-image\"><img loading=\"lazy\" decoding=\"async\" width=\"1024\" height=\"826\" data-attachment-id=\"10774\" data-permalink=\"https:\/\/www.hossi-im-netz.de\/wordpress\/der-strahlungshaushalt-der-erde\/20_bild\/\" data-orig-file=\"https:\/\/www.hossi-im-netz.de\/wordpress\/wp-content\/uploads\/2019\/02\/20_Bild.png\" data-orig-size=\"1920,1548\" data-comments-opened=\"1\" data-image-meta=\"{&quot;aperture&quot;:&quot;0&quot;,&quot;credit&quot;:&quot;&quot;,&quot;camera&quot;:&quot;&quot;,&quot;caption&quot;:&quot;&quot;,&quot;created_timestamp&quot;:&quot;0&quot;,&quot;copyright&quot;:&quot;&quot;,&quot;focal_length&quot;:&quot;0&quot;,&quot;iso&quot;:&quot;0&quot;,&quot;shutter_speed&quot;:&quot;0&quot;,&quot;title&quot;:&quot;&quot;,&quot;orientation&quot;:&quot;0&quot;}\" data-image-title=\"20_Bild\" data-image-description=\"\" data-image-caption=\"\" data-medium-file=\"https:\/\/www.hossi-im-netz.de\/wordpress\/wp-content\/uploads\/2019\/02\/20_Bild-300x242.png\" data-large-file=\"https:\/\/www.hossi-im-netz.de\/wordpress\/wp-content\/uploads\/2019\/02\/20_Bild-1024x826.png\" src=\"https:\/\/www.hossi-im-netz.de\/wordpress\/wp-content\/uploads\/2019\/02\/20_Bild-1024x826.png\" alt=\"\" class=\"wp-image-10774\" srcset=\"https:\/\/www.hossi-im-netz.de\/wordpress\/wp-content\/uploads\/2019\/02\/20_Bild-1024x826.png 1024w, https:\/\/www.hossi-im-netz.de\/wordpress\/wp-content\/uploads\/2019\/02\/20_Bild-300x242.png 300w, https:\/\/www.hossi-im-netz.de\/wordpress\/wp-content\/uploads\/2019\/02\/20_Bild-768x619.png 768w, https:\/\/www.hossi-im-netz.de\/wordpress\/wp-content\/uploads\/2019\/02\/20_Bild.png 1920w\" sizes=\"auto, (max-width: 1024px) 100vw, 1024px\" \/><\/figure>\n","protected":false},"excerpt":{"rendered":"<p>Die Sonne liefert Energie, doch was passiert damit bei uns auf der Erde? Wenn wir Meteorologen im engeren Wetterkontext von &#8222;Strahlung&#8220; sprechen, meinen wir in der Regel die von der Sonne ausgehende elektromagnetische Wellenstrahlung. Was sich nach einem komplizierten physikalischen <span class=\"excerpt-dots\">&hellip;<\/span> <a class=\"more-link\" href=\"https:\/\/www.hossi-im-netz.de\/wordpress\/der-strahlungshaushalt-der-erde\/\"><span class=\"more-msg\">Weiterlesen &rarr;<\/span><\/a><\/p>\n","protected":false},"author":1,"featured_media":10774,"comment_status":"open","ping_status":"closed","sticky":false,"template":"","format":"standard","meta":{"_exactmetrics_skip_tracking":false,"_exactmetrics_sitenote_active":false,"_exactmetrics_sitenote_note":"","_exactmetrics_sitenote_category":0,"jetpack_post_was_ever_published":false,"_jetpack_newsletter_access":"","_jetpack_dont_email_post_to_subs":false,"_jetpack_newsletter_tier_id":0,"_jetpack_memberships_contains_paywalled_content":false,"_jetpack_memberships_contains_paid_content":false,"footnotes":"","jetpack_publicize_message":"","jetpack_publicize_feature_enabled":true,"jetpack_social_post_already_shared":true,"jetpack_social_options":{"image_generator_settings":{"template":"highway","default_image_id":0,"font":"","enabled":false},"version":2}},"categories":[37],"tags":[587,76,11120],"yst_prominent_words":[2097,11118,11125,1216,2129,7284,2798,6728,11117,2655,11119,11126,11123,2211,11124,3184,11122,11121,11116,7425],"class_list":["post-10773","post","type-post","status-publish","format-standard","has-post-thumbnail","hentry","category-wetterblog","tag-erde","tag-strahlung","tag-strahlungshaushalt"],"jetpack_publicize_connections":[],"jetpack_featured_media_url":"https:\/\/www.hossi-im-netz.de\/wordpress\/wp-content\/uploads\/2019\/02\/20_Bild.png","jetpack_sharing_enabled":true,"jetpack_shortlink":"https:\/\/wp.me\/p5DnIb-2NL","jetpack-related-posts":[],"jetpack_likes_enabled":true,"_links":{"self":[{"href":"https:\/\/www.hossi-im-netz.de\/wordpress\/wp-json\/wp\/v2\/posts\/10773","targetHints":{"allow":["GET"]}}],"collection":[{"href":"https:\/\/www.hossi-im-netz.de\/wordpress\/wp-json\/wp\/v2\/posts"}],"about":[{"href":"https:\/\/www.hossi-im-netz.de\/wordpress\/wp-json\/wp\/v2\/types\/post"}],"author":[{"embeddable":true,"href":"https:\/\/www.hossi-im-netz.de\/wordpress\/wp-json\/wp\/v2\/users\/1"}],"replies":[{"embeddable":true,"href":"https:\/\/www.hossi-im-netz.de\/wordpress\/wp-json\/wp\/v2\/comments?post=10773"}],"version-history":[{"count":1,"href":"https:\/\/www.hossi-im-netz.de\/wordpress\/wp-json\/wp\/v2\/posts\/10773\/revisions"}],"predecessor-version":[{"id":10775,"href":"https:\/\/www.hossi-im-netz.de\/wordpress\/wp-json\/wp\/v2\/posts\/10773\/revisions\/10775"}],"wp:featuredmedia":[{"embeddable":true,"href":"https:\/\/www.hossi-im-netz.de\/wordpress\/wp-json\/wp\/v2\/media\/10774"}],"wp:attachment":[{"href":"https:\/\/www.hossi-im-netz.de\/wordpress\/wp-json\/wp\/v2\/media?parent=10773"}],"wp:term":[{"taxonomy":"category","embeddable":true,"href":"https:\/\/www.hossi-im-netz.de\/wordpress\/wp-json\/wp\/v2\/categories?post=10773"},{"taxonomy":"post_tag","embeddable":true,"href":"https:\/\/www.hossi-im-netz.de\/wordpress\/wp-json\/wp\/v2\/tags?post=10773"},{"taxonomy":"yst_prominent_words","embeddable":true,"href":"https:\/\/www.hossi-im-netz.de\/wordpress\/wp-json\/wp\/v2\/yst_prominent_words?post=10773"}],"curies":[{"name":"wp","href":"https:\/\/api.w.org\/{rel}","templated":true}]}}