{"id":10781,"date":"2019-02-26T13:51:06","date_gmt":"2019-02-26T11:51:06","guid":{"rendered":"http:\/\/www.hossi-im-netz.de\/wordpress\/?p=10781"},"modified":"2019-02-26T13:51:08","modified_gmt":"2019-02-26T11:51:08","slug":"internationaler-tag-des-eisbaeren","status":"publish","type":"post","link":"https:\/\/www.hossi-im-netz.de\/wordpress\/internationaler-tag-des-eisbaeren\/","title":{"rendered":"Internationaler Tag des Eisb\u00e4ren"},"content":{"rendered":"\n<p>Anl\u00e4sslich des am morgigen Mittwoch anstehenden &#8222;Internationalen Tages des Eisb\u00e4ren&#8220; r\u00fcckt dieses faszinierende Tier bei uns bereits heute im Thema des Tages in den Fokus.<\/p>\n\n\n\n<p>Sie sind unheimlich kuschelig und ihr Fell strahlt in einem flauschigen Wei\u00df. So werden Eisb\u00e4ren in vielen Kinderb\u00fcchern dargestellt und entz\u00fccken Kinderherzen. Als Kuscheltier sind sie ein knuddeliger Begleiter, erobern Kinoleinw\u00e4nde oder werden in einem Zoo zu Medienstars, man erinnere sich an das Eisb\u00e4rbaby Knut im Zoologischen Garten Berlins.&nbsp;<\/p>\n\n\n\n<p>Die Realit\u00e4t sieht sicher etwas anders aus. Der Eisb\u00e4r ist ein Raubtier und eng mit dem Braunb\u00e4ren verwandt. Zu Hause ist er nat\u00fcrlich nicht im Berliner Zoo sondern vielmehr in den n\u00f6rdlichen Polarregionen. Diese umfassen die n\u00f6rdliche Polarkappe, das zum Gro\u00dfteil von Eis bedeckte Nordpolarmeer sowie die n\u00f6rdlichen Ausl\u00e4ufer der Kontinente Nordamerika, Asien und Europa und k\u00f6nnen zusammengefasst als Arktis bezeichnet werden.&nbsp;<\/p>\n\n\n\n<p>Au\u00dferdem ist der zottelige &#8222;wei\u00dfe Riese&#8220; nicht ganz so kuschelig, wie es auf den ersten Blick scheint. Das Schwergewicht bringt zwischen 300 und 900 Kilogramm auf die Waage und z\u00e4hlt zu einem der gr\u00f6\u00dften B\u00e4ren der Welt. Immerhin erreicht er typischerweise eine Gr\u00f6\u00dfe von 1 bis 1,5 Metern, stellt er sich auf seine Hinterbeine erreicht er sogar eine Gr\u00f6\u00dfe von \u00fcber 3 Metern. Dem Menschen gegen\u00fcber ist der Eisb\u00e4r auch nicht besonders friedlich gesinnt, sieht er ihn doch eher als Leckerbissen statt als besten Freund an. Ihr Fell scheint bei n\u00e4herem Hinsehen nicht gerade strahlend wei\u00df sondern vielmehr versehen mit einem Gelbton, was daran liegt, dass die \u00e4u\u00dferen Fellhaare hohl und transparent sind. Zudem ist das Fell sehr \u00f6lig und wasserabweisend. Dies ist wichtig zur Isolation gegen die arktische K\u00e4lte, die im Winter durchaus -50 Grad Celsius erreichen kann.&nbsp;<\/p>\n\n\n\n<p>Aufgrund von Schwimmh\u00e4uten an den Tatzen sind die Eisb\u00e4ren schnelle Schwimmer und dazu noch sehr ausdauernd. Am St\u00fcck k\u00f6nnen sie mehrere hundert Kilometer weit schwimmen. Aber auch zu Land wandern sie weite Strecken und machen auch bei Kurzsprints mit bis zu 30 Kilometern pro Stunde eine gute Figur. Jedoch halten sie dieses Tempo nicht allzu lange durch, besteht doch die Gefahr der \u00dcberhitzung. Dann w\u00e4lzen sie sich zur Abk\u00fchlung im kalten Schnee oder springen kurz ins &#8222;eisige Nass&#8220;.&nbsp;<\/p>\n\n\n\n<p>Allerdings ist der Lebensraum der Eisb\u00e4ren in freier Wildbahn bedroht. Aufgrund der Klimaerw\u00e4rmung, besonders in den polaren Regionen, verringert sich die Ausdehnung des Meereises zunehmend. Im Mittel \u00fcber die vergangenen Jahrzehnte erh\u00f6ht sich die durchschnittliche Lufttemperatur in der Arktis etwa doppelt so schnell wie die globale Durchschnittstemperatur. Den Eisb\u00e4ren schmilzt also f\u00f6rmlich der Lebensraum unter dem Hintern weg.&nbsp;<\/p>\n\n\n\n<p>Dies verdeutlicht auch eine Grafik des &#8222;National Snow and Ice Data Center&#8220; in Boulder (USA). Dargestellt ist die durchschnittliche monatliche Meereisausdehnung in Millionen Quadratkilometern des arktischen Eises im Januar \u00fcber einen Zeitraum von 40 Jahren von 1979 bis 2019. Die blaue Linie zeigt dabei eindeutig den R\u00fcckgang der Meereisausdehnung. Eine \u00dcbersicht \u00fcber weitere Monatsmittel finden Sie \u00fcbrigens in der Linksammlung weiter unten. Doch was bedeutet dies nun f\u00fcr die Eisb\u00e4ren?&nbsp;<\/p>\n\n\n\n<p>Das schwindende und im Fr\u00fchjahr zudem noch fr\u00fcher aufbrechende Meereis verk\u00fcrzt und erschwert die Nahrungsbeschaffung f\u00fcr den Eisb\u00e4ren und damit auch die Ern\u00e4hrung f\u00fcr den Eisb\u00e4r-Nachwuchs. Aber damit nicht genug. Die sich \u00e4ndernde Meereisverteilung hat dar\u00fcber hinaus auch Einfluss auf den Austausch zwischen Atmosph\u00e4re und Ozean. Denn schrumpfendes Meereis gibt wiederum Meerwasser frei, das aufgrund des niedrigeren Reflexionsverm\u00f6gens (Albedo) von der Sonne st\u00e4rker erw\u00e4rmt wird als helle Schnee- oder Eisfl\u00e4chen. Dies f\u00fchrt folglich zur weiteren Erw\u00e4rmung des Wassers, wodurch sich die Tauprozesse des Meereises nur noch weiter verst\u00e4rken.&nbsp;<\/p>\n\n\n\n<p>Am morgigen Mittwoch, dem &#8222;Internationalen Tag des Eisb\u00e4ren&#8220;, soll auf den schwindenden Lebensraum der Eisb\u00e4ren aufmerksam gemacht werden. Aber auch weitere Faktoren wie Umweltverschmutzungen, die verst\u00e4rkt kommerzielle Nutzung der Arktis, Krankheiten usw. stellen eine Gefahr f\u00fcr die nach Sch\u00e4tzungen der IUCN (Weltnaturschutzunion) etwa 26.000 Eisb\u00e4ren dieser Welt dar. Wenn der Lebensraum weiter zur\u00fcckgeht, &#8222;brauchen wohl auch Eisb\u00e4ren bald Asyl&#8220;, wie man auf einem Plakat eines Sch\u00fclers bei einer &#8222;Fridays for Future&#8220;-Demo in Schweinfurt am vergangenen Freitag lesen konnte.<\/p>\n\n\n\n<p>MSc.-Met. Sebastian Schappert<\/p>\n\n\n\n<p>Deutscher Wetterdienst Vorhersage- und Beratungszentrale Offenbach, den 26.02.2019<\/p>\n\n\n\n<p>Copyright (c) Deutscher Wetterdienst<\/p>\n\n\n\n<figure class=\"wp-block-image\"><img loading=\"lazy\" decoding=\"async\" width=\"804\" height=\"1024\" data-attachment-id=\"10782\" data-permalink=\"https:\/\/www.hossi-im-netz.de\/wordpress\/internationaler-tag-des-eisbaeren\/5e7b49c8-6e12-4eba-a411-bb049d711371\/\" data-orig-file=\"https:\/\/www.hossi-im-netz.de\/wordpress\/wp-content\/uploads\/2019\/02\/5E7B49C8-6E12-4EBA-A411-BB049D711371.jpeg\" data-orig-size=\"906,1154\" data-comments-opened=\"1\" data-image-meta=\"{&quot;aperture&quot;:&quot;0&quot;,&quot;credit&quot;:&quot;Schappert Sebastian&quot;,&quot;camera&quot;:&quot;&quot;,&quot;caption&quot;:&quot;&quot;,&quot;created_timestamp&quot;:&quot;1551168247&quot;,&quot;copyright&quot;:&quot;&quot;,&quot;focal_length&quot;:&quot;0&quot;,&quot;iso&quot;:&quot;0&quot;,&quot;shutter_speed&quot;:&quot;0&quot;,&quot;title&quot;:&quot;&quot;,&quot;orientation&quot;:&quot;0&quot;}\" data-image-title=\"5E7B49C8-6E12-4EBA-A411-BB049D711371\" data-image-description=\"\" data-image-caption=\"\" data-medium-file=\"https:\/\/www.hossi-im-netz.de\/wordpress\/wp-content\/uploads\/2019\/02\/5E7B49C8-6E12-4EBA-A411-BB049D711371-236x300.jpeg\" data-large-file=\"https:\/\/www.hossi-im-netz.de\/wordpress\/wp-content\/uploads\/2019\/02\/5E7B49C8-6E12-4EBA-A411-BB049D711371-804x1024.jpeg\" src=\"https:\/\/www.hossi-im-netz.de\/wordpress\/wp-content\/uploads\/2019\/02\/5E7B49C8-6E12-4EBA-A411-BB049D711371-804x1024.jpeg\" alt=\"\" class=\"wp-image-10782\" srcset=\"https:\/\/www.hossi-im-netz.de\/wordpress\/wp-content\/uploads\/2019\/02\/5E7B49C8-6E12-4EBA-A411-BB049D711371-804x1024.jpeg 804w, https:\/\/www.hossi-im-netz.de\/wordpress\/wp-content\/uploads\/2019\/02\/5E7B49C8-6E12-4EBA-A411-BB049D711371-236x300.jpeg 236w, https:\/\/www.hossi-im-netz.de\/wordpress\/wp-content\/uploads\/2019\/02\/5E7B49C8-6E12-4EBA-A411-BB049D711371-768x978.jpeg 768w, https:\/\/www.hossi-im-netz.de\/wordpress\/wp-content\/uploads\/2019\/02\/5E7B49C8-6E12-4EBA-A411-BB049D711371.jpeg 906w\" sizes=\"auto, (max-width: 804px) 100vw, 804px\" \/><\/figure>\n","protected":false},"excerpt":{"rendered":"<p>Anl\u00e4sslich des am morgigen Mittwoch anstehenden &#8222;Internationalen Tages des Eisb\u00e4ren&#8220; r\u00fcckt dieses faszinierende Tier bei uns bereits heute im Thema des Tages in den Fokus. Sie sind unheimlich kuschelig und ihr Fell strahlt in einem flauschigen Wei\u00df. So werden Eisb\u00e4ren <span class=\"excerpt-dots\">&hellip;<\/span> <a class=\"more-link\" href=\"https:\/\/www.hossi-im-netz.de\/wordpress\/internationaler-tag-des-eisbaeren\/\"><span class=\"more-msg\">Weiterlesen &rarr;<\/span><\/a><\/p>\n","protected":false},"author":1,"featured_media":10782,"comment_status":"open","ping_status":"closed","sticky":false,"template":"","format":"standard","meta":{"_exactmetrics_skip_tracking":false,"_exactmetrics_sitenote_active":false,"_exactmetrics_sitenote_note":"","_exactmetrics_sitenote_category":0,"jetpack_post_was_ever_published":false,"_jetpack_newsletter_access":"","_jetpack_dont_email_post_to_subs":false,"_jetpack_newsletter_tier_id":0,"_jetpack_memberships_contains_paywalled_content":false,"_jetpack_memberships_contains_paid_content":false,"footnotes":"","jetpack_publicize_message":"","jetpack_publicize_feature_enabled":true,"jetpack_social_post_already_shared":true,"jetpack_social_options":{"image_generator_settings":{"template":"highway","default_image_id":0,"font":"","enabled":false},"version":2}},"categories":[37],"tags":[11136],"yst_prominent_words":[3012,4393,1216,6060,11134,11127,2751,11130,11132,11135,11129,11128,1420,3111,10936,2451,6585,9900,11109,11133],"class_list":["post-10781","post","type-post","status-publish","format-standard","has-post-thumbnail","hentry","category-wetterblog","tag-eisbaeren"],"jetpack_publicize_connections":[],"jetpack_featured_media_url":"https:\/\/www.hossi-im-netz.de\/wordpress\/wp-content\/uploads\/2019\/02\/5E7B49C8-6E12-4EBA-A411-BB049D711371.jpeg","jetpack_sharing_enabled":true,"jetpack_shortlink":"https:\/\/wp.me\/p5DnIb-2NT","jetpack-related-posts":[],"jetpack_likes_enabled":true,"_links":{"self":[{"href":"https:\/\/www.hossi-im-netz.de\/wordpress\/wp-json\/wp\/v2\/posts\/10781","targetHints":{"allow":["GET"]}}],"collection":[{"href":"https:\/\/www.hossi-im-netz.de\/wordpress\/wp-json\/wp\/v2\/posts"}],"about":[{"href":"https:\/\/www.hossi-im-netz.de\/wordpress\/wp-json\/wp\/v2\/types\/post"}],"author":[{"embeddable":true,"href":"https:\/\/www.hossi-im-netz.de\/wordpress\/wp-json\/wp\/v2\/users\/1"}],"replies":[{"embeddable":true,"href":"https:\/\/www.hossi-im-netz.de\/wordpress\/wp-json\/wp\/v2\/comments?post=10781"}],"version-history":[{"count":1,"href":"https:\/\/www.hossi-im-netz.de\/wordpress\/wp-json\/wp\/v2\/posts\/10781\/revisions"}],"predecessor-version":[{"id":10783,"href":"https:\/\/www.hossi-im-netz.de\/wordpress\/wp-json\/wp\/v2\/posts\/10781\/revisions\/10783"}],"wp:featuredmedia":[{"embeddable":true,"href":"https:\/\/www.hossi-im-netz.de\/wordpress\/wp-json\/wp\/v2\/media\/10782"}],"wp:attachment":[{"href":"https:\/\/www.hossi-im-netz.de\/wordpress\/wp-json\/wp\/v2\/media?parent=10781"}],"wp:term":[{"taxonomy":"category","embeddable":true,"href":"https:\/\/www.hossi-im-netz.de\/wordpress\/wp-json\/wp\/v2\/categories?post=10781"},{"taxonomy":"post_tag","embeddable":true,"href":"https:\/\/www.hossi-im-netz.de\/wordpress\/wp-json\/wp\/v2\/tags?post=10781"},{"taxonomy":"yst_prominent_words","embeddable":true,"href":"https:\/\/www.hossi-im-netz.de\/wordpress\/wp-json\/wp\/v2\/yst_prominent_words?post=10781"}],"curies":[{"name":"wp","href":"https:\/\/api.w.org\/{rel}","templated":true}]}}