{"id":1124,"date":"2015-07-28T13:19:22","date_gmt":"2015-07-28T11:19:22","guid":{"rendered":"http:\/\/www.hossi-im-netz.de\/wordpress\/?p=1124"},"modified":"2015-07-28T13:19:22","modified_gmt":"2015-07-28T11:19:22","slug":"1124","status":"publish","type":"post","link":"https:\/\/www.hossi-im-netz.de\/wordpress\/1124\/","title":{"rendered":""},"content":{"rendered":"<h2>Schon Herbst?<\/h2>\n<div style=\"text-align: justify;\">Das derzeitige Wetter kann durchaus leicht herbstlich anmuten: Am vergangenen Samstag beehrte uns Sturmtief Zeljko &#8211; vielerorts mit st\u00fcrmischen B\u00f6en oder Sturmb\u00f6en, vor allem an den K\u00fcsten und im Bergland mit schweren Sturmb\u00f6en, vereinzelt sogar orkanartigen B\u00f6en oder Orkanb\u00f6en (siehe auch Thema des Tages vom 27.07.2015). Und nun hat uns Tief Andreas erreicht, das sich in den kommenden Tagen nahezu ortsfest \u00fcber D\u00e4nemark befindet und sich nachfolgend nur langsam in Richtung Ostsee und Finnland zur\u00fcckzieht, um zum Freitag hin den Einfluss auf unser Wetter zu verlieren. Auch Andreas hat einiges an Wind im Gep\u00e4ck, wenngleich nicht in so markanter Auspr\u00e4gung wie sein Vorg\u00e4nger Zeljko. So muss am heutigen Dienstag erneut recht verbreitet mit steifen B\u00f6en, vor allem an den K\u00fcsten und im Bergland, aber auch bei Schauern oder Gewittern mit Sturmb\u00f6en gerechnet werden. Auch an den Folgetagen bleibt es besonders im Norden windig, besonders an den K\u00fcsten und bei kr\u00e4ftigeren Schauern oder Gewittern auch st\u00fcrmisch bzw. mit Sturmb\u00f6en.<\/p>\n<p>Zu den windigen Verh\u00e4ltnissen gesellen sich meist viele Wolken und vor allem in den n\u00f6rdlichen Landesteilen immer wieder auftretende Schauer und auch mal ein kurzes Gewitter. In der Mitte und im S\u00fcden gestaltet sich das Wetter etwas freundlicher, die Sonne kann sich h\u00e4ufiger und teils auch l\u00e4nger zeigen und Schauer sollten eher die Ausnahme sein. Zum morgigen Mittwoch erreicht allerdings auch den S\u00fcden kompaktere Bew\u00f6lkung, aus der es zeitweise, aber meist leicht regnet. Dieser Regen dauert dann vor allem in Alpenn\u00e4he \u00fcber l\u00e4ngere Zeit an. N\u00f6rdlich davon schlie\u00dft sich ein Bereich an, in dem es wechselnd bew\u00f6lkt und meist trocken bleibt. Die Nordh\u00e4lfte erlebt weiterhin recht herbstliches, mit anderen Worten windiges und zu Schauern oder auch kurzen Gewittern neigendes Wetter.<\/p>\n<p>Und auch die Temperaturen tragen ihren Teil zum herbstlichen Wettercharakter bei: Die Tagesh\u00f6chstwerte liegen bei k\u00fchlen 17 bis 19 Grad an den K\u00fcsten, sonst werden je nach Sonnenscheindauer 19 bis etwa 22 Grad erreicht. Mit dem Wind zusammen f\u00fchlen sich die Temperaturen zudem noch etwas niedriger an, als sie ohnehin schon sind.<\/p>\n<p>Der Donnerstag bringt ebenfalls keine durchgreifende Wetter\u00e4nderung, erst im Laufe des Freitages verliert Tief Andreas seinen Einfluss auch auf die n\u00f6rdlichsten Regionen Deutschlands.<\/p>\n<p>Nun dr\u00e4ngt sich noch die Frage auf, ob es das nun bereits mit dem sommerlichen Wetter gewesen ist &#8211; die einen hoffen vielleicht auf ein Comeback der hochsommerlichen Temperaturen mit Sonne satt und lauem L\u00fcftchen, w\u00e4hrend man anderswo das aktuelle Wetter genie\u00dft&#8230;!<\/p>\n<p>Tja, der Trend ab Beginn der kommenden Woche, also der ersten Augustwoche, zeigt in Richtung eines Sommer-Comebacks. Mit einer auf S\u00fcdwest bis S\u00fcd drehenden Str\u00f6mung d\u00fcrfte die warme bis hei\u00dfe Luft erneut nach Deutschland vorsto\u00dfen. Wie weit diese nach Norden vorankommt und ob dann wiederum vor allem der S\u00fcden oder ganz Deutschland in den Bereich mit m\u00f6glichen Sommertagen (H\u00f6chsttemperatur mehr als 25 Grad) oder gar hei\u00dfen Tagen (H\u00f6chsttemperatur mehr als 30 Grad) gelangt, bleibt aber noch abzuwarten.<\/p>\n<p>Dipl.-Met. Sabine Kr\u00fcger Deutscher Wetterdienst Vorhersage- und Beratungszentrale Offenbach, den 28.07.2015 Copyright (c) <a href=\"http:\/\/www.dwd.de\" target=\"_blank\">Deutscher Wetterdienst<\/a><\/div>\n","protected":false},"excerpt":{"rendered":"<p>Schon Herbst? Das derzeitige Wetter kann durchaus leicht herbstlich anmuten: Am vergangenen Samstag beehrte uns Sturmtief Zeljko &#8211; vielerorts mit st\u00fcrmischen B\u00f6en oder Sturmb\u00f6en, vor allem an den K\u00fcsten und im Bergland mit schweren Sturmb\u00f6en, vereinzelt sogar orkanartigen B\u00f6en oder <span class=\"excerpt-dots\">&hellip;<\/span> <a class=\"more-link\" href=\"https:\/\/www.hossi-im-netz.de\/wordpress\/1124\/\"><span class=\"more-msg\">Weiterlesen &rarr;<\/span><\/a><\/p>\n","protected":false},"author":1,"featured_media":1125,"comment_status":"open","ping_status":"closed","sticky":false,"template":"","format":"standard","meta":{"_exactmetrics_skip_tracking":false,"_exactmetrics_sitenote_active":false,"_exactmetrics_sitenote_note":"","_exactmetrics_sitenote_category":0,"jetpack_post_was_ever_published":false,"_jetpack_newsletter_access":"","_jetpack_dont_email_post_to_subs":false,"_jetpack_newsletter_tier_id":0,"_jetpack_memberships_contains_paywalled_content":false,"_jetpack_memberships_contains_paid_content":false,"footnotes":"","jetpack_publicize_message":"","jetpack_publicize_feature_enabled":true,"jetpack_social_post_already_shared":true,"jetpack_social_options":{"image_generator_settings":{"template":"highway","default_image_id":0,"font":"","enabled":false},"version":2}},"categories":[37],"tags":[218,213],"yst_prominent_words":[6910,7611,7610,5989,1216,2751,4425,5566,3794,7607,7612,6698,4095,7608,1414,2453,1451,7609,1220,7566],"class_list":["post-1124","post","type-post","status-publish","format-standard","has-post-thumbnail","hentry","category-wetterblog","tag-herbst","tag-sturm"],"jetpack_publicize_connections":[],"jetpack_featured_media_url":"https:\/\/www.hossi-im-netz.de\/wordpress\/wp-content\/uploads\/2015\/07\/rain-122691_1280.jpg","jetpack_sharing_enabled":true,"jetpack_shortlink":"https:\/\/wp.me\/s5DnIb-1124","jetpack-related-posts":[],"jetpack_likes_enabled":true,"_links":{"self":[{"href":"https:\/\/www.hossi-im-netz.de\/wordpress\/wp-json\/wp\/v2\/posts\/1124","targetHints":{"allow":["GET"]}}],"collection":[{"href":"https:\/\/www.hossi-im-netz.de\/wordpress\/wp-json\/wp\/v2\/posts"}],"about":[{"href":"https:\/\/www.hossi-im-netz.de\/wordpress\/wp-json\/wp\/v2\/types\/post"}],"author":[{"embeddable":true,"href":"https:\/\/www.hossi-im-netz.de\/wordpress\/wp-json\/wp\/v2\/users\/1"}],"replies":[{"embeddable":true,"href":"https:\/\/www.hossi-im-netz.de\/wordpress\/wp-json\/wp\/v2\/comments?post=1124"}],"version-history":[{"count":1,"href":"https:\/\/www.hossi-im-netz.de\/wordpress\/wp-json\/wp\/v2\/posts\/1124\/revisions"}],"predecessor-version":[{"id":1126,"href":"https:\/\/www.hossi-im-netz.de\/wordpress\/wp-json\/wp\/v2\/posts\/1124\/revisions\/1126"}],"wp:featuredmedia":[{"embeddable":true,"href":"https:\/\/www.hossi-im-netz.de\/wordpress\/wp-json\/wp\/v2\/media\/1125"}],"wp:attachment":[{"href":"https:\/\/www.hossi-im-netz.de\/wordpress\/wp-json\/wp\/v2\/media?parent=1124"}],"wp:term":[{"taxonomy":"category","embeddable":true,"href":"https:\/\/www.hossi-im-netz.de\/wordpress\/wp-json\/wp\/v2\/categories?post=1124"},{"taxonomy":"post_tag","embeddable":true,"href":"https:\/\/www.hossi-im-netz.de\/wordpress\/wp-json\/wp\/v2\/tags?post=1124"},{"taxonomy":"yst_prominent_words","embeddable":true,"href":"https:\/\/www.hossi-im-netz.de\/wordpress\/wp-json\/wp\/v2\/yst_prominent_words?post=1124"}],"curies":[{"name":"wp","href":"https:\/\/api.w.org\/{rel}","templated":true}]}}