{"id":12509,"date":"2020-03-02T11:13:43","date_gmt":"2020-03-02T09:13:43","guid":{"rendered":"http:\/\/www.hossi-im-netz.de\/wordpress\/?p=12509"},"modified":"2020-03-02T11:13:49","modified_gmt":"2020-03-02T09:13:49","slug":"februar-2020-monatsauswertung","status":"publish","type":"post","link":"https:\/\/www.hossi-im-netz.de\/wordpress\/februar-2020-monatsauswertung\/","title":{"rendered":"Februar 2020 &#8211; Monatsauswertung"},"content":{"rendered":"\n<p>Leider war es mir aus gesundheitlichen Gr\u00fcnden nicht m\u00f6glich f\u00fcr den Januar 2020 eine Auswertung zu schreiben. Kurz gesagt, war der Januar rund 3 Grad zu warm, aber leicht \u00fcber den durchschnittlichen Niederschlagsmengen.<\/p>\n\n\n\n<p>Nun zum Februar 2020. Ich denke das Hauptstichwort f\u00fcr den Februar 2020 ist \u201eSturm\u201c. Ein Sturmtief nach dem Anderen zogen \u00fcber Deutschland (z.B. Sabine).<\/p>\n\n\n\n<p>Da durch die typische Westwind-Wetterlage auch immer an der S\u00fcdflanke der Tiefdruckgebiete warme Mittelmeerluft angesaugt wird blieb es durchweg zu warm. Der w\u00e4rmste Tag war der 16.02.2020 mit 16,8 Grad. <br><\/p>\n\n\n\n<p>Durch die vielen Tiefdruckgebiete war es ziemlich regnerisch. An insgesamt 18 Tagen fiel das Nass vom Himmel. In Summe waren es  52,6 Liter pro Quadratmeter. Normal f\u00fcr einen Februar w\u00e4ren 23 Liter pro Quadratmeter. Somit erreichte der Februar 2020 einen Wert von 228,7%.<\/p>\n\n\n\n<p>Zum Wind l\u00e4sst sich sagen, dass mit 444,9 km eine Summe erreicht wurde, die rund doppelt so hoch ist, wie in einem durchschnittlichen Monat. Die st\u00e4rkste B\u00f6e war am 23.02.2020 und betrug 80,5 km\/h.<\/p>\n\n\n\n<p>Das Feinstaub-Netzwerk Brachwitz ist fertiggestellt und hat seine Arbeit aufgenommen. <a href=\"https:\/\/www.hossi-im-netz.de\/wordpress\/feinstaub-brachwitz\/\">https:\/\/www.hossi-im-netz.de\/wordpress\/feinstaub-brachwitz\/<\/a><\/p>\n\n\n\n<p>Die Wettertechnik wurde erneuert und spielt jetzt im Bereich der professionellen Amateurmeteorologie. <a href=\"https:\/\/www.hossi-im-netz.de\/wordpress\/wetter\/wettertechnik\/\">https:\/\/www.hossi-im-netz.de\/wordpress\/wetter\/wettertechnik\/<\/a><\/p>\n\n\n\n<p>Die neue Wetter\u00fcbersicht ist nun so umfangreich, dass die Datenf\u00fclle den ein oder anderen Schwindel bereitet. <a href=\"https:\/\/www.hossi-im-netz.de\/wordpress\/wetter\/wetter-aktuell-neu\/\">https:\/\/www.hossi-im-netz.de\/wordpress\/wetter\/wetter-aktuell-neu\/<\/a><\/p>\n\n\n\n<p>Viel Spa\u00df beim Erkunden!<\/p>\n\n\n\n<p>Mathias Ho\u00dfbach &#8211; Wetterstation Brachwitz<\/p>\n\n\n\n<h2 class=\"wp-block-heading\">Februar 2020\u00a0 &#8211; Daten und Diagramme<\/h2>\n\n\n\n<figure><iframe loading=\"lazy\" src=\"https:\/\/www.hossi-im-netz.de\/wetter\/2020\/minmax202002.htm\" width=\"1100\" height=\"2000\" frameborder=\"0\" scrolling=\"auto\">span data-mce-type=&#8220;bookmark&#8220; style=&#8220;display: inline-block; width: 0px; overflow: hidden; line-height: 0;&#8220; class=&#8220;mce_SELRES_start&#8220;<\/iframe><\/figure>\n\n\n\n<h4 class=\"wp-block-heading\">Wetter\u00fcbersicht &#8211; Monatsverlauf<\/h4>\n\n\n\n<figure class=\"wp-block-image\"><img decoding=\"async\" src=\"https:\/\/www.hossi-im-netz.de\/wetter\/2020\/m202002.gif\" alt=\"Februar 2020 - Wetterdaten\"\/><\/figure>\n\n\n\n<h4 class=\"wp-block-heading\">Temperaturverlauf<\/h4>\n\n\n\n<figure class=\"wp-block-image\"><img decoding=\"async\" src=\"https:\/\/www.hossi-im-netz.de\/wetter\/2020\/m202002t.gif\" alt=\"Februar 2020 - Temperatur\"\/><\/figure>\n\n\n\n<h4 class=\"wp-block-heading\">Luftfeuchtigkeit<\/h4>\n\n\n\n<figure class=\"wp-block-image\"><img decoding=\"async\" src=\"https:\/\/www.hossi-im-netz.de\/wetter\/2020\/m202002f.gif\" alt=\"Februar 2020 - Luftfeuchtigkeit\"\/><\/figure>\n\n\n\n<h4 class=\"wp-block-heading\">Luftdruck<\/h4>\n\n\n\n<figure class=\"wp-block-image\"><img decoding=\"async\" src=\"https:\/\/www.hossi-im-netz.de\/wetter\/2020\/m202002d.gif\" alt=\"Februar 2020 - Luftdruck\"\/><\/figure>\n\n\n\n<h4 class=\"wp-block-heading\">Windst\u00e4rke<\/h4>\n\n\n\n<figure class=\"wp-block-image\"><img decoding=\"async\" src=\"https:\/\/www.hossi-im-netz.de\/wetter\/2020\/m202002w.gif\" alt=\"Februar 2020 - Windst\u00e4rke , Windgeschwindigkeit\"\/><\/figure>\n\n\n\n<h4 class=\"wp-block-heading\">Windrichtung<\/h4>\n\n\n\n<figure class=\"wp-block-image\"><img decoding=\"async\" src=\"https:\/\/www.hossi-im-netz.de\/wetter\/2020\/m202002wr.gif\" alt=\"Februar 2020 - Windrichtung\"\/><\/figure>\n\n\n\n<h4 class=\"wp-block-heading\">Taupunkt<\/h4>\n\n\n\n<figure class=\"wp-block-image\"><img decoding=\"async\" src=\"https:\/\/www.hossi-im-netz.de\/wetter\/2020\/m202002tp.gif\" alt=\"Februar 2020 - Taupunkt\"\/><\/figure>\n\n\n\n<h4 class=\"wp-block-heading\">Niederschlag<\/h4>\n\n\n\n<figure class=\"wp-block-image\"><img decoding=\"async\" src=\"https:\/\/www.hossi-im-netz.de\/wetter\/2020\/m202002r.gif\" alt=\"Februar 2020 - Niederschlag\"\/><\/figure>\n\n\n\n<h4 class=\"wp-block-heading\">Windchill<\/h4>\n\n\n\n<figure class=\"wp-block-image\"><img decoding=\"async\" src=\"https:\/\/www.hossi-im-netz.de\/wetter\/2020\/m202002wc.gif\" alt=\"Februar 2020 - Windchill\"\/><\/figure>\n\n\n\n<h4 class=\"wp-block-heading\">Windverteilungsgrafiken<\/h4>\n\n\n\n<figure class=\"wp-block-image\"><img decoding=\"async\" src=\"https:\/\/www.hossi-im-netz.de\/wetter\/2020\/ddis_m202002.gif\" alt=\"Februar 2020 - Windverteilung Windrichtung\"\/><\/figure>\n\n\n\n<figure class=\"wp-block-image\"><img decoding=\"async\" src=\"https:\/\/www.hossi-im-netz.de\/wetter\/2020\/ddis_f_m202002.gif\" alt=\"Februar 2020 -Windrichtung Windst\u00e4rke Verteilung\"\/><\/figure>\n\n\n\n<figure class=\"wp-block-image\"><img decoding=\"async\" src=\"https:\/\/www.hossi-im-netz.de\/wetter\/2020\/windbft_m202002.gif\" alt=\"Februar 2020 - Verteilung Windst\u00e4rke\"\/><\/figure>\n\n\n\n<p> Februar 2020 &#8211; Monatsauswertung <\/p>\n","protected":false},"excerpt":{"rendered":"<p>Leider war es mir aus gesundheitlichen Gr\u00fcnden nicht m\u00f6glich f\u00fcr den Januar 2020 eine Auswertung zu schreiben. Kurz gesagt, war der Januar rund 3 Grad zu warm, aber leicht \u00fcber den durchschnittlichen Niederschlagsmengen. Nun zum Februar 2020. Ich denke das <span class=\"excerpt-dots\">&hellip;<\/span> <a class=\"more-link\" href=\"https:\/\/www.hossi-im-netz.de\/wordpress\/februar-2020-monatsauswertung\/\"><span class=\"more-msg\">Weiterlesen &rarr;<\/span><\/a><\/p>\n","protected":false},"author":1,"featured_media":12513,"comment_status":"open","ping_status":"closed","sticky":false,"template":"","format":"standard","meta":{"_exactmetrics_skip_tracking":false,"_exactmetrics_sitenote_active":false,"_exactmetrics_sitenote_note":"","_exactmetrics_sitenote_category":0,"jetpack_post_was_ever_published":false,"_jetpack_newsletter_access":"","_jetpack_dont_email_post_to_subs":false,"_jetpack_newsletter_tier_id":0,"_jetpack_memberships_contains_paywalled_content":false,"_jetpack_memberships_contains_paid_content":false,"footnotes":"","jetpack_publicize_message":"","jetpack_publicize_feature_enabled":true,"jetpack_social_post_already_shared":true,"jetpack_social_options":{"image_generator_settings":{"template":"highway","default_image_id":0,"font":"","enabled":false},"version":2}},"categories":[37],"tags":[9156,11102,4859,39,4875,4870,4869,4881,4885,4882,8439,4868,70,4884,41,4860,4887,5,10163,4883,4873,4872,44,128,4878,159,487,4874,4877,4879,4876,63,329,46,462,772,628,95,953,2300,4871,4880,4886,92,59,289,1006,231,708,4,4755,94,4754,38,43,96,297],"yst_prominent_words":[10889,1410,12120,3031,12118,5566,2290,2162,2157,2163,6256,11071,3719,8484,11529],"class_list":["post-12509","post","type-post","status-publish","format-standard","has-post-thumbnail","hentry","category-wetterblog","tag-9156","tag-11102","tag-beidersee","tag-brachwitz","tag-deutleben","tag-dobis","tag-doeblitz","tag-domnitz","tag-dornitz","tag-doesel","tag-friederike","tag-friedrichschwerz","tag-fruehling","tag-garsena","tag-gewitter","tag-gimritz","tag-gottgau","tag-halle","tag-juli-2018","tag-kloschwitz","tag-lettewitz","tag-lettin","tag-loebejuen","tag-maerz","tag-merbitz","tag-monatsauswertung","tag-morl","tag-muecheln","tag-nauendorf","tag-neuragozy","tag-neutz-lettewitz","tag-niederschlag","tag-november","tag-pollen","tag-rothenburg","tag-saalefaehren","tag-saalekiez","tag-saalekreis","tag-saalepiraten","tag-saaleschifffahrt","tag-salzmuende","tag-schiepzig","tag-schlettau","tag-schnee","tag-sonne","tag-statistik","tag-taupunkt","tag-temperatur","tag-vorhersage","tag-wetter","tag-wetteraufzeichnung","tag-wetterbericht","tag-wetterstatistik","tag-wettervorhersage","tag-wettin","tag-wettin-loebejuen","tag-winter"],"jetpack_publicize_connections":[],"jetpack_featured_media_url":"https:\/\/www.hossi-im-netz.de\/wordpress\/wp-content\/uploads\/2020\/03\/7B17415E-D455-4C88-99F9-6512B88265AD-scaled.jpeg","jetpack_sharing_enabled":true,"jetpack_shortlink":"https:\/\/wp.me\/p5DnIb-3fL","jetpack-related-posts":[],"jetpack_likes_enabled":true,"_links":{"self":[{"href":"https:\/\/www.hossi-im-netz.de\/wordpress\/wp-json\/wp\/v2\/posts\/12509","targetHints":{"allow":["GET"]}}],"collection":[{"href":"https:\/\/www.hossi-im-netz.de\/wordpress\/wp-json\/wp\/v2\/posts"}],"about":[{"href":"https:\/\/www.hossi-im-netz.de\/wordpress\/wp-json\/wp\/v2\/types\/post"}],"author":[{"embeddable":true,"href":"https:\/\/www.hossi-im-netz.de\/wordpress\/wp-json\/wp\/v2\/users\/1"}],"replies":[{"embeddable":true,"href":"https:\/\/www.hossi-im-netz.de\/wordpress\/wp-json\/wp\/v2\/comments?post=12509"}],"version-history":[{"count":3,"href":"https:\/\/www.hossi-im-netz.de\/wordpress\/wp-json\/wp\/v2\/posts\/12509\/revisions"}],"predecessor-version":[{"id":12512,"href":"https:\/\/www.hossi-im-netz.de\/wordpress\/wp-json\/wp\/v2\/posts\/12509\/revisions\/12512"}],"wp:featuredmedia":[{"embeddable":true,"href":"https:\/\/www.hossi-im-netz.de\/wordpress\/wp-json\/wp\/v2\/media\/12513"}],"wp:attachment":[{"href":"https:\/\/www.hossi-im-netz.de\/wordpress\/wp-json\/wp\/v2\/media?parent=12509"}],"wp:term":[{"taxonomy":"category","embeddable":true,"href":"https:\/\/www.hossi-im-netz.de\/wordpress\/wp-json\/wp\/v2\/categories?post=12509"},{"taxonomy":"post_tag","embeddable":true,"href":"https:\/\/www.hossi-im-netz.de\/wordpress\/wp-json\/wp\/v2\/tags?post=12509"},{"taxonomy":"yst_prominent_words","embeddable":true,"href":"https:\/\/www.hossi-im-netz.de\/wordpress\/wp-json\/wp\/v2\/yst_prominent_words?post=12509"}],"curies":[{"name":"wp","href":"https:\/\/api.w.org\/{rel}","templated":true}]}}