{"id":1429,"date":"2015-08-27T06:40:24","date_gmt":"2015-08-27T04:40:24","guid":{"rendered":"http:\/\/www.hossi-im-netz.de\/wordpress\/?p=1429"},"modified":"2015-08-27T06:40:24","modified_gmt":"2015-08-27T04:40:24","slug":"wettervorhersage-brachwitz-wettin-loebejuen-saalekreis-halle-46","status":"publish","type":"post","link":"https:\/\/www.hossi-im-netz.de\/wordpress\/wettervorhersage-brachwitz-wettin-loebejuen-saalekreis-halle-46\/","title":{"rendered":"Wettervorhersage Brachwitz, Wettin-L\u00f6bej\u00fcn, Saalekreis, Halle"},"content":{"rendered":"<h3 style=\"text-align: justify;\">Wettervorhersage Brachwitz, Wettin-L\u00f6bej\u00fcn, Saalekreis, Halle<\/h3>\n<div id=\"attachment_1430\" style=\"width: 838px\" class=\"wp-caption alignnone\"><a href=\"https:\/\/www.hossi-im-netz.de\/wordpress\/vorhersage\/\"><img loading=\"lazy\" decoding=\"async\" aria-describedby=\"caption-attachment-1430\" data-attachment-id=\"1430\" data-permalink=\"https:\/\/www.hossi-im-netz.de\/wordpress\/wettervorhersage-brachwitz-wettin-loebejuen-saalekreis-halle-46\/wettervorhersage-27-08-15\/\" data-orig-file=\"https:\/\/www.hossi-im-netz.de\/wordpress\/wp-content\/uploads\/2015\/08\/wettervorhersage-27.08.15.png\" data-orig-size=\"828,302\" data-comments-opened=\"1\" data-image-meta=\"{&quot;aperture&quot;:&quot;0&quot;,&quot;credit&quot;:&quot;&quot;,&quot;camera&quot;:&quot;&quot;,&quot;caption&quot;:&quot;&quot;,&quot;created_timestamp&quot;:&quot;0&quot;,&quot;copyright&quot;:&quot;&quot;,&quot;focal_length&quot;:&quot;0&quot;,&quot;iso&quot;:&quot;0&quot;,&quot;shutter_speed&quot;:&quot;0&quot;,&quot;title&quot;:&quot;&quot;,&quot;orientation&quot;:&quot;0&quot;}\" data-image-title=\"wettervorhersage 27.08.15\" data-image-description=\"&lt;p&gt;wettervorhersage 27.08.15&lt;\/p&gt;\n\" data-image-caption=\"&lt;p&gt;wettervorhersage 27.08.15&lt;\/p&gt;\n\" data-medium-file=\"https:\/\/www.hossi-im-netz.de\/wordpress\/wp-content\/uploads\/2015\/08\/wettervorhersage-27.08.15-300x109.png\" data-large-file=\"https:\/\/www.hossi-im-netz.de\/wordpress\/wp-content\/uploads\/2015\/08\/wettervorhersage-27.08.15.png\" class=\"wp-image-1430 size-full\" title=\"wettervorhersage 27.08.15\" src=\"https:\/\/www.hossi-im-netz.de\/wordpress\/wp-content\/uploads\/2015\/08\/wettervorhersage-27.08.15.png\" alt=\"wettervorhersage 27.08.15\" width=\"828\" height=\"302\" srcset=\"https:\/\/www.hossi-im-netz.de\/wordpress\/wp-content\/uploads\/2015\/08\/wettervorhersage-27.08.15.png 828w, https:\/\/www.hossi-im-netz.de\/wordpress\/wp-content\/uploads\/2015\/08\/wettervorhersage-27.08.15-300x109.png 300w\" sizes=\"auto, (max-width: 828px) 100vw, 828px\" \/><\/a><p id=\"caption-attachment-1430\" class=\"wp-caption-text\">wettervorhersage 27.08.15<\/p><\/div>\n<p style=\"text-align: justify;\"><strong>Heute<\/strong>\u00a0von Westen aufziehender und bis\u00a0<strong>Freitag morgen<\/strong>\u00a0anhaltender Regen, \u00f6rtlich DAUERREGEN m\u00f6glich.<\/p>\n<p style=\"text-align: justify;\">Wetter- und Warnlage f\u00fcr die n\u00e4chsten 24 Stunden: Zwischen tiefem Luftdruck \u00fcber dem Nordatlantik und hohem Luftdruck \u00fcber dem Balkan und Osteuropa gelangt mit einer s\u00fcdwestlichen Str\u00f6mung zun\u00e4chst noch warme Mittelmeerluft nach Sachsen-Anhalt. Im Tagesverlauf greift eine Kaltfront eines Nordseetiefs aus Nordwesten \u00fcber und gestaltet das Wetter zunehmend unbest\u00e4ndig. Bis zum\u00a0<strong>heute<\/strong>\u00a0<strong>Nachmittag<\/strong>\u00a0werden keine warnrelevanten Wettererscheinungen erwartet. Mit den aufkommenden l\u00e4nger anhaltenden Niederschl\u00e4gen besteht vor allem im Westen und Norden des Landes die Gefahr von DAUERREGEN mit Regenmengen um 25 Liter pro Quadratmeter, im Stau des Harzes teils bis 35 Liter in 12 Stunden.<\/p>\n<p style=\"text-align: justify;\">Detaillierter Wetterablauf:\u00a0<strong>Heute<\/strong>\u00a0\u00fcberwiegt starke Bew\u00f6lkung. Gr\u00f6\u00dfere Wolkenl\u00fccken zeigen sich bevorzugt vom Burgenland bis nach Anhalt. Dort bleibt es zun\u00e4chst auch weitgehend trocken. Ansonsten kommt im Tagesverlauf von Westen her leichter bis m\u00e4\u00dfiger Regen auf, der vor allem n\u00f6rdlich einer Linie Harz-Jerichower Land am\u00a0<strong>Nachmittag<\/strong>\u00a0und Abend auch l\u00e4nger anhalten kann. Dabei werden H\u00f6chstwerte der Temperatur zwischen 21 Grad in der Altmark sowie im Harz und 28 Grad im Burgenland erreicht. Der Wind weht schwach bis m\u00e4\u00dfig zun\u00e4chst aus S\u00fcdwest, im Verlauf auf West bis Nordwest drehend. Auf dem Brocken treten vor allem in der ersten Tagesh\u00e4lfte zeitweise Sturmb\u00f6en auf. In der\u00a0<strong>Nacht<\/strong>\u00a0zum\u00a0<strong>Freitag<\/strong>\u00a0f\u00e4llt bei bedecktem Himmel verbreitet Regen, der \u00f6rtlich weiter auch l\u00e4nger anhaltend und kr\u00e4ftig ausfallen kann. Die Temperaturen sinken auf Tiefstwerte zwischen 15 und 10, im Harz auf Werte um 9 Grad. Dabei dreht der Wind aus nordwestlichen Richtungen.<\/p>\n<p style=\"text-align: justify;\">Am\u00a0<strong>Freitag<\/strong>\u00a0wechseln sich Abschnitte mit starker und aufgelockerter Bew\u00f6lkung einander ab. Vereinzelt f\u00e4llt anfangs noch etwas Regen. Die Temperatur liegt bei westlichen Winden zwischen 20 und 23 Grad. In der\u00a0<strong>Nacht<\/strong>\u00a0zum Sonnabend lockert die Wolkendecke zunehmend auf. Nachfolgend kann sich gebietsweise Nebel bilden. Bei nur schwachem Wind aus unterschiedlichen Richtungen geht die Temperatur auf Werte zwischen 14 und 11, im Harz um 9 Grad zur\u00fcck.<\/p>\n<p style=\"text-align: justify;\">Am Sonnabend ist es heiter bis wolkig und trocken. Die Temperatur erreicht H\u00f6chstwerte zwischen 24 und 27, im Harz zwischen 20 und 24 Grad. Es weht schwacher Wind aus S\u00fcdost. In der\u00a0<strong>Nacht<\/strong>\u00a0zum\u00a0<strong>Sonntag<\/strong>\u00a0wechseln sich Wolkenfelder mit Wolkenl\u00fccken ab, zeitweise wird auch gering bew\u00f6lkt oder klar. Niederschlag wird nicht fallen. Die\u00a0<strong>Nachtwerte<\/strong>\u00a0liegen zwischen 16 und 12, im Harz zwischen 12 und 9 Grad. Der Wind weht schwach aus Ost.<\/p>\n<p style=\"text-align: justify;\">Am\u00a0<strong>Sonntag<\/strong>\u00a0ist es heiter bis wolkig. Erst am\u00a0<strong>Nachmittag<\/strong>\u00a0bilden sich \u00f6rtlich Quellwolken. Es bleibt aber weitgehend trocken. Es wird nochmals sommerlich warm mit H\u00f6chstwerten zwischen 30 und 33 Grad, im Harz mit Werten um 28 Grad. Es weht schwacher bis m\u00e4\u00dfiger S\u00fcdostwind. In der\u00a0<strong>Nacht<\/strong>\u00a0zum\u00a0<strong>Montag<\/strong>\u00a0ist es zun\u00e4chst gering oder wechselnd bew\u00f6lkt und meist niederschlagsfrei. Im Verlauf nehmen die Wolkenanteile jedoch zu und \u00f6rtlich k\u00f6nnen sich kurze Schauer und Gewitter entwickeln. Die Tiefstwerte liegen zwischen 19 und 16 Grad, im Harz bei Werten um 15 Grad. Zudem weht schwacher Wind aus s\u00fcdlicher Richtung.<\/p>\n<p style=\"text-align: justify;\"><a href=\"http:\/\/www.dwd.de\" target=\"_blank\">Deutscher Wetterdienst<\/a>, RWB Leipzig, Lars Kirchh\u00fcbel<\/p>\n","protected":false},"excerpt":{"rendered":"<p>Wettervorhersage Brachwitz, Wettin-L\u00f6bej\u00fcn, Saalekreis, Halle Heute\u00a0von Westen aufziehender und bis\u00a0Freitag morgen\u00a0anhaltender Regen, \u00f6rtlich DAUERREGEN m\u00f6glich. Wetter- und Warnlage f\u00fcr die n\u00e4chsten 24 Stunden: Zwischen tiefem Luftdruck \u00fcber dem Nordatlantik und hohem Luftdruck \u00fcber dem Balkan und Osteuropa gelangt mit einer <span class=\"excerpt-dots\">&hellip;<\/span> <a class=\"more-link\" href=\"https:\/\/www.hossi-im-netz.de\/wordpress\/wettervorhersage-brachwitz-wettin-loebejuen-saalekreis-halle-46\/\"><span class=\"more-msg\">Weiterlesen &rarr;<\/span><\/a><\/p>\n","protected":false},"author":1,"featured_media":0,"comment_status":"open","ping_status":"closed","sticky":false,"template":"","format":"standard","meta":{"_exactmetrics_skip_tracking":false,"_exactmetrics_sitenote_active":false,"_exactmetrics_sitenote_note":"","_exactmetrics_sitenote_category":0,"jetpack_post_was_ever_published":false,"_jetpack_newsletter_access":"","_jetpack_dont_email_post_to_subs":false,"_jetpack_newsletter_tier_id":0,"_jetpack_memberships_contains_paywalled_content":false,"_jetpack_memberships_contains_paid_content":false,"footnotes":"","jetpack_publicize_message":"","jetpack_publicize_feature_enabled":true,"jetpack_social_post_already_shared":true,"jetpack_social_options":{"image_generator_settings":{"template":"highway","default_image_id":0,"font":"","enabled":false},"version":2}},"categories":[37],"tags":[39,5,95,38,96],"yst_prominent_words":[],"class_list":["post-1429","post","type-post","status-publish","format-standard","hentry","category-wetterblog","tag-brachwitz","tag-halle","tag-saalekreis","tag-wettervorhersage","tag-wettin-loebejuen"],"jetpack_publicize_connections":[],"jetpack_featured_media_url":"","jetpack_sharing_enabled":true,"jetpack_shortlink":"https:\/\/wp.me\/p5DnIb-n3","jetpack-related-posts":[],"jetpack_likes_enabled":true,"_links":{"self":[{"href":"https:\/\/www.hossi-im-netz.de\/wordpress\/wp-json\/wp\/v2\/posts\/1429","targetHints":{"allow":["GET"]}}],"collection":[{"href":"https:\/\/www.hossi-im-netz.de\/wordpress\/wp-json\/wp\/v2\/posts"}],"about":[{"href":"https:\/\/www.hossi-im-netz.de\/wordpress\/wp-json\/wp\/v2\/types\/post"}],"author":[{"embeddable":true,"href":"https:\/\/www.hossi-im-netz.de\/wordpress\/wp-json\/wp\/v2\/users\/1"}],"replies":[{"embeddable":true,"href":"https:\/\/www.hossi-im-netz.de\/wordpress\/wp-json\/wp\/v2\/comments?post=1429"}],"version-history":[{"count":2,"href":"https:\/\/www.hossi-im-netz.de\/wordpress\/wp-json\/wp\/v2\/posts\/1429\/revisions"}],"predecessor-version":[{"id":1432,"href":"https:\/\/www.hossi-im-netz.de\/wordpress\/wp-json\/wp\/v2\/posts\/1429\/revisions\/1432"}],"wp:attachment":[{"href":"https:\/\/www.hossi-im-netz.de\/wordpress\/wp-json\/wp\/v2\/media?parent=1429"}],"wp:term":[{"taxonomy":"category","embeddable":true,"href":"https:\/\/www.hossi-im-netz.de\/wordpress\/wp-json\/wp\/v2\/categories?post=1429"},{"taxonomy":"post_tag","embeddable":true,"href":"https:\/\/www.hossi-im-netz.de\/wordpress\/wp-json\/wp\/v2\/tags?post=1429"},{"taxonomy":"yst_prominent_words","embeddable":true,"href":"https:\/\/www.hossi-im-netz.de\/wordpress\/wp-json\/wp\/v2\/yst_prominent_words?post=1429"}],"curies":[{"name":"wp","href":"https:\/\/api.w.org\/{rel}","templated":true}]}}