{"id":1446,"date":"2015-08-29T12:52:25","date_gmt":"2015-08-29T10:52:25","guid":{"rendered":"http:\/\/www.hossi-im-netz.de\/wordpress\/?p=1446"},"modified":"2015-08-29T12:53:36","modified_gmt":"2015-08-29T10:53:36","slug":"september","status":"publish","type":"post","link":"https:\/\/www.hossi-im-netz.de\/wordpress\/september\/","title":{"rendered":"September"},"content":{"rendered":"<h3 style=\"text-align: justify;\">September<\/h3>\n<p style=\"text-align: justify;\">Nach dem zweitw\u00e4rmsten August seit Beginn der Wetteraufzeichnungen in Deutschland beginnt mit dem 1. September am Dienstag der meteorologische Herbst. Im r\u00f6mischen Kalendarium war September urspr\u00fcnglich der siebente Monat (lat. septem = sieben), behielt aber im Gegensatz zu seinen beiden Vorg\u00e4ngern Juli und August die Z\u00e4hlbezeichnung, da der (nach seinem Stiefvater Augustus zweite) r\u00f6mische Kaiser Tiberius (42 v. Chr. bis 37 n. Chr.) das vom Senat vorgeschlagene Namenspatronat mit dem Hinweis ablehnte &#8211; &#8222;&#8230; was denn dann mit dem dreizehnten Caesar w\u00fcrde [wenn alle zw\u00f6lf Monatsnamen vergeben sind]?&#8220; Eine derartige Bescheidenheit ist bei heutigen &#8222;Eliten&#8220; eher selten anzutreffen.<\/p>\n<p style=\"text-align: justify;\">Altdeutsche Namen des Septembers sind u.a. &#8222;Obstmond&#8220; (wegen der Obsternte) oder &#8222;Holzmonat&#8220; (&#8230;Brennholz machen), aber auch Scheiding, Herbstmond oder Herbsting. Sie sagen es deutlich, der Sommer geht zu Ende und in der Natur ist die Wechselstimmung un\u00fcbersehbar. Die Getreiderente ist weitgehend abgeschlossen, die meisten Obstsorten reifen und das Laub der B\u00e4ume beginnt sich zu verf\u00e4rben. Auf feuchten Wiesen bl\u00fchen die Herbst-Zeitlosen. Zugv\u00f6gel nehmen Abschied und machen sich auf den Weg nach S\u00fcden. Unsere heimischen Kleins\u00e4uger fressen sich die B\u00e4uche voll, schlie\u00dflich will man ja gut durch den Winter kommen.<\/p>\n<p style=\"text-align: justify;\">Am 23. September 2015 ist Tagundnachtgleiche, die Sonne geht ziemlich genau im Osten auf, steht mittags \u00fcber dem \u00c4quator im Zenit und geht im Westen unter. Um 10:21 Uhr MESZ \u00fcberquert die Sonne auf ihrer scheinbaren Bahn durch den Tierkreis (Ekliptik) den Himmels\u00e4quator in s\u00fcdlicher Richtung. An diesem Tage beginnt auf der Nordhalbkugel der astronomische oder kalendarische Herbst. Zu keiner Zeit im Jahreslauf werden die Tage so schnell k\u00fcrzer (t\u00e4glich mehr als drei Minuten); die lichte Tagesl\u00e4nge auf 50\u00b0 n\u00f6rdlicher Breite sinkt im Verlaufe des Septembers um etwa ein und eine dreiviertel Stunde von 13 h 34 min auf 11 h 47 min.<\/p>\n<p style=\"text-align: justify;\">Wie schon im August sind die Temperaturunterschiede zwischen den Europa umgebenden Meeren und dem Festland relativ gering, somit gilt der September im klimatologischen Mittel als recht best\u00e4ndiger Monat. L\u00e4nger andauernde Hochdrucklagen sind keine Seltenheit. Dann herrscht &#8222;Altweibersommer&#8220; und w\u00e4hrend die N\u00e4chte schon recht frisch sind, erste Nachtfr\u00f6ste auftreten k\u00f6nnen und morgendliche Nebelfelder auf den nahenden Herbst hinweisen, taucht die Sonne an den noch warmen Tagen alles in ein mildes, pastellfarbenes Licht.<\/p>\n<p>Dipl.-Met. Thomas Ruppert Deutscher Wetterdienst Vorhersage- und Beratungszentrale Offenbach, den 29.08.2015<\/p>\n<p>Copyright (c) <a href=\"http:\/\/www.dwd.de\" target=\"_blank\">Deutscher Wetterdienst<\/a><\/p>\n","protected":false},"excerpt":{"rendered":"<p>September Nach dem zweitw\u00e4rmsten August seit Beginn der Wetteraufzeichnungen in Deutschland beginnt mit dem 1. September am Dienstag der meteorologische Herbst. Im r\u00f6mischen Kalendarium war September urspr\u00fcnglich der siebente Monat (lat. septem = sieben), behielt aber im Gegensatz zu seinen <span class=\"excerpt-dots\">&hellip;<\/span> <a class=\"more-link\" href=\"https:\/\/www.hossi-im-netz.de\/wordpress\/september\/\"><span class=\"more-msg\">Weiterlesen &rarr;<\/span><\/a><\/p>\n","protected":false},"author":1,"featured_media":1447,"comment_status":"open","ping_status":"closed","sticky":false,"template":"","format":"standard","meta":{"_exactmetrics_skip_tracking":false,"_exactmetrics_sitenote_active":false,"_exactmetrics_sitenote_note":"","_exactmetrics_sitenote_category":0,"jetpack_post_was_ever_published":false,"_jetpack_newsletter_access":"","_jetpack_dont_email_post_to_subs":false,"_jetpack_newsletter_tier_id":0,"_jetpack_memberships_contains_paywalled_content":false,"_jetpack_memberships_contains_paid_content":false,"footnotes":"","jetpack_publicize_message":"","jetpack_publicize_feature_enabled":true,"jetpack_social_post_already_shared":true,"jetpack_social_options":{"image_generator_settings":{"template":"highway","default_image_id":0,"font":"","enabled":false},"version":2}},"categories":[37],"tags":[251],"yst_prominent_words":[6911,7291,4078,2851,7911,2135,1216,6916,5689,6857,3016,7912,2211,1513],"class_list":["post-1446","post","type-post","status-publish","format-standard","has-post-thumbnail","hentry","category-wetterblog","tag-september"],"jetpack_publicize_connections":[],"jetpack_featured_media_url":"https:\/\/www.hossi-im-netz.de\/wordpress\/wp-content\/uploads\/2015\/08\/pumpkin-567689_1280.jpg","jetpack_sharing_enabled":true,"jetpack_shortlink":"https:\/\/wp.me\/p5DnIb-nk","jetpack-related-posts":[],"jetpack_likes_enabled":true,"_links":{"self":[{"href":"https:\/\/www.hossi-im-netz.de\/wordpress\/wp-json\/wp\/v2\/posts\/1446","targetHints":{"allow":["GET"]}}],"collection":[{"href":"https:\/\/www.hossi-im-netz.de\/wordpress\/wp-json\/wp\/v2\/posts"}],"about":[{"href":"https:\/\/www.hossi-im-netz.de\/wordpress\/wp-json\/wp\/v2\/types\/post"}],"author":[{"embeddable":true,"href":"https:\/\/www.hossi-im-netz.de\/wordpress\/wp-json\/wp\/v2\/users\/1"}],"replies":[{"embeddable":true,"href":"https:\/\/www.hossi-im-netz.de\/wordpress\/wp-json\/wp\/v2\/comments?post=1446"}],"version-history":[{"count":1,"href":"https:\/\/www.hossi-im-netz.de\/wordpress\/wp-json\/wp\/v2\/posts\/1446\/revisions"}],"predecessor-version":[{"id":1448,"href":"https:\/\/www.hossi-im-netz.de\/wordpress\/wp-json\/wp\/v2\/posts\/1446\/revisions\/1448"}],"wp:featuredmedia":[{"embeddable":true,"href":"https:\/\/www.hossi-im-netz.de\/wordpress\/wp-json\/wp\/v2\/media\/1447"}],"wp:attachment":[{"href":"https:\/\/www.hossi-im-netz.de\/wordpress\/wp-json\/wp\/v2\/media?parent=1446"}],"wp:term":[{"taxonomy":"category","embeddable":true,"href":"https:\/\/www.hossi-im-netz.de\/wordpress\/wp-json\/wp\/v2\/categories?post=1446"},{"taxonomy":"post_tag","embeddable":true,"href":"https:\/\/www.hossi-im-netz.de\/wordpress\/wp-json\/wp\/v2\/tags?post=1446"},{"taxonomy":"yst_prominent_words","embeddable":true,"href":"https:\/\/www.hossi-im-netz.de\/wordpress\/wp-json\/wp\/v2\/yst_prominent_words?post=1446"}],"curies":[{"name":"wp","href":"https:\/\/api.w.org\/{rel}","templated":true}]}}