{"id":1452,"date":"2015-08-30T13:18:17","date_gmt":"2015-08-30T11:18:17","guid":{"rendered":"http:\/\/www.hossi-im-netz.de\/wordpress\/?p=1452"},"modified":"2015-08-30T13:18:17","modified_gmt":"2015-08-30T11:18:17","slug":"vom-hochsommer-in-den-fruehherbst","status":"publish","type":"post","link":"https:\/\/www.hossi-im-netz.de\/wordpress\/vom-hochsommer-in-den-fruehherbst\/","title":{"rendered":"Vom Hochsommer in den Fr\u00fchherbst"},"content":{"rendered":"<h2>Vom Hochsommer in den Fr\u00fchherbst<\/h2>\n<div style=\"text-align: justify;\">Der Sommer steht kurz vor seinem unausweichlichen Ende, zumindest wenn es nach den statistischen Vorgaben der Meteorologen geht. Am kommenden Dienstag (1. September) startet ganz offiziell der meteorologische Herbst.Bis dahin l\u00e4uft der baldige &#8222;Sommer a. D.&#8220; aber nochmal zur H\u00f6chstform auf. H\u00f6chsttemperaturen um 30 Grad sto\u00dfen am heutigen Sonntag vom S\u00fcden bis in die Norddeutsche Tiefebene vor und sorgen mit reichlich Sonnenschein f\u00fcr einen insgesamt vielerorts hochsommerlichen Wettercharakter.<\/p>\n<p>W\u00e4hrend im S\u00fcden sogar nochmals an der 35-Grad-Marke gekratzt wird, bleiben die K\u00fcstenregionen und das unmittelbar angrenzende Binnenland etwas au\u00dfen vor. Dort gibt es bei wechselnder bis starker Bew\u00f6lkung bereits am heutigen Sonntag die ersten Schauer und kr\u00e4ftigen Gewitter. Sie deuten an, dass da etwas im Busch sein muss vor den Nordwesttoren Deutschlands.<\/p>\n<p>Ein Blick auf die aktuelle Bodenluftdruckanalyse sorgt schnell f\u00fcr Klarheit. W\u00e4hrend sich ausgehend vom zentralen Mittelmeerraum ein umfangreiches Hochdruckgebiet bis ins \u00f6stliche Mitteleuropa erstreckt, etablierte sich eine schmale, aber langgestreckte Tiefdruckrinne vom Atlantik \u00fcber die Biskaya und das \u00c4rmelkanalumfeld bis nach Nordwestdeutschland. In diese Rinne ist eine Luftmassengrenze eingebettet, die k\u00fchle Atlantikluft \u00fcber Nordwesteuropa von sehr warmer Subtropikluft, die von S\u00fcdeuropa weit nach Norden ausgreift, trennt. In der Tiefdruckrinne auf der warmen Seite der Luftmassengrenze sind in warmer und sehr feuchter Luft beste Bedingungen f\u00fcr die Entwicklung von Schauern und teils kr\u00e4ftigen Gewitter gegeben, die eben auch Nordwest- und Norddeutschland erfassen k\u00f6nnen.<\/p>\n<p>Die Luftmassengrenze f\u00fchlt sich inmitten der Tiefdruckrinne richtig wohl. Sie ziert sich noch etwas, sich weiter s\u00fcdostw\u00e4rts zu verlagern. Folglich verbleibt der Gewitterschwerpunkt auch in der Nacht zum Montag bis Montagmittag vorerst im \u00e4u\u00dfersten Nordwesten und Norden Deutschlands. Die Gewitter k\u00f6nnen durchaus &#8222;kernig&#8220; sein und mit heftigem Starkregen, Hagel und Sturmb\u00f6en einhergehen. Dabei spielt der &#8222;Tagesgang&#8220; keine Rolle. Selbst das Risiko f\u00fcr die Entwicklung vereinzelter Tornados ist erh\u00f6ht. Im \u00fcbrigen Deutschland steht mit Montag ein weiterer hochsommerlich hei\u00dfer und anfangs sonniger Tag bevor, mal von vereinzelten Hitzegewittern abgesehen.<\/p>\n<p>Ab Montagnachmittag \u00e4ndert sich die Ausgangslage dann aber signifikant. Im Bereich der Tiefdruckrinne setzt, ausgel\u00f6st durch mehrere Einfl\u00fcsse, st\u00e4rkerer Luftdruckfall ein. Es entsteht ein eigenst\u00e4ndiges Tiefdruckgebiet, das sich nach jetzigem Stand unter weiterer Intensivierung bis Dienstagnachmittag vom \u00c4rmelkanalumfeld \u00fcber die Nordsee Richtung S\u00fcdnorwegen verlagert. An dessen S\u00fcdflanke baut sich \u00fcber Deutschland aufgrund des starken Luftdruckfalls im Norden ein zunehmender Luftdruckgradient auf. Dadurch bekommt die Luftmassengrenze den notwendigen Schub, um als Kaltfront Deutschland schlie\u00dflich von Nordwest nach S\u00fcdost zu \u00fcberqueren.<\/p>\n<p>F\u00fcr das Wetter in Deutschland bedeutet dies, dass sich die Zone mit teils schweren Gewittern in der zweiten Tagesh\u00e4lfte des Montags sukzessive von Nordwesten in Richtung S\u00fcdosten verschiebt.Es muss weiterhin mit teils heftigem Starkregen, Hagel und auch schweren Sturmb\u00f6en gerechnet werden. Die Gebiete zwischen S\u00fcdostbayern und Niederlausitz bleiben bis Dienstagmittag zun\u00e4chst wohl verschont, sodass dort nochmal ein weiterer sehr warmer Tag m\u00f6glich ist, bevor im Tagesverlauf auch dort die Kaltfront mit Schauern und Gewittern aufschl\u00e4gt.<\/p>\n<p>Wie es sich f\u00fcr eine ordentliche Kaltfront geh\u00f6rt, gehen auf ihrer R\u00fcckseite auch die Temperaturen deutlich zur\u00fcck. Bei einem Temperaturr\u00fcckgang von vielfach 10 Grad und mehr kann man sogar von einem veritablen Temperatursturz reden (siehe Grafik auf www.dwd.de, unter &#8222;Thema des Tages&#8220; und [-&gt;mehr]). Und die Umstellung ist nachhaltig! Auch \u00fcber die Wochenmitte hinaus bis zum n\u00e4chsten Wochenende muss mit H\u00f6chsttemperaturen von um, oft aber auch von weniger als 20 Grad und leicht wechselhaftem, zum Alpenrand hin zeitweise auch nassem Wetter vorliebgenommen werden. Der meteorologische Herbst zeigt also gleich zu Beginn, wo es lang gehen kann.<\/p>\n<p>Dipl.-Met. Adrian Leyser <a href=\"http:\/\/www.dwd.de\" target=\"_blank\">Deutscher Wetterdienst<\/a> Vorhersage- und Beratungszentrale<\/div>\n<div style=\"text-align: justify;\">Offenbach, den 30.08.2015 Copyright (c) Deutscher Wetterdienst<\/div>\n<div style=\"text-align: justify;\"><\/div>\n<div style=\"text-align: justify;\">\n<div id=\"attachment_1453\" style=\"width: 614px\" class=\"wp-caption alignnone\"><a href=\"https:\/\/www.hossi-im-netz.de\/wordpress\/wp-content\/uploads\/2015\/08\/getimg.jsp-2.jpeg\"><img loading=\"lazy\" decoding=\"async\" aria-describedby=\"caption-attachment-1453\" data-attachment-id=\"1453\" data-permalink=\"https:\/\/www.hossi-im-netz.de\/wordpress\/vom-hochsommer-in-den-fruehherbst\/getimg-jsp-2-2\/\" data-orig-file=\"https:\/\/www.hossi-im-netz.de\/wordpress\/wp-content\/uploads\/2015\/08\/getimg.jsp-2.jpeg\" data-orig-size=\"1280,720\" data-comments-opened=\"1\" data-image-meta=\"{&quot;aperture&quot;:&quot;0&quot;,&quot;credit&quot;:&quot;&quot;,&quot;camera&quot;:&quot;&quot;,&quot;caption&quot;:&quot;&quot;,&quot;created_timestamp&quot;:&quot;0&quot;,&quot;copyright&quot;:&quot;&quot;,&quot;focal_length&quot;:&quot;0&quot;,&quot;iso&quot;:&quot;0&quot;,&quot;shutter_speed&quot;:&quot;0&quot;,&quot;title&quot;:&quot;&quot;,&quot;orientation&quot;:&quot;0&quot;}\" data-image-title=\"Vom Hochsommer in den Fr\u00fchherbst\" data-image-description=\"&lt;p&gt;Vom Hochsommer in den Fr\u00fchherbst&lt;\/p&gt;\n\" data-image-caption=\"&lt;p&gt;Vom Hochsommer in den Fr\u00fchherbst&lt;\/p&gt;\n\" data-medium-file=\"https:\/\/www.hossi-im-netz.de\/wordpress\/wp-content\/uploads\/2015\/08\/getimg.jsp-2-300x169.jpeg\" data-large-file=\"https:\/\/www.hossi-im-netz.de\/wordpress\/wp-content\/uploads\/2015\/08\/getimg.jsp-2-1024x576.jpeg\" class=\"size-large wp-image-1453\" src=\"https:\/\/www.hossi-im-netz.de\/wordpress\/wp-content\/uploads\/2015\/08\/getimg.jsp-2-1024x576.jpeg\" alt=\"Vom Hochsommer in den Fr\u00fchherbst\" width=\"604\" height=\"340\" srcset=\"https:\/\/www.hossi-im-netz.de\/wordpress\/wp-content\/uploads\/2015\/08\/getimg.jsp-2-1024x576.jpeg 1024w, https:\/\/www.hossi-im-netz.de\/wordpress\/wp-content\/uploads\/2015\/08\/getimg.jsp-2-300x169.jpeg 300w, https:\/\/www.hossi-im-netz.de\/wordpress\/wp-content\/uploads\/2015\/08\/getimg.jsp-2.jpeg 1280w\" sizes=\"auto, (max-width: 604px) 100vw, 604px\" \/><\/a><p id=\"caption-attachment-1453\" class=\"wp-caption-text\">Vom Hochsommer in den Fr\u00fchherbst<\/p><\/div>\n<\/div>\n<div style=\"text-align: justify;\"><\/div>\n","protected":false},"excerpt":{"rendered":"<p>Vom Hochsommer in den Fr\u00fchherbst Der Sommer steht kurz vor seinem unausweichlichen Ende, zumindest wenn es nach den statistischen Vorgaben der Meteorologen geht. Am kommenden Dienstag (1. September) startet ganz offiziell der meteorologische Herbst.Bis dahin l\u00e4uft der baldige &#8222;Sommer a. <span class=\"excerpt-dots\">&hellip;<\/span> <a class=\"more-link\" href=\"https:\/\/www.hossi-im-netz.de\/wordpress\/vom-hochsommer-in-den-fruehherbst\/\"><span class=\"more-msg\">Weiterlesen &rarr;<\/span><\/a><\/p>\n","protected":false},"author":1,"featured_media":0,"comment_status":"open","ping_status":"closed","sticky":false,"template":"","format":"standard","meta":{"_exactmetrics_skip_tracking":false,"_exactmetrics_sitenote_active":false,"_exactmetrics_sitenote_note":"","_exactmetrics_sitenote_category":0,"jetpack_post_was_ever_published":false,"_jetpack_newsletter_access":"","_jetpack_dont_email_post_to_subs":false,"_jetpack_newsletter_tier_id":0,"_jetpack_memberships_contains_paywalled_content":false,"_jetpack_memberships_contains_paid_content":false,"footnotes":"","jetpack_publicize_message":"","jetpack_publicize_feature_enabled":true,"jetpack_social_post_already_shared":true,"jetpack_social_options":{"image_generator_settings":{"template":"highway","default_image_id":0,"font":"","enabled":false},"version":2}},"categories":[37],"tags":[254,253,252,251],"yst_prominent_words":[],"class_list":["post-1452","post","type-post","status-publish","format-standard","hentry","category-wetterblog","tag-august","tag-fruehherbst","tag-hochsommer","tag-september"],"jetpack_publicize_connections":[],"jetpack_featured_media_url":"","jetpack_sharing_enabled":true,"jetpack_shortlink":"https:\/\/wp.me\/p5DnIb-nq","jetpack-related-posts":[],"jetpack_likes_enabled":true,"_links":{"self":[{"href":"https:\/\/www.hossi-im-netz.de\/wordpress\/wp-json\/wp\/v2\/posts\/1452","targetHints":{"allow":["GET"]}}],"collection":[{"href":"https:\/\/www.hossi-im-netz.de\/wordpress\/wp-json\/wp\/v2\/posts"}],"about":[{"href":"https:\/\/www.hossi-im-netz.de\/wordpress\/wp-json\/wp\/v2\/types\/post"}],"author":[{"embeddable":true,"href":"https:\/\/www.hossi-im-netz.de\/wordpress\/wp-json\/wp\/v2\/users\/1"}],"replies":[{"embeddable":true,"href":"https:\/\/www.hossi-im-netz.de\/wordpress\/wp-json\/wp\/v2\/comments?post=1452"}],"version-history":[{"count":1,"href":"https:\/\/www.hossi-im-netz.de\/wordpress\/wp-json\/wp\/v2\/posts\/1452\/revisions"}],"predecessor-version":[{"id":1454,"href":"https:\/\/www.hossi-im-netz.de\/wordpress\/wp-json\/wp\/v2\/posts\/1452\/revisions\/1454"}],"wp:attachment":[{"href":"https:\/\/www.hossi-im-netz.de\/wordpress\/wp-json\/wp\/v2\/media?parent=1452"}],"wp:term":[{"taxonomy":"category","embeddable":true,"href":"https:\/\/www.hossi-im-netz.de\/wordpress\/wp-json\/wp\/v2\/categories?post=1452"},{"taxonomy":"post_tag","embeddable":true,"href":"https:\/\/www.hossi-im-netz.de\/wordpress\/wp-json\/wp\/v2\/tags?post=1452"},{"taxonomy":"yst_prominent_words","embeddable":true,"href":"https:\/\/www.hossi-im-netz.de\/wordpress\/wp-json\/wp\/v2\/yst_prominent_words?post=1452"}],"curies":[{"name":"wp","href":"https:\/\/api.w.org\/{rel}","templated":true}]}}