{"id":1471,"date":"2015-09-02T06:03:34","date_gmt":"2015-09-02T04:03:34","guid":{"rendered":"http:\/\/www.hossi-im-netz.de\/wordpress\/?p=1471"},"modified":"2015-09-02T06:03:34","modified_gmt":"2015-09-02T04:03:34","slug":"wettervorhersage-brachwitz-wettin-loebejuen-saalekreis-halle-51","status":"publish","type":"post","link":"https:\/\/www.hossi-im-netz.de\/wordpress\/wettervorhersage-brachwitz-wettin-loebejuen-saalekreis-halle-51\/","title":{"rendered":"Wettervorhersage Brachwitz, Wettin-L\u00f6bej\u00fcn, Saalekreis, Halle"},"content":{"rendered":"<p>Wettervorhersage Brachwitz, Wettin-L\u00f6bej\u00fcn, Saalekreis, Halle<\/p>\n<p><a href=\"https:\/\/www.hossi-im-netz.de\/wordpress\/wp-content\/uploads\/2015\/09\/image1.jpg\"><img loading=\"lazy\" decoding=\"async\" data-attachment-id=\"1472\" data-permalink=\"https:\/\/www.hossi-im-netz.de\/wordpress\/wettervorhersage-brachwitz-wettin-loebejuen-saalekreis-halle-51\/image-29\/\" data-orig-file=\"https:\/\/www.hossi-im-netz.de\/wordpress\/wp-content\/uploads\/2015\/09\/image1.jpg\" data-orig-size=\"828,302\" data-comments-opened=\"1\" data-image-meta=\"{&quot;aperture&quot;:&quot;0&quot;,&quot;credit&quot;:&quot;&quot;,&quot;camera&quot;:&quot;&quot;,&quot;caption&quot;:&quot;&quot;,&quot;created_timestamp&quot;:&quot;0&quot;,&quot;copyright&quot;:&quot;&quot;,&quot;focal_length&quot;:&quot;0&quot;,&quot;iso&quot;:&quot;0&quot;,&quot;shutter_speed&quot;:&quot;0&quot;,&quot;title&quot;:&quot;&quot;,&quot;orientation&quot;:&quot;1&quot;}\" data-image-title=\"Wettervorhersage\" data-image-description=\"\" data-image-caption=\"\" data-medium-file=\"https:\/\/www.hossi-im-netz.de\/wordpress\/wp-content\/uploads\/2015\/09\/image1-300x109.jpg\" data-large-file=\"https:\/\/www.hossi-im-netz.de\/wordpress\/wp-content\/uploads\/2015\/09\/image1.jpg\" class=\"alignnone size-full wp-image-1472\" src=\"https:\/\/www.hossi-im-netz.de\/wordpress\/wp-content\/uploads\/2015\/09\/image1.jpg\" alt=\"Wettervorhersage \" width=\"828\" height=\"302\" srcset=\"https:\/\/www.hossi-im-netz.de\/wordpress\/wp-content\/uploads\/2015\/09\/image1.jpg 828w, https:\/\/www.hossi-im-netz.de\/wordpress\/wp-content\/uploads\/2015\/09\/image1-300x109.jpg 300w\" sizes=\"auto, (max-width: 828px) 100vw, 828px\" \/><\/a><\/p>\n<p>&nbsp;<\/p>\n<p>Wechselnd wolkig und meist trocken, k\u00fchl.<\/p>\n<p>Wetter- und Warnlage f\u00fcr die n\u00e4chsten 24 Stunden: Am Rande eines Tiefs bei D\u00e4nemark flie\u00dft k\u00fchle Meeresluft heran.<\/p>\n<p>Heute und in der Nacht zum Donnerstag werden keine warnrelevanten Wettererscheinungen erwartet.<\/p>\n<p>Detaillierter Wetterablauf: Heute fr\u00fch und tags\u00fcber wechseln sich Abschnitte mit starker und aufgelockerter Bew\u00f6lkung einander ab. Schauer treten nur vereinzelt auf. Bei schwachem bis m\u00e4\u00dfigem Westwind steigen die Temperaturen auf Werte zwischen 17 und 21, im Harz auf 13 bis 17 Grad. In der Nacht zum Donnerstag ist es in weiten Teilen des Landes gering bew\u00f6lkt. Nur vom Burgenland bis in den Raum Wittenberg ist der Himmel bedeckt. Es bleibt aber meist niederschlagsfrei. Die Temperatur geht bei wenigen Wolken bis 9, unter der dichten Wolkendecke bis 13 Grad zur\u00fcck. Dabei weht der Wind schwach aus westlichen Richtungen.<\/p>\n<p>Am Donnerstag zeigt sich neben starker Bew\u00f6lkung vor\u00fcbergehend auch die Sonne. Besonders am Nachmittag treten einzelne Schauer auf. Die H\u00f6chsttemperaturen liegen zwischen 16 und 20, im Harz zwischen 12 und 15 Grad. Der Wind weht schwach, in Schauern\u00e4he m\u00e4\u00dfig, aus West bis Nordwest. In der Nacht zum Freitag lockert die Wolkendecke zeitweise auf. \u00d6rtliche Schauer sind aber dennoch m\u00f6glich. Bei schwachem, in der Altmark auch m\u00e4\u00dfigem West- bis Nordwestwind sinken die Temperaturen auf 12 bis 9, im Harz bis 7 Grad.<\/p>\n<p>Am Freitag ist es anfangs locker bew\u00f6lkt und trocken. Im Tagesverlauf verdichten sich von Nordwesten her die Wolken und nachfolgend kommt es bevorzugt in der Altmark zu Schauern. Dabei steigt die Temperatur auf H\u00f6chstwerte zwischen 19 und 22 Grad, im Harz auf Werte um 17 Grad. Zudem weht schwacher bis m\u00e4\u00dfiger Wind aus westlicher Richtung. Auf dem Brocken treten Sturmb\u00f6en auf. In der Nacht zum Sonnabend kann es bei wechselnder bis starker Bew\u00f6lkung verbreitet leicht regnen. Bei Tiefstwerten zwischen 11 und 8 Grad weht schwacher bis m\u00e4\u00dfiger S\u00fcdwest- bis Westwind.<\/p>\n<p>Am Sonnabend ist es wechselnd bew\u00f6lkt und im Tagesverlauf kommt es immer wieder zu Schauern. Bei H\u00f6chstwerten zwischen 17 und 20 Grad, im Harz um 17 Grad weht m\u00e4\u00dfiger, teils b\u00f6iger Westwind. Auf dem Brocken treten Sturmb\u00f6en auf. In der Nacht zum Sonntag lassen die Schauer des Tages nach und die Bew\u00f6lkung lockert auf. Dabei sinkt die Temperatur auf Tiefstwerte zwischen 9 und 7 Grad, im Harz um 5 Grad. Zudem weht m\u00e4\u00dfiger Wind aus westlicher Richtung. Auf dem Brocken treten weiterhin Sturmb\u00f6en auf.<\/p>\n<p>Deutscher Wetterdienst, RWB Leipzig, Bg<\/p>\n","protected":false},"excerpt":{"rendered":"<p>Wettervorhersage Brachwitz, Wettin-L\u00f6bej\u00fcn, Saalekreis, Halle &nbsp; Wechselnd wolkig und meist trocken, k\u00fchl. Wetter- und Warnlage f\u00fcr die n\u00e4chsten 24 Stunden: Am Rande eines Tiefs bei D\u00e4nemark flie\u00dft k\u00fchle Meeresluft heran. Heute und in der Nacht zum Donnerstag werden keine warnrelevanten <span class=\"excerpt-dots\">&hellip;<\/span> <a class=\"more-link\" href=\"https:\/\/www.hossi-im-netz.de\/wordpress\/wettervorhersage-brachwitz-wettin-loebejuen-saalekreis-halle-51\/\"><span class=\"more-msg\">Weiterlesen &rarr;<\/span><\/a><\/p>\n","protected":false},"author":1,"featured_media":0,"comment_status":"open","ping_status":"closed","sticky":false,"template":"","format":"standard","meta":{"_exactmetrics_skip_tracking":false,"_exactmetrics_sitenote_active":false,"_exactmetrics_sitenote_note":"","_exactmetrics_sitenote_category":0,"jetpack_post_was_ever_published":false,"_jetpack_newsletter_access":"","_jetpack_dont_email_post_to_subs":false,"_jetpack_newsletter_tier_id":0,"_jetpack_memberships_contains_paywalled_content":false,"_jetpack_memberships_contains_paid_content":false,"footnotes":"","jetpack_publicize_message":"","jetpack_publicize_feature_enabled":true,"jetpack_social_post_already_shared":true,"jetpack_social_options":{"image_generator_settings":{"template":"highway","default_image_id":0,"font":"","enabled":false},"version":2}},"categories":[37],"tags":[39,5,95,38,96],"yst_prominent_words":[5998,1570,3257,3896,5566,2357,7946,7408,7944,7943,2033,7404,3892,7945,7319,2206,6906,3527,5033,5023],"class_list":["post-1471","post","type-post","status-publish","format-standard","hentry","category-wetterblog","tag-brachwitz","tag-halle","tag-saalekreis","tag-wettervorhersage","tag-wettin-loebejuen"],"jetpack_publicize_connections":[],"jetpack_featured_media_url":"","jetpack_sharing_enabled":true,"jetpack_shortlink":"https:\/\/wp.me\/p5DnIb-nJ","jetpack-related-posts":[],"jetpack_likes_enabled":true,"_links":{"self":[{"href":"https:\/\/www.hossi-im-netz.de\/wordpress\/wp-json\/wp\/v2\/posts\/1471","targetHints":{"allow":["GET"]}}],"collection":[{"href":"https:\/\/www.hossi-im-netz.de\/wordpress\/wp-json\/wp\/v2\/posts"}],"about":[{"href":"https:\/\/www.hossi-im-netz.de\/wordpress\/wp-json\/wp\/v2\/types\/post"}],"author":[{"embeddable":true,"href":"https:\/\/www.hossi-im-netz.de\/wordpress\/wp-json\/wp\/v2\/users\/1"}],"replies":[{"embeddable":true,"href":"https:\/\/www.hossi-im-netz.de\/wordpress\/wp-json\/wp\/v2\/comments?post=1471"}],"version-history":[{"count":1,"href":"https:\/\/www.hossi-im-netz.de\/wordpress\/wp-json\/wp\/v2\/posts\/1471\/revisions"}],"predecessor-version":[{"id":1473,"href":"https:\/\/www.hossi-im-netz.de\/wordpress\/wp-json\/wp\/v2\/posts\/1471\/revisions\/1473"}],"wp:attachment":[{"href":"https:\/\/www.hossi-im-netz.de\/wordpress\/wp-json\/wp\/v2\/media?parent=1471"}],"wp:term":[{"taxonomy":"category","embeddable":true,"href":"https:\/\/www.hossi-im-netz.de\/wordpress\/wp-json\/wp\/v2\/categories?post=1471"},{"taxonomy":"post_tag","embeddable":true,"href":"https:\/\/www.hossi-im-netz.de\/wordpress\/wp-json\/wp\/v2\/tags?post=1471"},{"taxonomy":"yst_prominent_words","embeddable":true,"href":"https:\/\/www.hossi-im-netz.de\/wordpress\/wp-json\/wp\/v2\/yst_prominent_words?post=1471"}],"curies":[{"name":"wp","href":"https:\/\/api.w.org\/{rel}","templated":true}]}}