{"id":1501,"date":"2015-09-16T16:28:21","date_gmt":"2015-09-16T14:28:21","guid":{"rendered":"http:\/\/www.hossi-im-netz.de\/wordpress\/?p=1501"},"modified":"2015-09-16T16:28:21","modified_gmt":"2015-09-16T14:28:21","slug":"herbstzeit-ist-sturmzeit","status":"publish","type":"post","link":"https:\/\/www.hossi-im-netz.de\/wordpress\/herbstzeit-ist-sturmzeit\/","title":{"rendered":"Herbstzeit ist Sturmzeit"},"content":{"rendered":"<p>Herbstzeit ist Sturmzeit<br \/>\nWenn wir an Herbst denken, kommen uns zwangsl\u00e4ufig auch wechselhafte, immer k\u00fchler werdende und teils auch windige bis st\u00fcrmische Tage in den Sinn. Klar, der Herbst kann sich auch von seiner sch\u00f6nen Seite zeigen. Wer empfand trotz k\u00fchler Temperaturen nicht schon mal ein Gef\u00fchl der Behaglichkeit, wenn das herbstliche Sonnenlicht das goldgelbe Bl\u00e4tterwerk der W\u00e4lder in eine warme Atmosph\u00e4re taucht? Doch Fakt ist, die Herbstzeit ist auch Sturmzeit. Doch warum ist das so?<\/p>\n<p>Die meisten Tiefdruckgebiete der mittleren Breiten entwickeln sich an der sogenannten &#8222;Polarfront&#8220;. Sie markiert den \u00dcbergangsbereich zwischen polarer Kaltluft und subtropischer Warmluft und damit einen Bereich besonders gro\u00dfer Temperaturkontraste. Die Polarfront &#8222;schl\u00e4ngelt&#8220; sich (m\u00e4andriert) mal mehr, mal weniger stark ausgepr\u00e4gt einmal um die komplette Nordhalbkugel (und auch S\u00fcdhalbkugel). Sie reicht meist vom Boden bis zur Tropopause, die sich bei uns im Mittel in ca. 11 km H\u00f6he befindet. Die Polarfront mit ihren gro\u00dfen Temperaturkontrasten stellt einen entscheidenden &#8222;Energielieferanten&#8220; f\u00fcr die Tiefdruckentwicklung dar. Dabei gilt, je gr\u00f6\u00dfer die Temperaturgegens\u00e4tze, desto mehr Energie steht zur Verf\u00fcgung und desto st\u00e4rker k\u00f6nnen auch die Tiefdruckentwicklungen ausfallen.<\/p>\n<p>Nun h\u00e4lt sich die Polarfront \u00fcber der Nordhalbkugel im Sommer meist relativ weit im Norden auf und auch die Temperaturkontraste an ihr sind recht schwach ausgepr\u00e4gt. Die Entwicklung sehr kr\u00e4ftiger Tiefdruckgebiete (Sturmtiefs) ist eher unwahrscheinlich. Im Herbst &#8222;steht&#8220; die Sonne auf der Nordhalbkugel immer flacher \u00fcber dem Horizont, es trifft immer weniger Energie mit dem Sonnenlicht auf die Erde. Die Atmosph\u00e4re beginnt sich dadurch abzuk\u00fchlen. Die Abk\u00fchlung setzt in den Polargebieten als Erstes ein und w\u00e4hrt dort auch am l\u00e4ngsten. Daher versch\u00e4rfen sich die Temperaturgegens\u00e4tze zwischen dem Norden und S\u00fcden an der Polarfront, die dar\u00fcber hinaus im Verlaufe des Herbstes tendenziell auch immer weiter nach S\u00fcden, teilweise bis nach S\u00fcdeuropa, &#8222;wandert&#8220;.<\/p>\n<p>Die Folge ist, dass im Herbst und Winter entlang der dann meist sehr gut ausgepr\u00e4gten Polarfront m\u00f6gliche Sturm- und Orkantiefs auch \u00fcber die mittleren und s\u00fcdlichen Teile Europas hinweggesteuert werden k\u00f6nnen.<\/p>\n<p>Da das Wettergeschehen meist sehr variabel ist und sich damit in der Regel nicht an statistische &#8222;Mittelwerte&#8220; h\u00e4lt, wechseln sich Jahre mit sehr vielen Herbst- und Winterst\u00fcrmen mit eher ruhigen Jahren ab. Die Frage, ob man sich nun in diesem Jahr auf einen goldenen Herbst freuen darf oder doch die wind- und regenfeste Kleidung \u00f6fter zum Einsatz kommt als die Sonnenbrille, liegt allerdings noch fernab des seri\u00f6sen Vorhersagehorizonts.<\/p>\n<p>Dipl.-Met. Adrian Leyser Deutscher Wetterdienst Vorhersage- und Beratungszentrale Offenbach, den 16.09.2015<\/p>\n<p>Copyright (c) Deutscher Wetterdienst<\/p>\n","protected":false},"excerpt":{"rendered":"<p>Herbstzeit ist Sturmzeit Wenn wir an Herbst denken, kommen uns zwangsl\u00e4ufig auch wechselhafte, immer k\u00fchler werdende und teils auch windige bis st\u00fcrmische Tage in den Sinn. Klar, der Herbst kann sich auch von seiner sch\u00f6nen Seite zeigen. Wer empfand trotz <span class=\"excerpt-dots\">&hellip;<\/span> <a class=\"more-link\" href=\"https:\/\/www.hossi-im-netz.de\/wordpress\/herbstzeit-ist-sturmzeit\/\"><span class=\"more-msg\">Weiterlesen &rarr;<\/span><\/a><\/p>\n","protected":false},"author":1,"featured_media":599,"comment_status":"open","ping_status":"closed","sticky":false,"template":"","format":"standard","meta":{"_exactmetrics_skip_tracking":false,"_exactmetrics_sitenote_active":false,"_exactmetrics_sitenote_note":"","_exactmetrics_sitenote_category":0,"jetpack_post_was_ever_published":false,"_jetpack_newsletter_access":"","_jetpack_dont_email_post_to_subs":false,"_jetpack_newsletter_tier_id":0,"_jetpack_memberships_contains_paywalled_content":false,"_jetpack_memberships_contains_paid_content":false,"footnotes":"","jetpack_publicize_message":"","jetpack_publicize_feature_enabled":true,"jetpack_social_post_already_shared":true,"jetpack_social_options":{"image_generator_settings":{"template":"highway","default_image_id":0,"font":"","enabled":false},"version":2}},"categories":[37],"tags":[218,264,213,265],"yst_prominent_words":[6911,2097,7986,1216,1576,2129,7988,5689,7981,7983,6698,3990,2858,7202,7980,7984,7982,7987,7985,3719],"class_list":["post-1501","post","type-post","status-publish","format-standard","has-post-thumbnail","hentry","category-wetterblog","tag-herbst","tag-herbstzeit","tag-sturm","tag-sturmzeit"],"jetpack_publicize_connections":[],"jetpack_featured_media_url":"https:\/\/www.hossi-im-netz.de\/wordpress\/wp-content\/uploads\/2015\/06\/wind-203962_1280.jpg","jetpack_sharing_enabled":true,"jetpack_shortlink":"https:\/\/wp.me\/p5DnIb-od","jetpack-related-posts":[],"jetpack_likes_enabled":true,"_links":{"self":[{"href":"https:\/\/www.hossi-im-netz.de\/wordpress\/wp-json\/wp\/v2\/posts\/1501","targetHints":{"allow":["GET"]}}],"collection":[{"href":"https:\/\/www.hossi-im-netz.de\/wordpress\/wp-json\/wp\/v2\/posts"}],"about":[{"href":"https:\/\/www.hossi-im-netz.de\/wordpress\/wp-json\/wp\/v2\/types\/post"}],"author":[{"embeddable":true,"href":"https:\/\/www.hossi-im-netz.de\/wordpress\/wp-json\/wp\/v2\/users\/1"}],"replies":[{"embeddable":true,"href":"https:\/\/www.hossi-im-netz.de\/wordpress\/wp-json\/wp\/v2\/comments?post=1501"}],"version-history":[{"count":1,"href":"https:\/\/www.hossi-im-netz.de\/wordpress\/wp-json\/wp\/v2\/posts\/1501\/revisions"}],"predecessor-version":[{"id":1502,"href":"https:\/\/www.hossi-im-netz.de\/wordpress\/wp-json\/wp\/v2\/posts\/1501\/revisions\/1502"}],"wp:featuredmedia":[{"embeddable":true,"href":"https:\/\/www.hossi-im-netz.de\/wordpress\/wp-json\/wp\/v2\/media\/599"}],"wp:attachment":[{"href":"https:\/\/www.hossi-im-netz.de\/wordpress\/wp-json\/wp\/v2\/media?parent=1501"}],"wp:term":[{"taxonomy":"category","embeddable":true,"href":"https:\/\/www.hossi-im-netz.de\/wordpress\/wp-json\/wp\/v2\/categories?post=1501"},{"taxonomy":"post_tag","embeddable":true,"href":"https:\/\/www.hossi-im-netz.de\/wordpress\/wp-json\/wp\/v2\/tags?post=1501"},{"taxonomy":"yst_prominent_words","embeddable":true,"href":"https:\/\/www.hossi-im-netz.de\/wordpress\/wp-json\/wp\/v2\/yst_prominent_words?post=1501"}],"curies":[{"name":"wp","href":"https:\/\/api.w.org\/{rel}","templated":true}]}}