{"id":1532,"date":"2015-09-21T05:38:02","date_gmt":"2015-09-21T03:38:02","guid":{"rendered":"http:\/\/www.hossi-im-netz.de\/wordpress\/?p=1532"},"modified":"2015-09-21T05:38:02","modified_gmt":"2015-09-21T03:38:02","slug":"wettervorhersage-brachwitz-wettin-loebejuen-saalekreis-halle-60","status":"publish","type":"post","link":"https:\/\/www.hossi-im-netz.de\/wordpress\/wettervorhersage-brachwitz-wettin-loebejuen-saalekreis-halle-60\/","title":{"rendered":"Wettervorhersage Brachwitz, Wettin-L\u00f6bej\u00fcn, Saalekreis, Halle"},"content":{"rendered":"<p>Wettervorhersage Brachwitz, Wettin-L\u00f6bej\u00fcn, Saalekreis, Halle<\/p>\n<p><a href=\"https:\/\/www.hossi-im-netz.de\/wordpress\/vorhersage\/\"><img loading=\"lazy\" decoding=\"async\" data-attachment-id=\"1533\" data-permalink=\"https:\/\/www.hossi-im-netz.de\/wordpress\/wettervorhersage-brachwitz-wettin-loebejuen-saalekreis-halle-60\/image-39\/\" data-orig-file=\"https:\/\/www.hossi-im-netz.de\/wordpress\/wp-content\/uploads\/2015\/09\/image5.png\" data-orig-size=\"828,302\" data-comments-opened=\"1\" data-image-meta=\"{&quot;aperture&quot;:&quot;0&quot;,&quot;credit&quot;:&quot;&quot;,&quot;camera&quot;:&quot;&quot;,&quot;caption&quot;:&quot;&quot;,&quot;created_timestamp&quot;:&quot;0&quot;,&quot;copyright&quot;:&quot;&quot;,&quot;focal_length&quot;:&quot;0&quot;,&quot;iso&quot;:&quot;0&quot;,&quot;shutter_speed&quot;:&quot;0&quot;,&quot;title&quot;:&quot;&quot;,&quot;orientation&quot;:&quot;0&quot;}\" data-image-title=\"Wettervorhersage 21.09.2015\" data-image-description=\"\" data-image-caption=\"\" data-medium-file=\"https:\/\/www.hossi-im-netz.de\/wordpress\/wp-content\/uploads\/2015\/09\/image5-300x109.png\" data-large-file=\"https:\/\/www.hossi-im-netz.de\/wordpress\/wp-content\/uploads\/2015\/09\/image5.png\" class=\"alignnone wp-image-1533 size-full\" title=\"Wettervorhersage 21.09.2015\" src=\"https:\/\/www.hossi-im-netz.de\/wordpress\/wp-content\/uploads\/2015\/09\/image5.png\" alt=\"Wettervorhersage 21.09.2015\" width=\"828\" height=\"302\" srcset=\"https:\/\/www.hossi-im-netz.de\/wordpress\/wp-content\/uploads\/2015\/09\/image5.png 828w, https:\/\/www.hossi-im-netz.de\/wordpress\/wp-content\/uploads\/2015\/09\/image5-300x109.png 300w\" sizes=\"auto, (max-width: 828px) 100vw, 828px\" \/><\/a><\/p>\n<p>Heute bew\u00f6lkt mit etwas Regen. Nachts etwas auflockernd und trocken.<\/p>\n<p>Wetter- und Warnlage f\u00fcr die n\u00e4chsten 24 Stunden: Die in einer nordwestlichen Str\u00f6mung nach Sachsen-Anhalt einflie\u00dfenden, k\u00fchlen bis m\u00e4\u00dfig warmen Luftmassen gelangen zunehmend unter leichten Hochdruckeinfluss.<\/p>\n<p>Bis auf weiteres werden keine warnrelevanten Wettererscheinungen erwartet.<\/p>\n<p>Detaillierter Wetterablauf: Heute fr\u00fch und im Tagesverlauf bleibt der Himmel meist stark bew\u00f6lkt. W\u00e4hrend vor allem im Norden des Landes bis zum fr\u00fchen Nachmittag kurze Schauer nicht ganz ausgeschlossen werden k\u00f6nnen, lockert die Bew\u00f6lkung im Burgenland am Abend auf. Bei schwachem Wind aus anfangs westlichen, am Abend s\u00fcdlichen Richtungen steigen die Temperaturen auf 16 bis 18, im Harz auf 12 bis 15 Grad. In der Nacht zum Dienstag lockert die Bew\u00f6lkung etwas auf und es bleibt trocken. Die Temperatur geht auf 11 bis 7, im Harz bis 5 Grad zur\u00fcck. Der Wind weht schwach und dreht auf S\u00fcdost.<\/p>\n<p>Am Dienstag verdichten sich nach freundlichem Tagesbeginn von Westen her die Wolken und gegen Mittag setzt im Harz leichter Regen ein, der bis zum Abend das gesamte Land erfasst. Der Wind weht schwach bis m\u00e4\u00dfig aus S\u00fcd bis S\u00fcdwest und die Temperaturen steigen auf 16 bis 19, im Harz auf 14 bis 18 Grad. In der Nacht zum Mittwoch bleibt der Himmel bedeckt. Gelegentlich f\u00e4llt etwas Regen. Bei nur schwachem Wind aus S\u00fcd sinken die Temperaturen auf Werte zwischen 11 und 9, im Harz bis 7 Grad.<\/p>\n<p>Am Mittwoch schafft es die Sonne nur selten, sich gegen die dichten Wolken durchzusetzen. Auch wenn es gebietsweise trocken bleibt, fallen dennoch \u00f6rtlich einige Regentropfen. Bei auf S\u00fcdwest drehendem, meist nur schwachem Wind steigen die Temperaturen auf H\u00f6chstwerte von 15 bis 17, im Harz 12 bis 14 Grad. In der Nacht zum Donnerstag lockern die Wolken auf und es bleibt weitgehend niederschlagsfrei. Bei schwachem S\u00fcdwestwind sinkt die Temperatur auf 10 bis 6 Grad.<\/p>\n<p>Am Donnerstag ziehen nur wenige Wolken am Himmel vor\u00fcber. Es bleibt trocken und wird mit H\u00f6chsttemperaturen von 17 bis 20, im Harz 15 bis 17 Grad m\u00e4\u00dfig warm. Der Wind weht dabei schwach, vom Harz bis zur Altmark auch m\u00e4\u00dfig aus S\u00fcdwest. In der Nacht zum Freitag bleibt es bei geringer Bew\u00f6lkung trocken. Bei schwachem Wind aus unterschiedlichen Richtungen und Tiefsttemperaturen zwischen 10 und 8 Grad besteht in den Morgenstunden die Gefahr von Nebelfeldern.<\/p>\n<p>Deutscher Wetterdienst, RWB Leipzig, Sebastian Schappert<\/p>\n","protected":false},"excerpt":{"rendered":"<p>Wettervorhersage Brachwitz, Wettin-L\u00f6bej\u00fcn, Saalekreis, Halle Heute bew\u00f6lkt mit etwas Regen. Nachts etwas auflockernd und trocken. Wetter- und Warnlage f\u00fcr die n\u00e4chsten 24 Stunden: Die in einer nordwestlichen Str\u00f6mung nach Sachsen-Anhalt einflie\u00dfenden, k\u00fchlen bis m\u00e4\u00dfig warmen Luftmassen gelangen zunehmend unter leichten <span class=\"excerpt-dots\">&hellip;<\/span> <a class=\"more-link\" href=\"https:\/\/www.hossi-im-netz.de\/wordpress\/wettervorhersage-brachwitz-wettin-loebejuen-saalekreis-halle-60\/\"><span class=\"more-msg\">Weiterlesen &rarr;<\/span><\/a><\/p>\n","protected":false},"author":1,"featured_media":0,"comment_status":"open","ping_status":"closed","sticky":false,"template":"","format":"standard","meta":{"_exactmetrics_skip_tracking":false,"_exactmetrics_sitenote_active":false,"_exactmetrics_sitenote_note":"","_exactmetrics_sitenote_category":0,"jetpack_post_was_ever_published":false,"_jetpack_newsletter_access":"","_jetpack_dont_email_post_to_subs":false,"_jetpack_newsletter_tier_id":0,"_jetpack_memberships_contains_paywalled_content":false,"_jetpack_memberships_contains_paid_content":false,"footnotes":"","jetpack_publicize_message":"","jetpack_publicize_feature_enabled":true,"jetpack_social_post_already_shared":true,"jetpack_social_options":{"image_generator_settings":{"template":"highway","default_image_id":0,"font":"","enabled":false},"version":2}},"categories":[37],"tags":[39,5,95,38,96],"yst_prominent_words":[5416,6119,7748,5566,5470,2125,6778,4933,5511,2019,2214,3179,2500,1451,2842,2030,5436,1526,1465,3675],"class_list":["post-1532","post","type-post","status-publish","format-standard","hentry","category-wetterblog","tag-brachwitz","tag-halle","tag-saalekreis","tag-wettervorhersage","tag-wettin-loebejuen"],"jetpack_publicize_connections":[],"jetpack_featured_media_url":"","jetpack_sharing_enabled":true,"jetpack_shortlink":"https:\/\/wp.me\/p5DnIb-oI","jetpack-related-posts":[],"jetpack_likes_enabled":true,"_links":{"self":[{"href":"https:\/\/www.hossi-im-netz.de\/wordpress\/wp-json\/wp\/v2\/posts\/1532","targetHints":{"allow":["GET"]}}],"collection":[{"href":"https:\/\/www.hossi-im-netz.de\/wordpress\/wp-json\/wp\/v2\/posts"}],"about":[{"href":"https:\/\/www.hossi-im-netz.de\/wordpress\/wp-json\/wp\/v2\/types\/post"}],"author":[{"embeddable":true,"href":"https:\/\/www.hossi-im-netz.de\/wordpress\/wp-json\/wp\/v2\/users\/1"}],"replies":[{"embeddable":true,"href":"https:\/\/www.hossi-im-netz.de\/wordpress\/wp-json\/wp\/v2\/comments?post=1532"}],"version-history":[{"count":1,"href":"https:\/\/www.hossi-im-netz.de\/wordpress\/wp-json\/wp\/v2\/posts\/1532\/revisions"}],"predecessor-version":[{"id":1534,"href":"https:\/\/www.hossi-im-netz.de\/wordpress\/wp-json\/wp\/v2\/posts\/1532\/revisions\/1534"}],"wp:attachment":[{"href":"https:\/\/www.hossi-im-netz.de\/wordpress\/wp-json\/wp\/v2\/media?parent=1532"}],"wp:term":[{"taxonomy":"category","embeddable":true,"href":"https:\/\/www.hossi-im-netz.de\/wordpress\/wp-json\/wp\/v2\/categories?post=1532"},{"taxonomy":"post_tag","embeddable":true,"href":"https:\/\/www.hossi-im-netz.de\/wordpress\/wp-json\/wp\/v2\/tags?post=1532"},{"taxonomy":"yst_prominent_words","embeddable":true,"href":"https:\/\/www.hossi-im-netz.de\/wordpress\/wp-json\/wp\/v2\/yst_prominent_words?post=1532"}],"curies":[{"name":"wp","href":"https:\/\/api.w.org\/{rel}","templated":true}]}}