{"id":1553,"date":"2015-09-24T14:56:52","date_gmt":"2015-09-24T12:56:52","guid":{"rendered":"http:\/\/www.hossi-im-netz.de\/wordpress\/?p=1553"},"modified":"2015-09-24T14:56:52","modified_gmt":"2015-09-24T12:56:52","slug":"ergruenen-der-halbwueste-sahel-ein-wunder","status":"publish","type":"post","link":"https:\/\/www.hossi-im-netz.de\/wordpress\/ergruenen-der-halbwueste-sahel-ein-wunder\/","title":{"rendered":"Ergr\u00fcnen der Halbw\u00fcste Sahel &#8211; ein Wunder?"},"content":{"rendered":"<h2>Ergr\u00fcnen der Halbw\u00fcste Sahel &#8211; ein Wunder?<\/h2>\n<div style=\"text-align: justify;\">Ein Artikel \u00fcber ein fortw\u00e4hrendes Ergr\u00fcnen der eigentlich eher w\u00fcsten\u00e4hnlichen Sahelzone im Norden Afrikas, der im US-amerikanischen Wirtschaftsmagazin &#8222;Proceedings of the National Academy of Sciences&#8220; (PNAS) erschien, sorgte zuletzt f\u00fcr erhebliches Aufsehen. Nach jahrzehntelanger D\u00fcrreperiode soll sich nach Untersuchungen von Forschern der South Dakota State University in den letzten rund 30 Jahren eine sichtbare Erholung der Vegetation in der Sahelzone vollzogen haben.<\/p>\n<p>Die Sahelzone erstreckt sich \u00fcber den n\u00f6rdlichen Teil Afrikas vom Atlantik bis zum Roten Meer und ist dabei rund 7000 km lang und 800 km breit. Sie l\u00e4sst sich als \u00dcbergangszone vom eigentlichen W\u00fcstengebiet der sich n\u00f6rdlich davon anschlie\u00dfenden Sahara bis zur Trocken- und Feuchtsavanne im S\u00fcden definieren (siehe Karte auf www.dwd.de unter &#8222;Thema des Tages&#8220; und &#8222;[mehr]&#8220;). Das Wort &#8222;Sahel&#8220; stammt aus dem Arabischen, bedeutet Ufer oder K\u00fcste und bezieht sich u. A. auf die sp\u00e4rlich vorhandene Vegetation der Sahel, die f\u00fcr Saharadurchwanderer wie eine K\u00fcste oder ein Ufer vorkommen mag.Das Klima der Sahelzone wird als semiarid eingestuft. Semiaride Klimate sind im Wesentlichen durch lange, ausgepr\u00e4gte Trockenzeiten gekennzeichnet, die nur vor\u00fcbergehend durch h\u00f6chstens drei bis f\u00fcnf Monate dauernde, feuchte Phasen unterbrochen werden. In diesen feuchten Phasen \u00fcbersteigt der Niederschlag die Verdunstung, wodurch ansonsten trocken liegende Fl\u00fcsse kurzzeitig Wasser f\u00fchren k\u00f6nnen. Diesen periodisch oder episodisch auftretenden feuchten Phasen folgt auch die von Natur aus eher sp\u00e4rlich vorhandene Vegetation &#8211; es bilden sich sog. Halbw\u00fcsten aus.<\/p>\n<p>Ein periodisches Ergr\u00fcnen der Sahelzone w\u00e4re also gar nicht mal untypisch. Nun war es aber gerade in den Siebziger- und Anfang der Achtzigerjahren so, dass die Trockenzeiten immer l\u00e4nger andauerten und immer seltener von niederschlagsreichen Phasen unterbrochen wurden. \u00dcberweidung und Abholzung sorgten zudem f\u00fcr eine Verschlechterung der B\u00f6den bis hin zu einer Versteppung durch erh\u00f6hte Bodenerosion (Bodenabtragung durch Wind), wodurch sich Hungersn\u00f6te immer weiter ausbreiteten. Sowohl die Klimaver\u00e4nderungen als auch die menschlichen Aktivit\u00e4ten beg\u00fcnstigten schlie\u00dflich eine fortschreitende W\u00fcstenbildung (Desertifikation). Die Sahelzone wurde von der Sahara von Norden her regelrecht &#8222;aufgefressen&#8220;.<\/p>\n<p>Ab Mitte der Achtzigerjahre kehrte sich dieser Trend jedoch um, die Niederschl\u00e4ge nahmen wieder zu. Analysen von Satellitenbildern durch die Geowissenschaftler der South Dakota State University best\u00e4tigten: die Vegetationsdecke der Sahelzone wuchs in den meisten F\u00e4llen signifikant an. Ist das Vegetationswachstum aber allein eine Folge der Niederschlagszunahme, also klimatischer Trends?<\/p>\n<p>Diese positive Entwicklung mag im Hinblick auf die Vorgeschichte tats\u00e4chlich fast wie ein kleines Wunder erscheinen, muss aber relativiert werden. Denn nicht nur die Klimaschwankungen wirken sich auf das Vegetationswachstum aus. Die teils sehr unterschiedliche Landnutzung in der Sahelzone ist als entscheidender Faktor mit anzuf\u00fchren. So kann beispielsweise ein nachhaltiger Anbau von Gr\u00fcnpflanzen und Aufforstung, wie es durch eine Vielzahl an internationalen Umweltinitiativen angestrebt und bereits auch durchgef\u00fchrt wurde, das Gesicht einer Landschaft ma\u00dfgeblich beeinflussen. Wissenschaftler der Universit\u00e4t zu Bayreuth, aus Frankreich, Spanien und dem Senegal berichteten im Fachjournal &#8222;remote sensing&#8220; im vergangenen Jahr 2014, dass solche Ma\u00dfnahmen viel weniger abh\u00e4ngig von klimatischen (Niederschlags-)Trends seien, als bisweilen angenommen. Die Tatsache, dass die Staaten Senegal und Mali besonders von einem Vegetationswachstum profitieren, obwohl die Niederschlagsmengen dort vergleichsweise wenig \u00c4nderung zeigen, unterstreicht diese These.<\/p>\n<p>Die Entscheidung, ob die Sahelzone nachhaltig ergr\u00fcnt oder wieder versteppt, obliegt also mitnichten nur den Naturgewalten, sondern in nicht zu vernachl\u00e4ssigbaren Ma\u00dfe auch dem Menschen.<\/p>\n<p>Dipl.-Met. Adrian Leyser Deutscher Wetterdienst Vorhersage- und Beratungszentrale Offenbach, den 24.09.2015<\/p>\n<p>Copyright (c) <a href=\"http:\/\/www.dwd.de\" target=\"_blank\">Deutscher Wetterdienst<\/a><\/div>\n<div style=\"text-align: justify;\"><\/div>\n<div style=\"text-align: justify;\">\n<div id=\"attachment_1554\" style=\"width: 570px\" class=\"wp-caption alignnone\"><a href=\"https:\/\/www.hossi-im-netz.de\/wordpress\/wp-content\/uploads\/2015\/09\/Sahel.png\"><img loading=\"lazy\" decoding=\"async\" aria-describedby=\"caption-attachment-1554\" data-attachment-id=\"1554\" data-permalink=\"https:\/\/www.hossi-im-netz.de\/wordpress\/ergruenen-der-halbwueste-sahel-ein-wunder\/sahel\/\" data-orig-file=\"https:\/\/www.hossi-im-netz.de\/wordpress\/wp-content\/uploads\/2015\/09\/Sahel.png\" data-orig-size=\"560,731\" data-comments-opened=\"1\" data-image-meta=\"{&quot;aperture&quot;:&quot;0&quot;,&quot;credit&quot;:&quot;&quot;,&quot;camera&quot;:&quot;&quot;,&quot;caption&quot;:&quot;&quot;,&quot;created_timestamp&quot;:&quot;0&quot;,&quot;copyright&quot;:&quot;&quot;,&quot;focal_length&quot;:&quot;0&quot;,&quot;iso&quot;:&quot;0&quot;,&quot;shutter_speed&quot;:&quot;0&quot;,&quot;title&quot;:&quot;&quot;,&quot;orientation&quot;:&quot;0&quot;}\" data-image-title=\"Sahel\" data-image-description=\"&lt;p&gt;Ergr\u00fcnen der Halbw\u00fcste Sahel &amp;#8211; ein Wunder?&lt;\/p&gt;\n\" data-image-caption=\"&lt;p&gt;Ergr\u00fcnen der Halbw\u00fcste Sahel &amp;#8211; ein Wunder?&lt;\/p&gt;\n\" data-medium-file=\"https:\/\/www.hossi-im-netz.de\/wordpress\/wp-content\/uploads\/2015\/09\/Sahel-230x300.png\" data-large-file=\"https:\/\/www.hossi-im-netz.de\/wordpress\/wp-content\/uploads\/2015\/09\/Sahel.png\" class=\"size-full wp-image-1554\" src=\"https:\/\/www.hossi-im-netz.de\/wordpress\/wp-content\/uploads\/2015\/09\/Sahel.png\" alt=\"Ergr\u00fcnen der Halbw\u00fcste Sahel - ein Wunder?\" width=\"560\" height=\"731\" srcset=\"https:\/\/www.hossi-im-netz.de\/wordpress\/wp-content\/uploads\/2015\/09\/Sahel.png 560w, https:\/\/www.hossi-im-netz.de\/wordpress\/wp-content\/uploads\/2015\/09\/Sahel-230x300.png 230w\" sizes=\"auto, (max-width: 560px) 100vw, 560px\" \/><\/a><p id=\"caption-attachment-1554\" class=\"wp-caption-text\">Ergr\u00fcnen der Halbw\u00fcste Sahel &#8211; ein Wunder?<\/p><\/div>\n<\/div>\n","protected":false},"excerpt":{"rendered":"<p>Ergr\u00fcnen der Halbw\u00fcste Sahel &#8211; ein Wunder? Ein Artikel \u00fcber ein fortw\u00e4hrendes Ergr\u00fcnen der eigentlich eher w\u00fcsten\u00e4hnlichen Sahelzone im Norden Afrikas, der im US-amerikanischen Wirtschaftsmagazin &#8222;Proceedings of the National Academy of Sciences&#8220; (PNAS) erschien, sorgte zuletzt f\u00fcr erhebliches Aufsehen. Nach <span class=\"excerpt-dots\">&hellip;<\/span> <a class=\"more-link\" href=\"https:\/\/www.hossi-im-netz.de\/wordpress\/ergruenen-der-halbwueste-sahel-ein-wunder\/\"><span class=\"more-msg\">Weiterlesen &rarr;<\/span><\/a><\/p>\n","protected":false},"author":1,"featured_media":0,"comment_status":"open","ping_status":"closed","sticky":false,"template":"","format":"standard","meta":{"_exactmetrics_skip_tracking":false,"_exactmetrics_sitenote_active":false,"_exactmetrics_sitenote_note":"","_exactmetrics_sitenote_category":0,"jetpack_post_was_ever_published":false,"_jetpack_newsletter_access":"","_jetpack_dont_email_post_to_subs":false,"_jetpack_newsletter_tier_id":0,"_jetpack_memberships_contains_paywalled_content":false,"_jetpack_memberships_contains_paid_content":false,"footnotes":"","jetpack_publicize_message":"","jetpack_publicize_feature_enabled":true,"jetpack_social_post_already_shared":true,"jetpack_social_options":{"image_generator_settings":{"template":"highway","default_image_id":0,"font":"","enabled":false},"version":2}},"categories":[37],"tags":[277,276],"yst_prominent_words":[],"class_list":["post-1553","post","type-post","status-publish","format-standard","hentry","category-wetterblog","tag-sahara","tag-sahel"],"jetpack_publicize_connections":[],"jetpack_featured_media_url":"","jetpack_sharing_enabled":true,"jetpack_shortlink":"https:\/\/wp.me\/p5DnIb-p3","jetpack-related-posts":[],"jetpack_likes_enabled":true,"_links":{"self":[{"href":"https:\/\/www.hossi-im-netz.de\/wordpress\/wp-json\/wp\/v2\/posts\/1553","targetHints":{"allow":["GET"]}}],"collection":[{"href":"https:\/\/www.hossi-im-netz.de\/wordpress\/wp-json\/wp\/v2\/posts"}],"about":[{"href":"https:\/\/www.hossi-im-netz.de\/wordpress\/wp-json\/wp\/v2\/types\/post"}],"author":[{"embeddable":true,"href":"https:\/\/www.hossi-im-netz.de\/wordpress\/wp-json\/wp\/v2\/users\/1"}],"replies":[{"embeddable":true,"href":"https:\/\/www.hossi-im-netz.de\/wordpress\/wp-json\/wp\/v2\/comments?post=1553"}],"version-history":[{"count":1,"href":"https:\/\/www.hossi-im-netz.de\/wordpress\/wp-json\/wp\/v2\/posts\/1553\/revisions"}],"predecessor-version":[{"id":1555,"href":"https:\/\/www.hossi-im-netz.de\/wordpress\/wp-json\/wp\/v2\/posts\/1553\/revisions\/1555"}],"wp:attachment":[{"href":"https:\/\/www.hossi-im-netz.de\/wordpress\/wp-json\/wp\/v2\/media?parent=1553"}],"wp:term":[{"taxonomy":"category","embeddable":true,"href":"https:\/\/www.hossi-im-netz.de\/wordpress\/wp-json\/wp\/v2\/categories?post=1553"},{"taxonomy":"post_tag","embeddable":true,"href":"https:\/\/www.hossi-im-netz.de\/wordpress\/wp-json\/wp\/v2\/tags?post=1553"},{"taxonomy":"yst_prominent_words","embeddable":true,"href":"https:\/\/www.hossi-im-netz.de\/wordpress\/wp-json\/wp\/v2\/yst_prominent_words?post=1553"}],"curies":[{"name":"wp","href":"https:\/\/api.w.org\/{rel}","templated":true}]}}