{"id":1559,"date":"2015-09-25T14:57:08","date_gmt":"2015-09-25T12:57:08","guid":{"rendered":"http:\/\/www.hossi-im-netz.de\/wordpress\/?p=1559"},"modified":"2015-09-25T14:57:08","modified_gmt":"2015-09-25T12:57:08","slug":"das-graue-trueb-namens-nebel","status":"publish","type":"post","link":"https:\/\/www.hossi-im-netz.de\/wordpress\/das-graue-trueb-namens-nebel\/","title":{"rendered":"Das graue Tr\u00fcb namens &#8222;Nebel&#8220;"},"content":{"rendered":"<h2>Das graue Tr\u00fcb namens &#8222;Nebel&#8220;<\/h2>\n<div style=\"text-align: justify;\">Nebel ist in dieser Jahreszeit wieder h\u00e4ufiger anzutreffen. Auch am heutigen Freitagmorgen (25.09.2015) trat vor allem in der S\u00fcdh\u00e4lfte des Landes \u00f6rtlich Nebel auf. Auch an dieser Stelle im Thema des Tages wurde der graue Schleier bereits am 09.09. und am 21.09. thematisiert. Im heutigen Tagesthema wollen wir uns die verschiedenen Nebelarten und ihre Entstehung einmal n\u00e4her betrachten.<\/p>\n<p>Wie bereits erw\u00e4hnt, handelt es sich bei Nebel um nichts anderes als eine Wolke, die meist auf dem Boden aufliegt. Prinzipiell kann Luft nur einen gewissen Anteil an Feuchtigkeit in Form von Wasserdampf aufnehmen. Je niedriger dabei ihre Temperatur ist, desto weniger Wasserdampf ist in der Luft enthalten. Ist die Luft mit Wasserdampf ges\u00e4ttigt, kann sich der darin befindliche Wasserdampf durch Kondensation an sogenannten Kondensationskeimen anlagern, wodurch Wassertr\u00f6pfchen entstehen. Da die Bildung von Nebel jedoch verschiedene Ursachen haben kann, unterscheidet man prinzipiell zwischen drei Nebeltypen, die in weitere Nebelarten unterteilt werden.<\/p>\n<p>Nebel bildet sich zun\u00e4chst einmal nur windschwachen Lagen bei meist nur locker bew\u00f6lktem oder klarem Himmel, wenn die Temperatur in Erdbodenn\u00e4hedurch die n\u00e4chtliche langwellige Ausstrahlung kr\u00e4ftig absinken kann. In der immer k\u00e4lter werdenden Luft steigt die relative Luftfeuchtigkeit zunehmend an. Bei einer bestimmten Temperatur, der sogenannten Taupunkttemperatur, setzt Kondensation ein und der Wasserdampf f\u00e4llt aus. Es bilden sich Nebeltr\u00f6pfchen. Besonders in Niederungen und Tallagen, wo sich die schwere, kalte Luft sammeln kann, bildet sich dann der sogenannte Strahlungsnebel aus. Auch Brillentr\u00e4ger kennen dieses Ph\u00e4nomen nur allzu gut, wenn sie an kalten Wintertagen einen warmen Raum betreten. Die kalten Gl\u00e4ser k\u00fchlen die warme Luft in unmittelbarer N\u00e4he bis zur Kondensation ab und beschlagen.<\/p>\n<p>Wird dagegen feucht-warme Luft \u00fcber einen kalten Untergrund advehiert (herangef\u00fchrt), entsteht ebenfalls Nebel aufgrund von Abk\u00fchlung im Grenzbereich beider Luftmassen, der auch als Advektionsnebel bezeichnet wird. Beim orografischen Nebel erfolgt die Temperaturabnahme der Luftmasse durch den erzwungenen Aufstieg an einem Berg oder einem Gebirge (zum Beispiel in Nebelw\u00e4ldern).<\/p>\n<p>Eine weitere Art von Nebel entsteht bei Abk\u00fchlung der Luft und gleichzeitiger Erh\u00f6hung des Wasserdampfgehalts. Beispielsweise im Bereich von Luftmassengrenzen (Fronten) ist die turbulente Durchmischung von kalter und feuchtwarmer Luft mit einer Temperaturabnahme der Warmluft verbunden. Mit der zus\u00e4tzlichen Verdunstung von kaltem Regen wird der bodennahe Feuchtegehalt in der Luft erh\u00f6ht und es bildet sich der sogenannte Mischungsnebel aus. Oft zeigt sich Nebel auch in h\u00f6heren Luftschichten in Form einer gleichm\u00e4\u00dfigen, relativ tief liegenden Wolkenschicht. Vor allem bei Hochdrucklagen im Winter sinkt relativ warme Luft in der H\u00f6he in die kalte Luft am Boden ab (zum Beispiel \u00fcber Schneefl\u00e4chen) und im Grenzbereich der beiden Luftmassen bildet sich eine flache Wolkenschicht aus. Man spricht dann von Hochnebel. Wer gerne in den Bergen wandert, kennt diese Art von Nebel. W\u00e4hrend das Wetter im Tal beim Start der Tour noch recht dunstig ist, taucht man mit zunehmenden H\u00f6henmetern in den Hochnebel ein. Mit etwas Gl\u00fcck liegt die Gipfelregion \u00fcber den Wolken und man steht pl\u00f6tzlich in vollem Sonnenlicht.<\/p>\n<p>Weiterhin werden die bodennahen Luftschichten durch Verdunstung \u00fcber freien Wasseroberfl\u00e4chen kr\u00e4ftig mit Wasserdampf angereichert. Dabei kommt es bei S\u00e4ttigung der Luft zu Kondensation und es entsteht der sogenannte Verdunstungs- oder auch Dampfnebel. Je nach Gew\u00e4sser differenziert man wegen der schwadenf\u00f6rmig rauchenden Wasseroberfl\u00e4che Seerauch, Meerrauch, oder Flussrauch. Eine Kombination der verschiedenen Entstehungsprozesse ist bei der Bildung von Nebel ebenfalls m\u00f6glich.<\/p>\n<p>Auch in den kommenden N\u00e4chten muss in Deutschland meist bis zum Mittag mit Nebel oder Hochnebel gerechnet werden. Nach Aufl\u00f6sung der Nebelfelder zeigt sich dann aber tags\u00fcber zunehmend die Sonne. Bereits am Samstag (26.09.2015) kann man sich im Nordosten Deutschlands \u00fcber l\u00e4ngeren Sonnenschein freuen. Ab Sonntag (27.09.2015) zeigt sich die Sonne wieder recht verbreitet.<\/p>\n<p>M.Sc.-Met. Sebastian Schappert Deutscher Wetterdienst Vorhersage- und Beratungszentrale Offenbach, den 25.09.2015<\/p>\n<p>Copyright (c) <a href=\"http:\/\/www.dwd.de\" target=\"_blank\">Deutscher Wetterdienst<\/a><\/div>\n","protected":false},"excerpt":{"rendered":"<p>Das graue Tr\u00fcb namens &#8222;Nebel&#8220; Nebel ist in dieser Jahreszeit wieder h\u00e4ufiger anzutreffen. Auch am heutigen Freitagmorgen (25.09.2015) trat vor allem in der S\u00fcdh\u00e4lfte des Landes \u00f6rtlich Nebel auf. Auch an dieser Stelle im Thema des Tages wurde der graue <span class=\"excerpt-dots\">&hellip;<\/span> <a class=\"more-link\" href=\"https:\/\/www.hossi-im-netz.de\/wordpress\/das-graue-trueb-namens-nebel\/\"><span class=\"more-msg\">Weiterlesen &rarr;<\/span><\/a><\/p>\n","protected":false},"author":1,"featured_media":64,"comment_status":"open","ping_status":"closed","sticky":false,"template":"","format":"standard","meta":{"_exactmetrics_skip_tracking":false,"_exactmetrics_sitenote_active":false,"_exactmetrics_sitenote_note":"","_exactmetrics_sitenote_category":0,"jetpack_post_was_ever_published":false,"_jetpack_newsletter_access":"","_jetpack_dont_email_post_to_subs":false,"_jetpack_newsletter_tier_id":0,"_jetpack_memberships_contains_paywalled_content":false,"_jetpack_memberships_contains_paid_content":false,"footnotes":"","jetpack_publicize_message":"","jetpack_publicize_feature_enabled":true,"jetpack_social_post_already_shared":true,"jetpack_social_options":{"image_generator_settings":{"template":"highway","default_image_id":0,"font":"","enabled":false},"version":2}},"categories":[37],"tags":[278],"yst_prominent_words":[8042,5863,8039,1939,1216,5634,8041,2259,2209,3518,6548,7863,5510,6698,2507,8043,1629,8040,6725,6229],"class_list":["post-1559","post","type-post","status-publish","format-standard","has-post-thumbnail","hentry","category-wetterblog","tag-nebel"],"jetpack_publicize_connections":[],"jetpack_featured_media_url":"https:\/\/www.hossi-im-netz.de\/wordpress\/wp-content\/uploads\/2015\/01\/cropped-24.07.2013-05-36-372.jpg","jetpack_sharing_enabled":true,"jetpack_shortlink":"https:\/\/wp.me\/p5DnIb-p9","jetpack-related-posts":[],"jetpack_likes_enabled":true,"_links":{"self":[{"href":"https:\/\/www.hossi-im-netz.de\/wordpress\/wp-json\/wp\/v2\/posts\/1559","targetHints":{"allow":["GET"]}}],"collection":[{"href":"https:\/\/www.hossi-im-netz.de\/wordpress\/wp-json\/wp\/v2\/posts"}],"about":[{"href":"https:\/\/www.hossi-im-netz.de\/wordpress\/wp-json\/wp\/v2\/types\/post"}],"author":[{"embeddable":true,"href":"https:\/\/www.hossi-im-netz.de\/wordpress\/wp-json\/wp\/v2\/users\/1"}],"replies":[{"embeddable":true,"href":"https:\/\/www.hossi-im-netz.de\/wordpress\/wp-json\/wp\/v2\/comments?post=1559"}],"version-history":[{"count":1,"href":"https:\/\/www.hossi-im-netz.de\/wordpress\/wp-json\/wp\/v2\/posts\/1559\/revisions"}],"predecessor-version":[{"id":1560,"href":"https:\/\/www.hossi-im-netz.de\/wordpress\/wp-json\/wp\/v2\/posts\/1559\/revisions\/1560"}],"wp:featuredmedia":[{"embeddable":true,"href":"https:\/\/www.hossi-im-netz.de\/wordpress\/wp-json\/wp\/v2\/media\/64"}],"wp:attachment":[{"href":"https:\/\/www.hossi-im-netz.de\/wordpress\/wp-json\/wp\/v2\/media?parent=1559"}],"wp:term":[{"taxonomy":"category","embeddable":true,"href":"https:\/\/www.hossi-im-netz.de\/wordpress\/wp-json\/wp\/v2\/categories?post=1559"},{"taxonomy":"post_tag","embeddable":true,"href":"https:\/\/www.hossi-im-netz.de\/wordpress\/wp-json\/wp\/v2\/tags?post=1559"},{"taxonomy":"yst_prominent_words","embeddable":true,"href":"https:\/\/www.hossi-im-netz.de\/wordpress\/wp-json\/wp\/v2\/yst_prominent_words?post=1559"}],"curies":[{"name":"wp","href":"https:\/\/api.w.org\/{rel}","templated":true}]}}