{"id":1567,"date":"2015-09-27T13:06:30","date_gmt":"2015-09-27T11:06:30","guid":{"rendered":"http:\/\/www.hossi-im-netz.de\/wordpress\/?p=1567"},"modified":"2015-09-27T13:06:30","modified_gmt":"2015-09-27T11:06:30","slug":"der-blut-ernte-supervoll-mond","status":"publish","type":"post","link":"https:\/\/www.hossi-im-netz.de\/wordpress\/der-blut-ernte-supervoll-mond\/","title":{"rendered":"Der &#8222;Blut-Ernte-Supervoll-Mond&#8220;"},"content":{"rendered":"<h2>Der &#8222;Blut-Ernte-Supervoll-Mond&#8220;<\/h2>\n<div style=\"text-align: justify;\">Am morgigen Montagmorgen (28.09.2015) kann man, sofern man Fr\u00fchaufsteher ist und es das Wetter zul\u00e4sst, wieder einmal eine totale Mondfinsternis in Deutschland bewundern. Der Eintritt des Mondes in den Kernschatten der Erde erfolgt um 3.07 Uhr (alle Zeiten in MESZ), der Austritt daraus um 6.27 Uhr. Zwischen 4.11 Uhr und 5.23 Uhr ist die totale Phase zu beobachten, in der sich der Mond vollst\u00e4ndig im Kernschatten befindet. Diese \u00fcber 70 Minuten andauernde Phase ist im Vergleich zu anderen Mondfinsternissen ziemlich lang.<\/p>\n<p>Die Gesamtdauer der Finsternis wird dagegen mit 5 \u00bc Stunden ungew\u00f6hnlich kurz sein. Sie wird durch den Eintritt in den Halbschatten um 2.10 Uhr und dem Austritt aus selbigem um 7.24 Uhr festgelegt. Die kurze Gesamtdauer ist darauf zur\u00fcckzuf\u00fchren, dass sich der Mond auf seiner elliptischen Bahn im erdn\u00e4chsten Abschnitt befindet und nur 356.000 Kilometer anstatt im Mittel 384.000 Kilometer von der Erde entfernt ist. Das verleiht ihm von der Erde aus gesehen eine entsprechend hohe Geschwindigkeit.<\/p>\n<p>Der besonders nahe Mond ist aber nicht nur f\u00fcr uns schneller unterwegs, er ist scheinbar auch gr\u00f6\u00dfer. Der Durchmesser erscheint um 14 % gr\u00f6\u00dfer als bei der mit 406.000 Kilometern erdentferntesten Position. Zudem ist der Mond dabei 30 % heller. In den Medien wird dieser Zustand des Mondes gerne als &#8222;Supermond&#8220; oder als &#8222;Supervollmond&#8220; bezeichnet.<\/p>\n<p>Dar\u00fcber hinaus ist der September-Vollmond auch noch als &#8222;Erntemond&#8220; bekannt. In fr\u00fcheren Zeiten wurden durch das helle Mondlicht die in diesem Monat stattfindenden Erntearbeiten auf den Feldern bei entsprechenden Wetterbedingungen in der Nacht m\u00f6glich.<\/p>\n<p>Zu guter Letzt wird durch den nahen Supervoll-Mond die totale Finsternis gar nicht durch die sonst \u00fcbliche totale Verdunkelung des Mondes gekennzeichnet sein, sondern stattdessen in einer r\u00f6tlich-braunen F\u00e4rbung w\u00e4hrend der totalen Phasen erscheinen. In diesem Zusammenhang spricht man von einem &#8222;Blutmond&#8220;.<\/p>\n<p>Stellt sich nun die Frage, ob das Wetter uns nicht einen Strich durch die Beobachtung des &#8222;Blut-Ernte-Supervoll-Monds&#8220; machen wird?<\/p>\n<p>Aktuell liegt ein ausgepr\u00e4gtes Hochdruckgebiet mit dem sch\u00f6nen Namen &#8222;Netti&#8220; mit Zentrum \u00fcber der Nordsee. Es wird seine Position bis morgen nur unwesentlich ver\u00e4ndern. Allerdings geht in den Fr\u00fchstunden damit auch die &#8222;Nebel-Lotterie&#8220; los, wobei nur schwer vorherzusagen ist, wo sich genau in Deutschland Nebelfelder bilden werden. Au\u00dferdem k\u00f6nnten auch Hochnebelfelder st\u00f6ren.<\/p>\n<p>Nach aktuellen Erkenntnissen scheint die Nebelgefahr vor allem in den n\u00f6rdlichen Mittelgebirgen sowie n\u00f6rdlich davon erh\u00f6ht zu sein, w\u00e4hrend sie im S\u00fcden, au\u00dfer am Alpenrand, geringer ist. Die Hochnebelgefahr ist wiederum im Nordwesten am h\u00f6chsten, da dort von der Nordsee her tief h\u00e4ngende Wolkenfelder hereindriften k\u00f6nnen. Auch im n\u00f6rdlichen Stau des Erzgebirges und des Th\u00fcringer Waldes gibt es eine h\u00f6here Wahrscheinlichkeit f\u00fcr Hochnebel. In den anderen Regionen stehen die Chancen gut, die Finsternis beobachten zu k\u00f6nnen (siehe dazu die Grafik f\u00fcr Montagmorgen, zu finden unter www.dwd.de\/tagesthema). Warm anziehen sollte man sich aber trotzdem, da die Temperatur auf ziemlich frische 9 bis 2 Grad zur\u00fcckgeht, nur an den K\u00fcsten bleibt es bei etwa 10 Grad ein wenig milder.<\/p>\n<p>Sollte es mit der Beobachtung dieses Mal nicht klappen, findet die n\u00e4chste totale Finsternis in Deutschland am 27.07.2018 statt. Die n\u00e4chste &#8222;Blut-Supervoll-Mond&#8220;-Finsternis gibt es nach Angaben der NASA allerdings erst wieder im Jahre 2033 zu sehen. Die n\u00e4chste &#8222;Blut-Ernte-Supervoll-Mond&#8220;-Finsternis d\u00fcrfte nach Berechnungen der WAA (Wiener Arbeitsgemeinschaft f\u00fcr Astronomie) sogar erst am 02.09.2574 vorkommen. Es spielt sich also Historisches ab an unserem Himmel, hoffentlich passt auch das Wetter dazu.<\/p>\n<p>Dipl.-Met. Simon Trippler Deutscher Wetterdienst Vorhersage- und Beratungszentrale Offenbach, den 27.09.2015<\/p>\n<p>Copyright (c) <a href=\"http:\/\/www.dwd.de\" target=\"_blank\">Deutscher Wetterdienst<\/a><\/div>\n<div style=\"text-align: justify;\"><\/div>\n<div style=\"text-align: justify;\">\n<div id=\"attachment_1568\" style=\"width: 614px\" class=\"wp-caption alignnone\"><a href=\"https:\/\/www.hossi-im-netz.de\/wordpress\/wp-content\/uploads\/2015\/09\/getimg.jsp_.jpeg\"><img loading=\"lazy\" decoding=\"async\" aria-describedby=\"caption-attachment-1568\" data-attachment-id=\"1568\" data-permalink=\"https:\/\/www.hossi-im-netz.de\/wordpress\/der-blut-ernte-supervoll-mond\/getimg-jsp-8\/\" data-orig-file=\"https:\/\/www.hossi-im-netz.de\/wordpress\/wp-content\/uploads\/2015\/09\/getimg.jsp_.jpeg\" data-orig-size=\"1280,720\" data-comments-opened=\"1\" data-image-meta=\"{&quot;aperture&quot;:&quot;0&quot;,&quot;credit&quot;:&quot;&quot;,&quot;camera&quot;:&quot;&quot;,&quot;caption&quot;:&quot;&quot;,&quot;created_timestamp&quot;:&quot;0&quot;,&quot;copyright&quot;:&quot;&quot;,&quot;focal_length&quot;:&quot;0&quot;,&quot;iso&quot;:&quot;0&quot;,&quot;shutter_speed&quot;:&quot;0&quot;,&quot;title&quot;:&quot;&quot;,&quot;orientation&quot;:&quot;0&quot;}\" data-image-title=\"Der &amp;#8222;Blut-Ernte-Supervoll-Mond&amp;#8220;\" data-image-description=\"&lt;p&gt;Der &amp;#8222;Blut-Ernte-Supervoll-Mond&amp;#8220;&lt;\/p&gt;\n\" data-image-caption=\"&lt;p&gt;Der &amp;#8222;Blut-Ernte-Supervoll-Mond&amp;#8220;&lt;\/p&gt;\n\" data-medium-file=\"https:\/\/www.hossi-im-netz.de\/wordpress\/wp-content\/uploads\/2015\/09\/getimg.jsp_-300x169.jpeg\" data-large-file=\"https:\/\/www.hossi-im-netz.de\/wordpress\/wp-content\/uploads\/2015\/09\/getimg.jsp_-1024x576.jpeg\" class=\"size-large wp-image-1568\" src=\"https:\/\/www.hossi-im-netz.de\/wordpress\/wp-content\/uploads\/2015\/09\/getimg.jsp_-1024x576.jpeg\" alt=\"Der &quot;Blut-Ernte-Supervoll-Mond&quot;\" width=\"604\" height=\"340\" srcset=\"https:\/\/www.hossi-im-netz.de\/wordpress\/wp-content\/uploads\/2015\/09\/getimg.jsp_-1024x576.jpeg 1024w, https:\/\/www.hossi-im-netz.de\/wordpress\/wp-content\/uploads\/2015\/09\/getimg.jsp_-300x169.jpeg 300w, https:\/\/www.hossi-im-netz.de\/wordpress\/wp-content\/uploads\/2015\/09\/getimg.jsp_.jpeg 1280w\" sizes=\"auto, (max-width: 604px) 100vw, 604px\" \/><\/a><p id=\"caption-attachment-1568\" class=\"wp-caption-text\">Der &#8222;Blut-Ernte-Supervoll-Mond&#8220;<\/p><\/div>\n<\/div>\n","protected":false},"excerpt":{"rendered":"<p>Der &#8222;Blut-Ernte-Supervoll-Mond&#8220; Am morgigen Montagmorgen (28.09.2015) kann man, sofern man Fr\u00fchaufsteher ist und es das Wetter zul\u00e4sst, wieder einmal eine totale Mondfinsternis in Deutschland bewundern. Der Eintritt des Mondes in den Kernschatten der Erde erfolgt um 3.07 Uhr (alle Zeiten <span class=\"excerpt-dots\">&hellip;<\/span> <a class=\"more-link\" href=\"https:\/\/www.hossi-im-netz.de\/wordpress\/der-blut-ernte-supervoll-mond\/\"><span class=\"more-msg\">Weiterlesen &rarr;<\/span><\/a><\/p>\n","protected":false},"author":1,"featured_media":0,"comment_status":"open","ping_status":"closed","sticky":false,"template":"","format":"standard","meta":{"_exactmetrics_skip_tracking":false,"_exactmetrics_sitenote_active":false,"_exactmetrics_sitenote_note":"","_exactmetrics_sitenote_category":0,"jetpack_post_was_ever_published":false,"_jetpack_newsletter_access":"","_jetpack_dont_email_post_to_subs":false,"_jetpack_newsletter_tier_id":0,"_jetpack_memberships_contains_paywalled_content":false,"_jetpack_memberships_contains_paid_content":false,"footnotes":"","jetpack_publicize_message":"","jetpack_publicize_feature_enabled":true,"jetpack_social_post_already_shared":true,"jetpack_social_options":{"image_generator_settings":{"template":"highway","default_image_id":0,"font":"","enabled":false},"version":2}},"categories":[37],"tags":[281,280,279],"yst_prominent_words":[],"class_list":["post-1567","post","type-post","status-publish","format-standard","hentry","category-wetterblog","tag-blutmond","tag-mondfinsternis","tag-vollmond"],"jetpack_publicize_connections":[],"jetpack_featured_media_url":"","jetpack_sharing_enabled":true,"jetpack_shortlink":"https:\/\/wp.me\/p5DnIb-ph","jetpack-related-posts":[],"jetpack_likes_enabled":true,"_links":{"self":[{"href":"https:\/\/www.hossi-im-netz.de\/wordpress\/wp-json\/wp\/v2\/posts\/1567","targetHints":{"allow":["GET"]}}],"collection":[{"href":"https:\/\/www.hossi-im-netz.de\/wordpress\/wp-json\/wp\/v2\/posts"}],"about":[{"href":"https:\/\/www.hossi-im-netz.de\/wordpress\/wp-json\/wp\/v2\/types\/post"}],"author":[{"embeddable":true,"href":"https:\/\/www.hossi-im-netz.de\/wordpress\/wp-json\/wp\/v2\/users\/1"}],"replies":[{"embeddable":true,"href":"https:\/\/www.hossi-im-netz.de\/wordpress\/wp-json\/wp\/v2\/comments?post=1567"}],"version-history":[{"count":1,"href":"https:\/\/www.hossi-im-netz.de\/wordpress\/wp-json\/wp\/v2\/posts\/1567\/revisions"}],"predecessor-version":[{"id":1569,"href":"https:\/\/www.hossi-im-netz.de\/wordpress\/wp-json\/wp\/v2\/posts\/1567\/revisions\/1569"}],"wp:attachment":[{"href":"https:\/\/www.hossi-im-netz.de\/wordpress\/wp-json\/wp\/v2\/media?parent=1567"}],"wp:term":[{"taxonomy":"category","embeddable":true,"href":"https:\/\/www.hossi-im-netz.de\/wordpress\/wp-json\/wp\/v2\/categories?post=1567"},{"taxonomy":"post_tag","embeddable":true,"href":"https:\/\/www.hossi-im-netz.de\/wordpress\/wp-json\/wp\/v2\/tags?post=1567"},{"taxonomy":"yst_prominent_words","embeddable":true,"href":"https:\/\/www.hossi-im-netz.de\/wordpress\/wp-json\/wp\/v2\/yst_prominent_words?post=1567"}],"curies":[{"name":"wp","href":"https:\/\/api.w.org\/{rel}","templated":true}]}}