{"id":1576,"date":"2015-09-28T11:15:03","date_gmt":"2015-09-28T09:15:03","guid":{"rendered":"http:\/\/www.hossi-im-netz.de\/wordpress\/?p=1576"},"modified":"2015-09-28T11:15:03","modified_gmt":"2015-09-28T09:15:03","slug":"mondfinsternis-wer-hats-gesehen","status":"publish","type":"post","link":"https:\/\/www.hossi-im-netz.de\/wordpress\/mondfinsternis-wer-hats-gesehen\/","title":{"rendered":"Mondfinsternis &#8211; Wer hat&#8217;s gesehen?"},"content":{"rendered":"<h2>Wer hat&#8217;s gesehen?<\/h2>\n<div style=\"text-align: justify;\">\n<p>F\u00fcr alle Fr\u00fchaufsteher, Nachteulen oder auch alle, die ihren Schlaf unterbrochen haben, gab es am heutigen Montagmorgen ein Naturschauspiel zu bestaunen &#8211; den &#8222;Blut-Ernte-Supervoll-Mond&#8220;. Eine ausf\u00fchrliche Erkl\u00e4rung dazu kann im gestrigen Thema des Tages nachgelesen werden. An dieser Stelle seien hier nur kurze Stichpunkte genannt: totale Mondfinsternis im erdn\u00e4chsten Abschnitt der Mondumlaufbahn um die Erde.<\/p>\n<p>Doch wer hatte denn nun \u00fcberhaupt die Chance, den verdunkelten, rot-braun gef\u00e4rbten Mond zu sehen und wem vermiesten Wolken, Nebel oder Hochnebel die Sicht?<\/p>\n<p>Gute Sichtbedingungen (siehe auch Satellitenbild von heute Nacht um 4 Uhr MESZ unter www.dwd.de\/tagesthema) gab es verbreitet in Baden-W\u00fcrttemberg, im Saarland, in Rheinland-Pfalz, mit Ausnahme der n\u00f6rdlichen Regionen auch in Hessen, in Sachsen-Anhalt sowie der Westh\u00e4lfte Th\u00fcringens. In Nordrhein-Westfalen zeigte sich eine Zweiteilung, bei der die S\u00fcdh\u00e4lfte die besseren Chancen aufzuweisen hatte. Auch in gro\u00dfen Teilen Brandenburgs und Mecklenburg-Vorpommerns gab es die M\u00f6glichkeit die Mondfinsternis zu bestaunen, \u00f6rtlich beeintr\u00e4chtigten allerdings Nebelfelder die Sicht. Die schlechtesten Bedingungen, die einen Blick auf den rot-braun schimmernden Vollmond nicht zulie\u00dfen, gab es in weiten Teilen von Schleswig-Holstein und Niedersachsen sowie im \u00fcberwiegenden Teil Sachsens, dem \u00f6stlichen Th\u00fcringen und dem Osten Bayerns, so etwa von Niederbayern \u00fcber die Oberpfalz und Oberfranken bis nach Mittelfranken hinein. Dort herrschte \u00fcberwiegend dichte Bew\u00f6lkung bzw. Hochnebel, gebietsweise bildete sich auch Nebel und breitete sich aus.<\/p>\n<p>F\u00fcr alle, die nicht die M\u00f6glichkeit hatten, die von der Erde abgedunkelte Mondscheibe zu beobachten, ist unter www.dwd.de\/tagesthema ein Foto von Kathrin Frey zu sehen, das vergangene Nacht in Offenbach am Main aufgenommen wurde.<\/p>\n<p>Dipl.-Met. Sabine Kr\u00fcger Deutscher Wetterdienst Vorhersage- und Beratungszentrale Offenbach, den 28.09.2015<\/p>\n<p>Copyright (c) <a href=\"http:\/\/www.dwd.de\" target=\"_blank\">Deutscher Wetterdienst<\/a><\/div>\n<div style=\"text-align: justify;\"><\/div>\n<div style=\"text-align: justify;\"><a href=\"https:\/\/www.hossi-im-netz.de\/wordpress\/wp-content\/uploads\/2015\/09\/Mondfinsternis.png\"><img loading=\"lazy\" decoding=\"async\" data-attachment-id=\"1577\" data-permalink=\"https:\/\/www.hossi-im-netz.de\/wordpress\/mondfinsternis-wer-hats-gesehen\/mondfinsternis\/\" data-orig-file=\"https:\/\/www.hossi-im-netz.de\/wordpress\/wp-content\/uploads\/2015\/09\/Mondfinsternis.png\" data-orig-size=\"1481,586\" data-comments-opened=\"1\" data-image-meta=\"{&quot;aperture&quot;:&quot;0&quot;,&quot;credit&quot;:&quot;&quot;,&quot;camera&quot;:&quot;&quot;,&quot;caption&quot;:&quot;&quot;,&quot;created_timestamp&quot;:&quot;0&quot;,&quot;copyright&quot;:&quot;&quot;,&quot;focal_length&quot;:&quot;0&quot;,&quot;iso&quot;:&quot;0&quot;,&quot;shutter_speed&quot;:&quot;0&quot;,&quot;title&quot;:&quot;&quot;,&quot;orientation&quot;:&quot;0&quot;}\" data-image-title=\"Mondfinsternis\" data-image-description=\"\" data-image-caption=\"\" data-medium-file=\"https:\/\/www.hossi-im-netz.de\/wordpress\/wp-content\/uploads\/2015\/09\/Mondfinsternis-300x119.png\" data-large-file=\"https:\/\/www.hossi-im-netz.de\/wordpress\/wp-content\/uploads\/2015\/09\/Mondfinsternis-1024x405.png\" class=\"alignnone size-large wp-image-1577\" src=\"https:\/\/www.hossi-im-netz.de\/wordpress\/wp-content\/uploads\/2015\/09\/Mondfinsternis-1024x405.png\" alt=\"Mondfinsternis\" width=\"604\" height=\"239\" srcset=\"https:\/\/www.hossi-im-netz.de\/wordpress\/wp-content\/uploads\/2015\/09\/Mondfinsternis-1024x405.png 1024w, https:\/\/www.hossi-im-netz.de\/wordpress\/wp-content\/uploads\/2015\/09\/Mondfinsternis-300x119.png 300w, https:\/\/www.hossi-im-netz.de\/wordpress\/wp-content\/uploads\/2015\/09\/Mondfinsternis.png 1481w\" sizes=\"auto, (max-width: 604px) 100vw, 604px\" \/><\/a><\/div>\n","protected":false},"excerpt":{"rendered":"<p>Wer hat&#8217;s gesehen? F\u00fcr alle Fr\u00fchaufsteher, Nachteulen oder auch alle, die ihren Schlaf unterbrochen haben, gab es am heutigen Montagmorgen ein Naturschauspiel zu bestaunen &#8211; den &#8222;Blut-Ernte-Supervoll-Mond&#8220;. Eine ausf\u00fchrliche Erkl\u00e4rung dazu kann im gestrigen Thema des Tages nachgelesen werden. An <span class=\"excerpt-dots\">&hellip;<\/span> <a class=\"more-link\" href=\"https:\/\/www.hossi-im-netz.de\/wordpress\/mondfinsternis-wer-hats-gesehen\/\"><span class=\"more-msg\">Weiterlesen &rarr;<\/span><\/a><\/p>\n","protected":false},"author":1,"featured_media":0,"comment_status":"open","ping_status":"closed","sticky":false,"template":"","format":"standard","meta":{"_exactmetrics_skip_tracking":false,"_exactmetrics_sitenote_active":false,"_exactmetrics_sitenote_note":"","_exactmetrics_sitenote_category":0,"jetpack_post_was_ever_published":false,"_jetpack_newsletter_access":"","_jetpack_dont_email_post_to_subs":false,"_jetpack_newsletter_tier_id":0,"_jetpack_memberships_contains_paywalled_content":false,"_jetpack_memberships_contains_paid_content":false,"footnotes":"","jetpack_publicize_message":"","jetpack_publicize_feature_enabled":true,"jetpack_social_post_already_shared":true,"jetpack_social_options":{"image_generator_settings":{"template":"highway","default_image_id":0,"font":"","enabled":false},"version":2}},"categories":[37],"tags":[281,282,280],"yst_prominent_words":[8106,2135,1216,2798,5606,6916,2209,8109,5601,5511,2507,5958,8107,2230,8012,1513,8108],"class_list":["post-1576","post","type-post","status-publish","format-standard","hentry","category-wetterblog","tag-blutmond","tag-mond","tag-mondfinsternis"],"jetpack_publicize_connections":[],"jetpack_featured_media_url":"","jetpack_sharing_enabled":true,"jetpack_shortlink":"https:\/\/wp.me\/p5DnIb-pq","jetpack-related-posts":[],"jetpack_likes_enabled":true,"_links":{"self":[{"href":"https:\/\/www.hossi-im-netz.de\/wordpress\/wp-json\/wp\/v2\/posts\/1576","targetHints":{"allow":["GET"]}}],"collection":[{"href":"https:\/\/www.hossi-im-netz.de\/wordpress\/wp-json\/wp\/v2\/posts"}],"about":[{"href":"https:\/\/www.hossi-im-netz.de\/wordpress\/wp-json\/wp\/v2\/types\/post"}],"author":[{"embeddable":true,"href":"https:\/\/www.hossi-im-netz.de\/wordpress\/wp-json\/wp\/v2\/users\/1"}],"replies":[{"embeddable":true,"href":"https:\/\/www.hossi-im-netz.de\/wordpress\/wp-json\/wp\/v2\/comments?post=1576"}],"version-history":[{"count":1,"href":"https:\/\/www.hossi-im-netz.de\/wordpress\/wp-json\/wp\/v2\/posts\/1576\/revisions"}],"predecessor-version":[{"id":1578,"href":"https:\/\/www.hossi-im-netz.de\/wordpress\/wp-json\/wp\/v2\/posts\/1576\/revisions\/1578"}],"wp:attachment":[{"href":"https:\/\/www.hossi-im-netz.de\/wordpress\/wp-json\/wp\/v2\/media?parent=1576"}],"wp:term":[{"taxonomy":"category","embeddable":true,"href":"https:\/\/www.hossi-im-netz.de\/wordpress\/wp-json\/wp\/v2\/categories?post=1576"},{"taxonomy":"post_tag","embeddable":true,"href":"https:\/\/www.hossi-im-netz.de\/wordpress\/wp-json\/wp\/v2\/tags?post=1576"},{"taxonomy":"yst_prominent_words","embeddable":true,"href":"https:\/\/www.hossi-im-netz.de\/wordpress\/wp-json\/wp\/v2\/yst_prominent_words?post=1576"}],"curies":[{"name":"wp","href":"https:\/\/api.w.org\/{rel}","templated":true}]}}