{"id":1601,"date":"2015-10-01T11:24:13","date_gmt":"2015-10-01T09:24:13","guid":{"rendered":"http:\/\/www.hossi-im-netz.de\/wordpress\/historisches-und-aktuelles-zum-wetter-am-tag-der-deutschen-einheit\/"},"modified":"2015-10-02T06:36:09","modified_gmt":"2015-10-02T04:36:09","slug":"historisches-und-aktuelles-zum-wetter-am-tag-der-deutschen-einheit","status":"publish","type":"post","link":"https:\/\/www.hossi-im-netz.de\/wordpress\/historisches-und-aktuelles-zum-wetter-am-tag-der-deutschen-einheit\/","title":{"rendered":"Historisches und Aktuelles zum Wetter am Tag der Deutschen Einheit"},"content":{"rendered":"<p>Historisches und Aktuelles zum Wetter am Tag der Deutschen Einheit<\/p>\n<p style=\"text-align: justify;\">\nAm Samstag, den 3. Oktober, erinnert der Nationalfeiertag &#8222;Tag der Deutschen Einheit&#8220; zum 25. Mal an die deutsche Wiedervereinigung bzw. den Beitritt der damaligen Deutschen Demokratischen Republik (DDR) zur Bundesrepublik Deutschland (BRD) im Jahre 1990. Ob sich das Wetter am besagten Feiertag ebenso &#8222;einheitlich&#8220; darstellt und jegliche Unternehmungen oder Festlichkeiten ohne Wetterkapriolen \u00fcber die B\u00fchne gehen, soll ein kurzer Ausblick auf das zu erwartende Wettergeschehen zeigen.<br \/>\nBis zum Samstag verlagert sich Hoch NETTI weiter s\u00fcdostw\u00e4rts in Richtung Schwarzes Meer. Dadurch wird der Hochdruckeinfluss \u00fcber Deutschland allm\u00e4hlich schw\u00e4cher. Gleichzeitig n\u00e4hert sich von Zentralfrankreich her ein Tief in h\u00f6heren Luftschichten, das insbesondere in der S\u00fcdh\u00e4lfte f\u00fcr einen leicht wechselhaften Wettercharakter sorgt. So ziehen im Tagesverlauf vor allem im S\u00fcden und S\u00fcdwesten dichtere Wolkenfelder vor\u00fcber, die sich bis zum Abend auf die mittleren Landesteile ausweiten. Aber auch in diesen Regionen kann sich die Sonne zeitweise zeigen. Zu ein paar Tropfen Regen kommt es dort allerdings nur ganz vereinzelt. Deutlich freundlicher sieht es f\u00fcr die Bewohner der Nordh\u00e4lfte Deutschlands aus. Dort bleibt es nach Nebelaufl\u00f6sung vielfach heiter und trocken. Die Temperatur steigt auf Werte um 15 Grad im h\u00f6heren Bergland, sonst auf 17 bis 19 Grad, wobei am Oberrhein lokal auch die 20-Grad-Marke geknackt werden kann. Der Wind weht dabei meist nur schwach aus unterschiedlichen Richtungen. In der Nacht zum Sonntag breiten sich die dichten Wolken noch etwas nordw\u00e4rts aus, wobei im S\u00fcdwesten schauerartiger Regen aufkommt. Im Osten bleibt es hingegen noch gering bew\u00f6lkt und niederschlagsfrei. Im Vergleich zu den k\u00e4lteren N\u00e4chten zuvor sinkt die Temperatur &#8222;nur&#8220; noch auf 10 bis 6 Grad.<br \/>\nDa sich das diesj\u00e4hrige Wettergeschehen am Nationalfeiertag aus meteorologischer Sicht eher etwas &#8222;langweilig&#8220; darstellt, wollen wir nun einen kurzen Blick auf die Historie werfen. Was ist in Deutschland an einem 3. Oktober wettertechnisch m\u00f6glich?<br \/>\nTrotz der recht fortgeschrittenen Jahreszeit kann das Wetter nochmals zur Bestform auflaufen. So wurden im Jahr 1985 gleich an f\u00fcnf Stationen H\u00f6chstwerte \u00fcber 30 Grad gemessen. Dabei lagen diese Stationen allesamt im Bereich des Oberrheins und im Gro\u00dfraum Pforzheim. Seitdem steht Freiburg mit 30,8 Grad auf Platz eins der Liste mit den h\u00f6chsten Temperaturmaxima an einem 3. Oktober. In ung\u00fcnstigen Witterungsf\u00e4llen, sei es durch Nebel oder Hochnebel, Zufuhr relativ k\u00fchler Luftmassen oder auch durch das Zusammenspiel mehrerer Einflussfaktoren, kann es ebenso vorkommen, dass die Temperatur im Tagesverlauf kaum ansteigt. In der Kategorie der tiefsten Temperaturmaxima befinden sich, wie nicht anders zu erwarten, die Stationen der Mittelgebirgsgipfel auf den vorderen Pl\u00e4tzen. Dabei erstreckt sich die Temperaturspanne von -11,1 Grad auf der Zugspitze bis beispielsweise +1,6 Grad auf dem Kahlen Asten. Unterhalb von 600m \u00fcber NN liegen die Stationen Bad Marienberg (547m \u00fcber NN) und Jena (Sternwarte, 155m \u00fcber NN) mit 2,9 Grad ganz vorne.<br \/>\nIn den schon recht langen N\u00e4chten kann die Temperatur ebenfalls in den m\u00e4\u00dfigen Frostbereich sinken. Von der Zugspitze einmal abgesehen, sank das Quecksilber in Gera-Leumnitz auf einer H\u00f6he von 312 Meter \u00fcber dem Meeresspiegel im Jahr 1979 auf -6,2 Grad. Aber auch in G\u00f6ttingen (175m \u00fcber NN) fiel die Temperatur 1947 auf -6,0 Grad. In Bodenn\u00e4he kann die Temperatur allerdings deutlich weiter in den Keller gehen. Im Nordosten Bayerns wurden 1947 an den Stationen Hof-Hohensaas (567m \u00fcber NN) und Wunsiedel-Sch\u00f6nbrunn (622m \u00fcber NN) eine Temperatur in Erdbodenn\u00e4he von -10,4 Grad registriert.<br \/>\nZeigt sich das Wetter einmal von der &#8222;schlechten Seite&#8220;, sind ebenso hohe Niederschlagssummen m\u00f6glich. Im Jahr 2006 wurde an der Station in Lahr am Oberrhein innerhalb von 24 Stunden eine Regenmenge von 51,8 mm gemessen. Dass dies keine Ausnahme darstellt, zeigen die 24-st\u00fcndigen Niederschlagssummen aus dem Jahr 1989 in Jena (Sternwarte) mit 51,3 mm und im Jahr 1993 in Diepholz mit 51,1 mm.<br \/>\nDies beweist doch eine recht gro\u00dfe Spanne an m\u00f6glichen Wetterextremen an einem 3. Oktober. Auch wenn sich der diesj\u00e4hrige 3. Oktober in Gro\u00dfteilen des Landes wieder von seiner freundlichen Seite zeigt, wird er voraussichtlich nicht in die Statistiken der Wetterrekorde eingehen. Zwar steht das Wetter im Hinblick auf die Sonnenstunden nicht ganz im Zeichen der &#8222;Einheit&#8220;, dennoch sollte es bis auf wenige Tropfen im S\u00fcden und S\u00fcdwesten zumindest \u00fcberall trocken und relativ mild bleiben.<br \/>\nM.Sc.-Met. Andreas W\u00fcrtz Deutscher Wetterdienst Vorhersage- und Beratungszentrale Offenbach, den 01.10.2015<br \/>\nCopyright (c) <a href=\"http:\/\/www.dwd.de\">Deutscher Wetterdienst<\/a><\/p>\n","protected":false},"excerpt":{"rendered":"<p>Historisches und Aktuelles zum Wetter am Tag der Deutschen Einheit Am Samstag, den 3. Oktober, erinnert der Nationalfeiertag &#8222;Tag der Deutschen Einheit&#8220; zum 25. Mal an die deutsche Wiedervereinigung bzw. den Beitritt der damaligen Deutschen Demokratischen Republik (DDR) zur Bundesrepublik <span class=\"excerpt-dots\">&hellip;<\/span> <a class=\"more-link\" href=\"https:\/\/www.hossi-im-netz.de\/wordpress\/historisches-und-aktuelles-zum-wetter-am-tag-der-deutschen-einheit\/\"><span class=\"more-msg\">Weiterlesen &rarr;<\/span><\/a><\/p>\n","protected":false},"author":1,"featured_media":1447,"comment_status":"open","ping_status":"closed","sticky":false,"template":"","format":"standard","meta":{"_exactmetrics_skip_tracking":false,"_exactmetrics_sitenote_active":false,"_exactmetrics_sitenote_note":"","_exactmetrics_sitenote_category":0,"jetpack_post_was_ever_published":false,"_jetpack_newsletter_access":"","_jetpack_dont_email_post_to_subs":false,"_jetpack_newsletter_tier_id":0,"_jetpack_memberships_contains_paywalled_content":false,"_jetpack_memberships_contains_paid_content":false,"footnotes":"","jetpack_publicize_message":"","jetpack_publicize_feature_enabled":true,"jetpack_social_post_already_shared":true,"jetpack_social_options":{"image_generator_settings":{"template":"highway","default_image_id":0,"font":"","enabled":false},"version":2}},"categories":[37],"tags":[286,288],"yst_prominent_words":[6911,8080,8079,2286,1216,1411,8082,5566,8078,5471,8081,6820,6204,3365,3870,5066,4286,1629,1220,3584],"class_list":["post-1601","post","type-post","status-publish","format-standard","has-post-thumbnail","hentry","category-wetterblog","tag-deutsche-einheit","tag-tag-der-deutschen-einheit"],"jetpack_publicize_connections":[],"jetpack_featured_media_url":"https:\/\/www.hossi-im-netz.de\/wordpress\/wp-content\/uploads\/2015\/08\/pumpkin-567689_1280.jpg","jetpack_sharing_enabled":true,"jetpack_shortlink":"https:\/\/wp.me\/p5DnIb-pP","jetpack-related-posts":[],"jetpack_likes_enabled":true,"_links":{"self":[{"href":"https:\/\/www.hossi-im-netz.de\/wordpress\/wp-json\/wp\/v2\/posts\/1601","targetHints":{"allow":["GET"]}}],"collection":[{"href":"https:\/\/www.hossi-im-netz.de\/wordpress\/wp-json\/wp\/v2\/posts"}],"about":[{"href":"https:\/\/www.hossi-im-netz.de\/wordpress\/wp-json\/wp\/v2\/types\/post"}],"author":[{"embeddable":true,"href":"https:\/\/www.hossi-im-netz.de\/wordpress\/wp-json\/wp\/v2\/users\/1"}],"replies":[{"embeddable":true,"href":"https:\/\/www.hossi-im-netz.de\/wordpress\/wp-json\/wp\/v2\/comments?post=1601"}],"version-history":[{"count":3,"href":"https:\/\/www.hossi-im-netz.de\/wordpress\/wp-json\/wp\/v2\/posts\/1601\/revisions"}],"predecessor-version":[{"id":1617,"href":"https:\/\/www.hossi-im-netz.de\/wordpress\/wp-json\/wp\/v2\/posts\/1601\/revisions\/1617"}],"wp:featuredmedia":[{"embeddable":true,"href":"https:\/\/www.hossi-im-netz.de\/wordpress\/wp-json\/wp\/v2\/media\/1447"}],"wp:attachment":[{"href":"https:\/\/www.hossi-im-netz.de\/wordpress\/wp-json\/wp\/v2\/media?parent=1601"}],"wp:term":[{"taxonomy":"category","embeddable":true,"href":"https:\/\/www.hossi-im-netz.de\/wordpress\/wp-json\/wp\/v2\/categories?post=1601"},{"taxonomy":"post_tag","embeddable":true,"href":"https:\/\/www.hossi-im-netz.de\/wordpress\/wp-json\/wp\/v2\/tags?post=1601"},{"taxonomy":"yst_prominent_words","embeddable":true,"href":"https:\/\/www.hossi-im-netz.de\/wordpress\/wp-json\/wp\/v2\/yst_prominent_words?post=1601"}],"curies":[{"name":"wp","href":"https:\/\/api.w.org\/{rel}","templated":true}]}}