{"id":16714,"date":"2022-05-24T08:34:26","date_gmt":"2022-05-24T06:34:26","guid":{"rendered":"http:\/\/www.hossi-im-netz.de\/wordpress\/?p=16714"},"modified":"2022-05-24T08:34:30","modified_gmt":"2022-05-24T06:34:30","slug":"wettervorhersage-brachwitz-wettin-loebejuen-saalekreis-halle-24-05-2022","status":"publish","type":"post","link":"https:\/\/www.hossi-im-netz.de\/wordpress\/wettervorhersage-brachwitz-wettin-loebejuen-saalekreis-halle-24-05-2022\/","title":{"rendered":"Wettervorhersage Brachwitz, Wettin-L\u00f6bej\u00fcn, Saalekreis, Halle 24.05.2022"},"content":{"rendered":"<h2 style=\"text-align: justify;\">Wettervorhersage Brachwitz, Wettin-L\u00f6bej\u00fcn, Saalekreis, Halle<\/h2>\n<div id=\"attachment_16728\" style=\"width: 1846px\" class=\"wp-caption alignnone\"><a href=\"https:\/\/www.hossi-im-netz.de\/wordpress\/vorhersage\/\"><img loading=\"lazy\" decoding=\"async\" aria-describedby=\"caption-attachment-16728\" data-attachment-id=\"16728\" data-permalink=\"https:\/\/www.hossi-im-netz.de\/wordpress\/wettervorhersage-brachwitz-wettin-loebejuen-saalekreis-halle-24-05-2022\/e4de617f-3998-4d8e-9e77-08d0ade6a05c\/\" data-orig-file=\"https:\/\/www.hossi-im-netz.de\/wordpress\/wp-content\/uploads\/2022\/05\/E4DE617F-3998-4D8E-9E77-08D0ADE6A05C.jpeg\" data-orig-size=\"1836,916\" data-comments-opened=\"1\" data-image-meta=\"{&quot;aperture&quot;:&quot;0&quot;,&quot;credit&quot;:&quot;&quot;,&quot;camera&quot;:&quot;&quot;,&quot;caption&quot;:&quot;&quot;,&quot;created_timestamp&quot;:&quot;1653379722&quot;,&quot;copyright&quot;:&quot;&quot;,&quot;focal_length&quot;:&quot;0&quot;,&quot;iso&quot;:&quot;0&quot;,&quot;shutter_speed&quot;:&quot;0&quot;,&quot;title&quot;:&quot;&quot;,&quot;orientation&quot;:&quot;1&quot;}\" data-image-title=\"E4DE617F-3998-4D8E-9E77-08D0ADE6A05C\" data-image-description=\"\" data-image-caption=\"\" data-medium-file=\"https:\/\/www.hossi-im-netz.de\/wordpress\/wp-content\/uploads\/2022\/05\/E4DE617F-3998-4D8E-9E77-08D0ADE6A05C-300x150.jpeg\" data-large-file=\"https:\/\/www.hossi-im-netz.de\/wordpress\/wp-content\/uploads\/2022\/05\/E4DE617F-3998-4D8E-9E77-08D0ADE6A05C-1024x511.jpeg\" class=\"wp-image-16728 size-full\" title=\"Wettervorhersage, Brachwitz, Wettin-L\u00f6bej\u00fcn, Halle, Beidersee, brachwitz, Deutleben, Dobis, D\u00f6blitz, Domnitz, Dornitz, D\u00f6sel, Friedrichschwerz, Garsena, Gimritz, Gottgau, Halle, Kloschwitz, Lettewitz, Lettin, l\u00f6bej\u00fcn, Merbitz, morl, M\u00fccheln, Nauendorf, Neuragozy, Neutz-Lettewitz, niederschlag, Rothenburg, saalekreis, Salzm\u00fcnde, Schiepzig, Schlettau, Taupunkt, Temperatur, vorhersage, Wetter, wetterbericht, wettervorhersage, wettin, wettin-l\u00f6bej\u00fcn, wind\" src=\"https:\/\/www.hossi-im-netz.de\/wordpress\/wp-content\/uploads\/2022\/05\/E4DE617F-3998-4D8E-9E77-08D0ADE6A05C.jpeg\" alt=\"\" width=\"1836\" height=\"916\" srcset=\"https:\/\/www.hossi-im-netz.de\/wordpress\/wp-content\/uploads\/2022\/05\/E4DE617F-3998-4D8E-9E77-08D0ADE6A05C.jpeg 1836w, https:\/\/www.hossi-im-netz.de\/wordpress\/wp-content\/uploads\/2022\/05\/E4DE617F-3998-4D8E-9E77-08D0ADE6A05C-300x150.jpeg 300w, https:\/\/www.hossi-im-netz.de\/wordpress\/wp-content\/uploads\/2022\/05\/E4DE617F-3998-4D8E-9E77-08D0ADE6A05C-1024x511.jpeg 1024w, https:\/\/www.hossi-im-netz.de\/wordpress\/wp-content\/uploads\/2022\/05\/E4DE617F-3998-4D8E-9E77-08D0ADE6A05C-768x383.jpeg 768w, https:\/\/www.hossi-im-netz.de\/wordpress\/wp-content\/uploads\/2022\/05\/E4DE617F-3998-4D8E-9E77-08D0ADE6A05C-1536x766.jpeg 1536w\" sizes=\"auto, (max-width: 1836px) 100vw, 1836px\" \/><\/a><p id=\"caption-attachment-16728\" class=\"wp-caption-text\">www.yr.no (Klicke auf das Bild)<\/p><\/div>\n<p>Wettervorhersage Brachwitz, Wettin-L\u00f6bej\u00fcn, Saalekreis, Halle<\/p>\n<p>Im Tagesverlauf geringes Gewitterrisiko<\/p>\n<p>Wetter- und Warnlage:<\/p>\n<p>Ein Tiefdruckkomplex \u00fcber der Nordsee lenkt mit seinem Frontensystem wolkenreiche und etwas k\u00fchlere Meeresluft in die Region und bleibt in den kommenden Tagen wetterbestimmend.<\/p>\n<p>GEWITTER: Im Tagesverlauf einzelne Gewitter nicht ganz ausgeschlossen.<\/p>\n<p>STURM: Auf dem Brocken bis zum <b>Dienstagmittag<\/b>Sturmb\u00f6en um 85 km\/h (Bft 9) aus S\u00fcdwest bis West.<\/p>\n<p>Detaillierter Wetterablauf:<\/p>\n<p><b>Heute<\/b> <b>Vormittag<\/b> und <b>Mittag<\/b> meist stark bew\u00f6lkt und niederschlagsfrei, ab dem <b>Nachmittag<\/b> neben etwas Sonnenschein und Wolken \u00f6rtlich Schauer, kurze Gewitter nicht ausgeschlossen. H\u00f6chstwerte 20 bis 22, im Harz 15 bis 19 Grad. Schwacher bis m\u00e4\u00dfiger Westwind, auf dem Brocken zun\u00e4chst noch teils st\u00fcrmische B\u00f6en. In der <b>Nacht<\/b> zum <b>Mittwoch<\/b>wolkig, weitgehend niederschlagsfrei, im <b>Nachtverlauf<\/b> von Westen Auflockerungen. Temperaturr\u00fcckgang auf 10 bis 7 Grad. Schwachwindig.<\/p>\n<p>Am <b>Mittwoch<\/b> wechselnd bew\u00f6lkt, geringes Schauerrisiko. H\u00f6chstwerte 20 bis 23, im Harz 16 bis 19 Grad. M\u00e4\u00dfiger Westwind. In der <b>Nacht<\/b> zum <b>Donnerstag<\/b> wolkig, niederschlagsfrei. Tiefstwerte 12 bis 7 Grad. Schwacher Westwind.<\/p>\n<p>Am <b>Donnerstag<\/b> stark bew\u00f6lkt, gelegentlich etwas Regen. H\u00f6chsttemperaturen 17 bis 20, im Harz 12 bis 17 Grad. M\u00e4\u00dfiger, vor\u00fcbergehend stark b\u00f6ig auffrischender Westwind, Brocken Sturmb\u00f6en. In der <b>Nacht<\/b> zum <b>Freitag<\/b> zun\u00e4chst \u00fcberwiegend gering, sp\u00e4ter von Nordwesten stark bew\u00f6lkt und etwas Regen. Temperaturr\u00fcckgang auf 13 bis 9 Grad. Schwacher Wind um West, Brocken weiterhin Sturm.<\/p>\n<p>Am <b>Freitag<\/b> anfangs stark bew\u00f6lkt mit etwas Regen, ab <b>Mittag<\/b> gr\u00f6\u00dfere Wolkenl\u00fccken und weitgehend niederschlagsfrei. Temperaturanstieg auf 15 bis 18, im Harz auf 9 bis 14 Grad. M\u00e4\u00dfiger, in B\u00f6en im Tagesverlauf stark bis st\u00fcrmisch auffrischender West- bis Nordwestwind, Brocken zeitweise schwere Sturmb\u00f6en. In der <b>Nacht<\/b> zum <b>Samstag<\/b> nur wenige Wolken. Tiefsttemperaturen 10 bis 6 Grad. Schwacher, anfangs m\u00e4\u00dfiger Nordwestwind, Brocken weiterhin Sturm.<\/p>\n<p>Deutscher Wetterdienst, RWB Leipzig, Balders<\/p>\n<h3>Mehr Wetter?<\/h3>\n<blockquote class=\"wp-embedded-content\" data-secret=\"NGGSPCTT4k\"><p><a href=\"https:\/\/www.hossi-im-netz.de\/wordpress\/vorhersage\/\">Wettervorhersage<\/a><\/p><\/blockquote>\n<p><iframe loading=\"lazy\" class=\"wp-embedded-content\" sandbox=\"allow-scripts\" security=\"restricted\" style=\"position: absolute; clip: rect(1px, 1px, 1px, 1px);\" title=\"&#8222;Wettervorhersage&#8220; &#8212; Wetterstation Brachwitz\" src=\"https:\/\/www.hossi-im-netz.de\/wordpress\/vorhersage\/embed\/#?secret=nNYUkTmrXv#?secret=NGGSPCTT4k\" data-secret=\"NGGSPCTT4k\" width=\"600\" height=\"338\" frameborder=\"0\" marginwidth=\"0\" marginheight=\"0\" scrolling=\"no\"><\/iframe><\/p>\n<blockquote class=\"wp-embedded-content\" data-secret=\"eJAujNUJYO\"><p><a href=\"https:\/\/www.hossi-im-netz.de\/wordpress\/wetterwarnungen\/\">Wetterwarnungen<\/a><\/p><\/blockquote>\n<p><iframe loading=\"lazy\" class=\"wp-embedded-content\" sandbox=\"allow-scripts\" security=\"restricted\" style=\"position: absolute; clip: rect(1px, 1px, 1px, 1px);\" title=\"&#8222;Wetterwarnungen&#8220; &#8212; Wetterstation Brachwitz\" src=\"https:\/\/www.hossi-im-netz.de\/wordpress\/wetterwarnungen\/embed\/#?secret=X7oQS993HZ#?secret=eJAujNUJYO\" data-secret=\"eJAujNUJYO\" width=\"600\" height=\"338\" frameborder=\"0\" marginwidth=\"0\" marginheight=\"0\" scrolling=\"no\"><\/iframe><\/p>\n<blockquote class=\"wp-embedded-content\" data-secret=\"ZjRV1Nx4pr\"><p><a href=\"https:\/\/www.hossi-im-netz.de\/wordpress\/wetter\/wettercam\/\">Wettercam<\/a><\/p><\/blockquote>\n<p><iframe loading=\"lazy\" class=\"wp-embedded-content\" sandbox=\"allow-scripts\" security=\"restricted\" style=\"position: absolute; clip: rect(1px, 1px, 1px, 1px);\" title=\"&#8222;Wettercam&#8220; &#8212; Wetterstation Brachwitz\" src=\"https:\/\/www.hossi-im-netz.de\/wordpress\/wetter\/wettercam\/embed\/#?secret=0kgJ8DsE9r#?secret=ZjRV1Nx4pr\" data-secret=\"ZjRV1Nx4pr\" width=\"600\" height=\"338\" frameborder=\"0\" marginwidth=\"0\" marginheight=\"0\" scrolling=\"no\"><\/iframe><\/p>\n<h2>Wettervorhersage Brachwitz, Wettin-L\u00f6bej\u00fcn, Saalekreis, Halle<\/h2>\n","protected":false},"excerpt":{"rendered":"<p>Wettervorhersage Brachwitz, Wettin-L\u00f6bej\u00fcn, Saalekreis, Halle Wettervorhersage Brachwitz, Wettin-L\u00f6bej\u00fcn, Saalekreis, Halle Im Tagesverlauf geringes Gewitterrisiko Wetter- und Warnlage: Ein Tiefdruckkomplex \u00fcber der Nordsee lenkt mit seinem Frontensystem wolkenreiche und etwas k\u00fchlere Meeresluft in die Region und bleibt in den kommenden Tagen <span class=\"excerpt-dots\">&hellip;<\/span> <a class=\"more-link\" href=\"https:\/\/www.hossi-im-netz.de\/wordpress\/wettervorhersage-brachwitz-wettin-loebejuen-saalekreis-halle-24-05-2022\/\"><span class=\"more-msg\">Weiterlesen &rarr;<\/span><\/a><\/p>\n","protected":false},"author":1,"featured_media":0,"comment_status":"open","ping_status":"closed","sticky":false,"template":"","format":"standard","meta":{"_exactmetrics_skip_tracking":false,"_exactmetrics_sitenote_active":false,"_exactmetrics_sitenote_note":"","_exactmetrics_sitenote_category":0,"jetpack_post_was_ever_published":false,"_jetpack_newsletter_access":"","_jetpack_dont_email_post_to_subs":false,"_jetpack_newsletter_tier_id":0,"_jetpack_memberships_contains_paywalled_content":false,"_jetpack_memberships_contains_paid_content":false,"footnotes":"","jetpack_publicize_message":"","jetpack_publicize_feature_enabled":true,"jetpack_social_post_already_shared":true,"jetpack_social_options":{"image_generator_settings":{"template":"highway","default_image_id":0,"font":"","enabled":false},"version":2}},"categories":[37],"tags":[4859,39,4875,4870,4869,4881,4885,4882,4868,4884,4860,4887,5,4883,4873,4872,44,4878,487,4874,4877,4879,4876,63,462,772,628,95,953,2300,4871,4880,4886,1006,231,708,4,94,38,43,96,113],"yst_prominent_words":[4460,1570,2574,1691,1683,1793,2894,5566,2896,9329,2217,4367,2087,2027,1792,1564,2216,2028],"class_list":["post-16714","post","type-post","status-publish","format-standard","hentry","category-wetterblog","tag-beidersee","tag-brachwitz","tag-deutleben","tag-dobis","tag-doeblitz","tag-domnitz","tag-dornitz","tag-doesel","tag-friedrichschwerz","tag-garsena","tag-gimritz","tag-gottgau","tag-halle","tag-kloschwitz","tag-lettewitz","tag-lettin","tag-loebejuen","tag-merbitz","tag-morl","tag-muecheln","tag-nauendorf","tag-neuragozy","tag-neutz-lettewitz","tag-niederschlag","tag-rothenburg","tag-saalefaehren","tag-saalekiez","tag-saalekreis","tag-saalepiraten","tag-saaleschifffahrt","tag-salzmuende","tag-schiepzig","tag-schlettau","tag-taupunkt","tag-temperatur","tag-vorhersage","tag-wetter","tag-wetterbericht","tag-wettervorhersage","tag-wettin","tag-wettin-loebejuen","tag-wind"],"jetpack_publicize_connections":[],"jetpack_featured_media_url":"","jetpack_sharing_enabled":true,"jetpack_shortlink":"https:\/\/wp.me\/p5DnIb-4lA","jetpack-related-posts":[],"jetpack_likes_enabled":true,"_links":{"self":[{"href":"https:\/\/www.hossi-im-netz.de\/wordpress\/wp-json\/wp\/v2\/posts\/16714","targetHints":{"allow":["GET"]}}],"collection":[{"href":"https:\/\/www.hossi-im-netz.de\/wordpress\/wp-json\/wp\/v2\/posts"}],"about":[{"href":"https:\/\/www.hossi-im-netz.de\/wordpress\/wp-json\/wp\/v2\/types\/post"}],"author":[{"embeddable":true,"href":"https:\/\/www.hossi-im-netz.de\/wordpress\/wp-json\/wp\/v2\/users\/1"}],"replies":[{"embeddable":true,"href":"https:\/\/www.hossi-im-netz.de\/wordpress\/wp-json\/wp\/v2\/comments?post=16714"}],"version-history":[{"count":1,"href":"https:\/\/www.hossi-im-netz.de\/wordpress\/wp-json\/wp\/v2\/posts\/16714\/revisions"}],"predecessor-version":[{"id":16729,"href":"https:\/\/www.hossi-im-netz.de\/wordpress\/wp-json\/wp\/v2\/posts\/16714\/revisions\/16729"}],"wp:attachment":[{"href":"https:\/\/www.hossi-im-netz.de\/wordpress\/wp-json\/wp\/v2\/media?parent=16714"}],"wp:term":[{"taxonomy":"category","embeddable":true,"href":"https:\/\/www.hossi-im-netz.de\/wordpress\/wp-json\/wp\/v2\/categories?post=16714"},{"taxonomy":"post_tag","embeddable":true,"href":"https:\/\/www.hossi-im-netz.de\/wordpress\/wp-json\/wp\/v2\/tags?post=16714"},{"taxonomy":"yst_prominent_words","embeddable":true,"href":"https:\/\/www.hossi-im-netz.de\/wordpress\/wp-json\/wp\/v2\/yst_prominent_words?post=16714"}],"curies":[{"name":"wp","href":"https:\/\/api.w.org\/{rel}","templated":true}]}}