{"id":1757,"date":"2015-10-25T09:56:00","date_gmt":"2015-10-25T07:56:00","guid":{"rendered":"http:\/\/www.hossi-im-netz.de\/wordpress\/?p=1757"},"modified":"2015-10-25T09:56:00","modified_gmt":"2015-10-25T07:56:00","slug":"bunt-sind-schon-die-waelder","status":"publish","type":"post","link":"https:\/\/www.hossi-im-netz.de\/wordpress\/bunt-sind-schon-die-waelder\/","title":{"rendered":"&#8222;Bunt sind schon die W\u00e4lder&#8220;"},"content":{"rendered":"<h3>&#8222;Bunt sind schon die W\u00e4lder&#8220;<\/h3>\n<p>Mit den Worten &#8222;Bunt sind schon die W\u00e4lder&#8220; beginnt ein auch unter dem Namen &#8222;Herbstlied&#8220; bekanntes Volkslied, das vom Schweizer Dichter Johann Gaudenz von Salis-Seewis geschrieben und 1782 ver\u00f6ffentlicht wurde. In Deutschlands W\u00e4ldern weicht das sommerliche Gr\u00fcn mittlerweile vielerorts einem herbstlichen Gelb, Rot oder Braun, mancherorts sind einige Baumarten sogar schon kahl. Wie aber geht die Laubverf\u00e4rbung genau vonstatten? Wann beginnt sich das Laub \u00fcblicherweise zu verf\u00e4rben und von den \u00c4sten zu fallen?<\/p>\n<p>Mit abnehmender L\u00e4nge des lichten Tages und sinkenden Temperaturen im Herbst leiten die Laubb\u00e4ume in unseren Gefilden aktiv die Verf\u00e4rbung und schlie\u00dflich den Abwurf der Bl\u00e4tter ein. Damit verhindern sie den Wasserverlust durch Verdunstung. Im Winter k\u00f6nnen die B\u00e4ume \u00fcber ihre Wurzeln n\u00e4mlich immer weniger bzw. bei gefrorenem Boden gar kein Wasser mehr aufnehmen. Die Verf\u00e4rbung geschieht, indem Eiche, Ahorn und Co. die in den Bl\u00e4ttern enthaltenen Proteine abbauen und N\u00e4hrstoffe wie Phosphat und Stickstoff im Speichergewebe des Holzes bis zur n\u00e4chsten Vegetationsperiode zwischenlagern. Das gilt allerdings nicht f\u00fcr die Blattfarbstoffe: Der gr\u00fcne Farbstoff &#8211; das Chlorophyll &#8211; wird zu farblosen Formen umgebaut und in den Zellorganellen angereichert, sodass auch die chlorophyllhaltigen, an der Photosynthese beteiligten Proteine abgebaut werden k\u00f6nnen. Durch das Verschwinden der gr\u00fcnen Bestandteile wird der Blick auf die gelblich-roten Carotinoide frei, wobei die &#8222;Logistik&#8220; der Stoffverlagerung im Blatt oft gut erkennbar ist. So k\u00f6nnen die peripheren Bereiche eines Blattes schon in den typisch herbstlichen Farben erscheinen, w\u00e4hrend sich das Gr\u00fcn an den Blattnerven am l\u00e4ngsten h\u00e4lt. Bei einigen Baumarten tritt sogar eine kr\u00e4ftige Rotf\u00e4rbung auf. Daf\u00fcr ist haupts\u00e4chlich der beispielsweise auch in Brombeeren enthaltene Farbstoff Anthocyan verantwortlich, der unter Energieaufwand neu synthetisiert werden muss. Zudem werden zus\u00e4tzliche Carotinoide hergestellt. Sinn und Zweck dieser Ma\u00dfnahme sind noch nicht endg\u00fcltig erforscht. M\u00f6glicherweise sollen durch die kr\u00e4ftige F\u00e4rbung Insekten von der Eiablage abgeschreckt werden. Schlie\u00dflich verkorkt sich zwischen Baum und Laub eine Schicht, sodass die Bl\u00e4tter nicht mehr versorgt werden k\u00f6nnen und abfallen.<\/p>\n<p>Blattverf\u00e4rbung und -fall stellen Ereignisse dar, \u00fcber die die sogenannten ph\u00e4nologischen Jahreszeiten definiert sind. Die Ph\u00e4nologie untersucht die Entwicklungen von Pflanzen und Tieren im Jahresablauf, indem sie die Eintrittszeiten auff\u00e4lliger Erscheinungen (wie zum Beispiel Bl\u00fcte oder Blattverf\u00e4rbung bzw. Tierwanderungen) notiert. Sie erforscht auch die Zusammenh\u00e4nge zwischen der biologischen Rhythmik und den Umwelteinfl\u00fcssen, insbesondere den Witterungs- und Klimaverh\u00e4ltnissen. Blattverf\u00e4rbung und Blattfall der Stiel-Eiche gelten als sogenannte Leitphasen der ph\u00e4nologischen Jahreszeiten &#8222;Sp\u00e4therbst&#8220; bzw. &#8222;Winter&#8220;. Im Sp\u00e4therbst werfen zudem die Eberesche und viele andere B\u00e4ume ihr Laub ab.<\/p>\n<p>Wie man anhand der Grafik auf http:\/\/www.dwd.de\/DE\/wetter\/thema_des_tages\/2015\/10\/24.html sehen kann, beginnt der Sp\u00e4therbst statistisch gesehen am 16. Oktober (Mittelwert des Bezugszeitraums 1981-2010). Besonders fr\u00fch begann dieser im Jahr 1953, n\u00e4mlich bereits am 6. Oktober. Hingegen verf\u00e4rbten sich im Jahr 2006 im deutschlandweiten Mittel erst am 22. Oktober die Bl\u00e4tter der Stiel-Eiche. In den letzten vier Jahren wurde die Blattverf\u00e4rbung im Mittel am 18. Oktober beobachtet. Im aktuellen Jahr h\u00e4ngt die Natur in ihrer Entwicklung im Vergleich zu den vier Vorjahren etwa f\u00fcnf Tage hinterher. Grund daf\u00fcr k\u00f6nnte sein, dass bisher l\u00e4ngere Perioden mit Nachtfrost, die eine Laubverf\u00e4rbung beg\u00fcnstigen, fehlten.<\/p>\n<p>Durchschnittlich 19 Tage nach dem Beginn der Blattverf\u00e4rbung &#8211; n\u00e4mlich am 4. November &#8211; l\u00e4sst die Stiel-Eiche schlie\u00dflich auch ihre Bl\u00e4tter fallen. Damit beginnt aus ph\u00e4nologischer Sicht der Winter. Im ph\u00e4nologischen Beobachtungsnetzwerk wurde diese Leitphase bisher schon an 16 Orten gemeldet. In den n\u00e4chsten Tagen und Wochen wird sich die Zahl aber noch deutlich vergr\u00f6\u00dfern.<\/p>\n<p>\u00dcber den aktuellen Stand der ph\u00e4nologischen Entwicklung k\u00f6nnen Sie sich stets auf unserer neuen Website unter http:\/\/www.dwd.de\/DE\/leistungen\/phaeno_sta\/phaenosta.html informieren.<\/p>\n<p>M.Sc. Met. Stefan Bach Deutscher Wetterdienst Vorhersage- und Beratungszentrale Offenbach, den 24.10.2015 Copyright (c) Deutscher Wetterdienst<\/p>\n<p>&nbsp;<\/p>\n<p><a href=\"https:\/\/www.hossi-im-netz.de\/wordpress\/wp-content\/uploads\/2015\/10\/image19.png\"><img loading=\"lazy\" decoding=\"async\" data-attachment-id=\"1758\" data-permalink=\"https:\/\/www.hossi-im-netz.de\/wordpress\/bunt-sind-schon-die-waelder\/image-68\/\" data-orig-file=\"https:\/\/www.hossi-im-netz.de\/wordpress\/wp-content\/uploads\/2015\/10\/image19.png\" data-orig-size=\"978,631\" data-comments-opened=\"1\" data-image-meta=\"{&quot;aperture&quot;:&quot;0&quot;,&quot;credit&quot;:&quot;&quot;,&quot;camera&quot;:&quot;&quot;,&quot;caption&quot;:&quot;&quot;,&quot;created_timestamp&quot;:&quot;0&quot;,&quot;copyright&quot;:&quot;&quot;,&quot;focal_length&quot;:&quot;0&quot;,&quot;iso&quot;:&quot;0&quot;,&quot;shutter_speed&quot;:&quot;0&quot;,&quot;title&quot;:&quot;&quot;,&quot;orientation&quot;:&quot;0&quot;}\" data-image-title=\"&amp;#8222;Bunt sind schon die W\u00e4lder&amp;#8220;\" data-image-description=\"\" data-image-caption=\"\" data-medium-file=\"https:\/\/www.hossi-im-netz.de\/wordpress\/wp-content\/uploads\/2015\/10\/image19-300x194.png\" data-large-file=\"https:\/\/www.hossi-im-netz.de\/wordpress\/wp-content\/uploads\/2015\/10\/image19.png\" class=\"alignnone size-full wp-image-1758\" src=\"https:\/\/www.hossi-im-netz.de\/wordpress\/wp-content\/uploads\/2015\/10\/image19.png\" alt=\"&quot;Bunt sind schon die W\u00e4lder&quot;\" width=\"978\" height=\"631\" srcset=\"https:\/\/www.hossi-im-netz.de\/wordpress\/wp-content\/uploads\/2015\/10\/image19.png 978w, https:\/\/www.hossi-im-netz.de\/wordpress\/wp-content\/uploads\/2015\/10\/image19-300x194.png 300w\" sizes=\"auto, (max-width: 978px) 100vw, 978px\" \/><\/a><\/p>\n","protected":false},"excerpt":{"rendered":"<p>&#8222;Bunt sind schon die W\u00e4lder&#8220; Mit den Worten &#8222;Bunt sind schon die W\u00e4lder&#8220; beginnt ein auch unter dem Namen &#8222;Herbstlied&#8220; bekanntes Volkslied, das vom Schweizer Dichter Johann Gaudenz von Salis-Seewis geschrieben und 1782 ver\u00f6ffentlicht wurde. In Deutschlands W\u00e4ldern weicht das <span class=\"excerpt-dots\">&hellip;<\/span> <a class=\"more-link\" href=\"https:\/\/www.hossi-im-netz.de\/wordpress\/bunt-sind-schon-die-waelder\/\"><span class=\"more-msg\">Weiterlesen &rarr;<\/span><\/a><\/p>\n","protected":false},"author":1,"featured_media":0,"comment_status":"open","ping_status":"closed","sticky":false,"template":"","format":"standard","meta":{"_exactmetrics_skip_tracking":false,"_exactmetrics_sitenote_active":false,"_exactmetrics_sitenote_note":"","_exactmetrics_sitenote_category":0,"jetpack_post_was_ever_published":false,"_jetpack_newsletter_access":"","_jetpack_dont_email_post_to_subs":false,"_jetpack_newsletter_tier_id":0,"_jetpack_memberships_contains_paywalled_content":false,"_jetpack_memberships_contains_paid_content":false,"footnotes":"","jetpack_publicize_message":"","jetpack_publicize_feature_enabled":true,"jetpack_social_post_already_shared":true,"jetpack_social_options":{"image_generator_settings":{"template":"highway","default_image_id":0,"font":"","enabled":false},"version":2}},"categories":[37],"tags":[323,218],"yst_prominent_words":[],"class_list":["post-1757","post","type-post","status-publish","format-standard","hentry","category-wetterblog","tag-bunt","tag-herbst"],"jetpack_publicize_connections":[],"jetpack_featured_media_url":"","jetpack_sharing_enabled":true,"jetpack_shortlink":"https:\/\/wp.me\/p5DnIb-sl","jetpack-related-posts":[],"jetpack_likes_enabled":true,"_links":{"self":[{"href":"https:\/\/www.hossi-im-netz.de\/wordpress\/wp-json\/wp\/v2\/posts\/1757","targetHints":{"allow":["GET"]}}],"collection":[{"href":"https:\/\/www.hossi-im-netz.de\/wordpress\/wp-json\/wp\/v2\/posts"}],"about":[{"href":"https:\/\/www.hossi-im-netz.de\/wordpress\/wp-json\/wp\/v2\/types\/post"}],"author":[{"embeddable":true,"href":"https:\/\/www.hossi-im-netz.de\/wordpress\/wp-json\/wp\/v2\/users\/1"}],"replies":[{"embeddable":true,"href":"https:\/\/www.hossi-im-netz.de\/wordpress\/wp-json\/wp\/v2\/comments?post=1757"}],"version-history":[{"count":1,"href":"https:\/\/www.hossi-im-netz.de\/wordpress\/wp-json\/wp\/v2\/posts\/1757\/revisions"}],"predecessor-version":[{"id":1759,"href":"https:\/\/www.hossi-im-netz.de\/wordpress\/wp-json\/wp\/v2\/posts\/1757\/revisions\/1759"}],"wp:attachment":[{"href":"https:\/\/www.hossi-im-netz.de\/wordpress\/wp-json\/wp\/v2\/media?parent=1757"}],"wp:term":[{"taxonomy":"category","embeddable":true,"href":"https:\/\/www.hossi-im-netz.de\/wordpress\/wp-json\/wp\/v2\/categories?post=1757"},{"taxonomy":"post_tag","embeddable":true,"href":"https:\/\/www.hossi-im-netz.de\/wordpress\/wp-json\/wp\/v2\/tags?post=1757"},{"taxonomy":"yst_prominent_words","embeddable":true,"href":"https:\/\/www.hossi-im-netz.de\/wordpress\/wp-json\/wp\/v2\/yst_prominent_words?post=1757"}],"curies":[{"name":"wp","href":"https:\/\/api.w.org\/{rel}","templated":true}]}}