{"id":1802,"date":"2015-10-31T14:43:17","date_gmt":"2015-10-31T12:43:17","guid":{"rendered":"http:\/\/www.hossi-im-netz.de\/wordpress\/?p=1802"},"modified":"2015-10-31T14:43:17","modified_gmt":"2015-10-31T12:43:17","slug":"gibt-es-zu-halloween-passendes-gruselwetter","status":"publish","type":"post","link":"https:\/\/www.hossi-im-netz.de\/wordpress\/gibt-es-zu-halloween-passendes-gruselwetter\/","title":{"rendered":"Gibt es zu Halloween passendes Gruselwetter?"},"content":{"rendered":"<p style=\"text-align: justify;\">Gibt es zu Halloween passendes Gruselwetter?<\/p>\n<p style=\"text-align: justify;\">\nHalloween h\u00e4ngt eigentlich mit dem katholischen Hochfest Allerheiligen (01.11.) zusammen, an dem aller Heiligen gedacht wird. Denn das Wort Halloween ergibt sich durch die Verschmelzung von All Hallows&#8216; Eve, dem Abend vor Allerheiligen (\u00e4hnlich wie bei Heilig Abend &#8211; Christmas Eve). Dass Halloween mit den Toten verbunden wird bzw. dem Tag etwas Gruseliges anhaftet, h\u00e4ngt mit dem 02. November zusammen &#8211; Allerseelen, an dem die katholische Kirche ihrer Verstorbenen und aller Seelen im Fegefeuer gedenkt.<\/p>\n<p style=\"text-align: justify;\">Halloween hat seinen Ursprung in den katholischen Gebieten der Britischen Inseln. W\u00e4hrend damals die anglikanische sowie die evangelische Kirche am 31.10. die Reformation durch Martin Luther feierten, begingen die Katholiken, vor allem in Irland, am Abend und in der Nacht vor Allerheiligen das Hochfest mit Volksbr\u00e4uchen. Durch die irischen Einwanderer im 19. Jahrhundert kam dieser Brauch dann in die USA und nach Kanada. Erst gegen Ende des letzten Jahrhunderts wurde Halloween \u00fcber Frankreich im restlichen Europa zur Tradition und schlie\u00dflich auch in Deutschland popul\u00e4r.<\/p>\n<p style=\"text-align: justify;\">Der zu Halloween geh\u00f6rende Brauch, ausgeschnitzte K\u00fcrbisse (urspr\u00fcnglich R\u00fcben) zu beleuchten, stammt auch aus Irland und beruht auf einer Sage nach dem B\u00f6sewicht Jack Oldfield. Die K\u00fcrbisse mit ihren gruseligen Fratzen sollen den Hauseingang beleuchten und b\u00f6se Geister abschrecken. Das von-Haus-zu-Haus-gehen mit dem Spruch &#8222;S\u00fc\u00dfes oder Saures&#8220; (&#8222;Trick or Treat&#8220;) hat aber seinen Ursprung in den USA. Doch wollen wir uns nun der Eingangsfrage stellen, ob es Gruselwetter zu Halloween gibt und welches Wetter an Allerheiligen und -seelen zur Gr\u00e4bersegnung zu erwarten ist.<\/p>\n<p style=\"text-align: justify;\">Am heutigen Halloween-Abend und in der Nacht zum Sonntag bilden sich vor allem am S\u00fcdrand der westlichen Mittelgebirge wieder dichte Nebelfelder aus, die dort mit der richtigen Beleuchtung f\u00fcr eine gespenstige Stimmung sorgen k\u00f6nnen. Durch Hoch TOMOKA \u00fcber Nord- und Osteuropa wird es aber in Ostdeutschland weitgehend klar, an der K\u00fcste k\u00f6nnen ein paar Wolken den Mond zwischenzeitlich verdecken. Daher sollten Nachtschw\u00e4rmer in den sich aufklarenden Gebieten der Osth\u00e4lfte Deutschlands eine dicke Jacke anziehen. Denn die Lufttemperatur sinkt meist auf Werte zwischen 7 Grad im Nordwesten und 2 Grad im S\u00fcdosten, in ung\u00fcnstigen Tallagen sogar um den Gefrierpunkt. Dort wo es aufklart, ist verbreitet mit Frost in Bodenn\u00e4he zu rechnen. Eine Zusammenfassung des n\u00e4chtlichen Wetters ist in der Abbildung unter www.dwd.de\/tagesthema schematisch dargestellt.<\/p>\n<p style=\"text-align: justify;\">An Allerheiligen l\u00f6st sich der Nebel und Hochnebel im S\u00fcdwesten Deutschlands, in Flusst\u00e4lern sowie in K\u00fcstenn\u00e4he nur sehr langsam auf. Insbesondere am S\u00fcdrand der westlichen Mittelgebirge bleibt es ganzt\u00e4gig neblig-tr\u00fcb. Daher fallen die Temperaturen sehr unterschiedlich aus: W\u00e4hrend im Dauernebel Werte um 8 Grad zu erwarten sind, wird es in den sonnigen Gebieten 12 bis 17 Grad warm. Im Lee n\u00f6rdlich der Mittelgebirge sowie im h\u00f6heren Bergland sind \u00f6rtlich sogar 19 Grad m\u00f6glich.<\/p>\n<p style=\"text-align: justify;\">Auch an Allerseelen \u00e4ndert sich an der Wetterlage und somit auch an dem daraus resultierenden Wettergeschehen nichts: Im S\u00fcdwesten ist wieder mit Nebel und Hochnebel zu rechnen, der sich bis in den Tag hinein halten kann. Aber wenigstens braucht man keinen Regenschirm beim Friedhofsbesuch und vielleicht mit ein bisschen Gl\u00fcck sieht man durch den Nebel ein wenig die Sonne hindurchscheinen.<\/p>\n<p style=\"text-align: justify;\">M.Sc.-Met. Anna Wieczorek Deutscher Wetterdienst Vorhersage- und Beratungszentrale Offenbach, den 31.10.2015 Copyright (c)<a href=\"http:\/\/www.dd.de\" target=\"_blank\"> Deutscher Wetterdienst<\/a><\/p>\n<p style=\"text-align: justify;\">\n<p style=\"text-align: justify;\"><a href=\"https:\/\/www.hossi-im-netz.de\/wordpress\/wp-content\/uploads\/2015\/10\/31_Bild.png\"><img loading=\"lazy\" decoding=\"async\" data-attachment-id=\"1803\" data-permalink=\"https:\/\/www.hossi-im-netz.de\/wordpress\/gibt-es-zu-halloween-passendes-gruselwetter\/31_bild\/\" data-orig-file=\"https:\/\/www.hossi-im-netz.de\/wordpress\/wp-content\/uploads\/2015\/10\/31_Bild.png\" data-orig-size=\"767,888\" data-comments-opened=\"1\" data-image-meta=\"{&quot;aperture&quot;:&quot;0&quot;,&quot;credit&quot;:&quot;&quot;,&quot;camera&quot;:&quot;&quot;,&quot;caption&quot;:&quot;&quot;,&quot;created_timestamp&quot;:&quot;0&quot;,&quot;copyright&quot;:&quot;&quot;,&quot;focal_length&quot;:&quot;0&quot;,&quot;iso&quot;:&quot;0&quot;,&quot;shutter_speed&quot;:&quot;0&quot;,&quot;title&quot;:&quot;&quot;,&quot;orientation&quot;:&quot;0&quot;}\" data-image-title=\"Halloween 2015\" data-image-description=\"\" data-image-caption=\"\" data-medium-file=\"https:\/\/www.hossi-im-netz.de\/wordpress\/wp-content\/uploads\/2015\/10\/31_Bild-259x300.png\" data-large-file=\"https:\/\/www.hossi-im-netz.de\/wordpress\/wp-content\/uploads\/2015\/10\/31_Bild.png\" class=\"alignnone size-full wp-image-1803\" src=\"https:\/\/www.hossi-im-netz.de\/wordpress\/wp-content\/uploads\/2015\/10\/31_Bild.png\" alt=\"Halloween 2015\" width=\"767\" height=\"888\" srcset=\"https:\/\/www.hossi-im-netz.de\/wordpress\/wp-content\/uploads\/2015\/10\/31_Bild.png 767w, https:\/\/www.hossi-im-netz.de\/wordpress\/wp-content\/uploads\/2015\/10\/31_Bild-259x300.png 259w\" sizes=\"auto, (max-width: 767px) 100vw, 767px\" \/><\/a><\/p>\n","protected":false},"excerpt":{"rendered":"<p>Gibt es zu Halloween passendes Gruselwetter? Halloween h\u00e4ngt eigentlich mit dem katholischen Hochfest Allerheiligen (01.11.) zusammen, an dem aller Heiligen gedacht wird. Denn das Wort Halloween ergibt sich durch die Verschmelzung von All Hallows&#8216; Eve, dem Abend vor Allerheiligen (\u00e4hnlich <span class=\"excerpt-dots\">&hellip;<\/span> <a class=\"more-link\" href=\"https:\/\/www.hossi-im-netz.de\/wordpress\/gibt-es-zu-halloween-passendes-gruselwetter\/\"><span class=\"more-msg\">Weiterlesen &rarr;<\/span><\/a><\/p>\n","protected":false},"author":1,"featured_media":0,"comment_status":"open","ping_status":"closed","sticky":false,"template":"","format":"standard","meta":{"_exactmetrics_skip_tracking":false,"_exactmetrics_sitenote_active":false,"_exactmetrics_sitenote_note":"","_exactmetrics_sitenote_category":0,"jetpack_post_was_ever_published":false,"_jetpack_newsletter_access":"","_jetpack_dont_email_post_to_subs":false,"_jetpack_newsletter_tier_id":0,"_jetpack_memberships_contains_paywalled_content":false,"_jetpack_memberships_contains_paid_content":false,"footnotes":"","jetpack_publicize_message":"","jetpack_publicize_feature_enabled":true,"jetpack_social_post_already_shared":true,"jetpack_social_options":{"image_generator_settings":{"template":"highway","default_image_id":0,"font":"","enabled":false},"version":2}},"categories":[37],"tags":[330],"yst_prominent_words":[],"class_list":["post-1802","post","type-post","status-publish","format-standard","hentry","category-wetterblog","tag-halloween"],"jetpack_publicize_connections":[],"jetpack_featured_media_url":"","jetpack_sharing_enabled":true,"jetpack_shortlink":"https:\/\/wp.me\/p5DnIb-t4","jetpack-related-posts":[],"jetpack_likes_enabled":true,"_links":{"self":[{"href":"https:\/\/www.hossi-im-netz.de\/wordpress\/wp-json\/wp\/v2\/posts\/1802","targetHints":{"allow":["GET"]}}],"collection":[{"href":"https:\/\/www.hossi-im-netz.de\/wordpress\/wp-json\/wp\/v2\/posts"}],"about":[{"href":"https:\/\/www.hossi-im-netz.de\/wordpress\/wp-json\/wp\/v2\/types\/post"}],"author":[{"embeddable":true,"href":"https:\/\/www.hossi-im-netz.de\/wordpress\/wp-json\/wp\/v2\/users\/1"}],"replies":[{"embeddable":true,"href":"https:\/\/www.hossi-im-netz.de\/wordpress\/wp-json\/wp\/v2\/comments?post=1802"}],"version-history":[{"count":1,"href":"https:\/\/www.hossi-im-netz.de\/wordpress\/wp-json\/wp\/v2\/posts\/1802\/revisions"}],"predecessor-version":[{"id":1804,"href":"https:\/\/www.hossi-im-netz.de\/wordpress\/wp-json\/wp\/v2\/posts\/1802\/revisions\/1804"}],"wp:attachment":[{"href":"https:\/\/www.hossi-im-netz.de\/wordpress\/wp-json\/wp\/v2\/media?parent=1802"}],"wp:term":[{"taxonomy":"category","embeddable":true,"href":"https:\/\/www.hossi-im-netz.de\/wordpress\/wp-json\/wp\/v2\/categories?post=1802"},{"taxonomy":"post_tag","embeddable":true,"href":"https:\/\/www.hossi-im-netz.de\/wordpress\/wp-json\/wp\/v2\/tags?post=1802"},{"taxonomy":"yst_prominent_words","embeddable":true,"href":"https:\/\/www.hossi-im-netz.de\/wordpress\/wp-json\/wp\/v2\/yst_prominent_words?post=1802"}],"curies":[{"name":"wp","href":"https:\/\/api.w.org\/{rel}","templated":true}]}}