{"id":1945,"date":"2015-11-18T12:51:11","date_gmt":"2015-11-18T10:51:11","guid":{"rendered":"http:\/\/www.hossi-im-netz.de\/wordpress\/?p=1945"},"modified":"2015-11-18T12:51:11","modified_gmt":"2015-11-18T10:51:11","slug":"demnaechst-wohl-wieder-muetze-schal-und-handschuhe","status":"publish","type":"post","link":"https:\/\/www.hossi-im-netz.de\/wordpress\/demnaechst-wohl-wieder-muetze-schal-und-handschuhe\/","title":{"rendered":"Demn\u00e4chst wohl wieder M\u00fctze, Schal und Handschuhe"},"content":{"rendered":"<h2>Demn\u00e4chst wohl wieder M\u00fctze, Schal und Handschuhe<\/h2>\n<div style=\"text-align: justify;\">Man m\u00f6chte ja beinahe sagen: &#8222;Gott sei Dank st\u00fcrmt es so.&#8220; Mancherorts k\u00f6nnte man ja ansonsten glatt vergessen, dass es momentan Herbst ist, denn die derzeitigen H\u00f6chsttemperaturen sind zum Teil immer noch viel zu mild f\u00fcr die Jahreszeit bzw. November. In der vergangenen Nacht sorgte Sturmtief HEINI verbreitet f\u00fcr Sturmb\u00f6en (z.T. auch schwere Sturmb\u00f6en) bis in tiefe Lagen.Vereinzelt kam es sogar zu orkanartigen B\u00f6en. Erfurt meldete beispielsweise eine solche mit 106,9 km\/h! Auf den Berggipfeln erreichten die B\u00f6en Orkanst\u00e4rke, wobei hier wie bereits am vergangenen Sonntag der Brocken mit Abstand die Nase vorn hatte: 170,3 km\/h konnten dort verzeichnet werden!<\/p>\n<p>Auch am heutigen Mittwoch sorgt HEINI noch f\u00fcr viel Wind, wobei sich dieser im Tagesverlauf von Westen her immer mehr abschw\u00e4cht. Doch das n\u00e4chste Sturmtief sitzt bereits in den Startl\u00f6chern, denn mit IWAN setzt sich ab der kommenden Nacht die st\u00fcrmische und milde Witterung in Deutschland fort. Doch damit wird am kommenden Wochenende voraussichtlich erst einmal Schluss sein, wobei das R\u00e4tseln um die Jahreszeit wohl vielerorts erhalten bleibt, allerdings in die andere Richtung gedacht. So wie es momentan aussieht, klopft dann n\u00e4mlich der Winter an.<\/p>\n<p>Versuchen wir einmal, die Verantwortlichen f\u00fcr diese Umstellung der Gro\u00dfwetterlage zu finden. Zum einen w\u00e4ren da zwei kr\u00e4ftige Hochdruckgebiete, eines aktuell westlich von Neufundland, das andere mit dem Namen VIVA \u00fcber S\u00fcdwesteuropa. W\u00e4hrend Hoch VIVA nahezu kaum seine Position \u00e4ndert, kommt das andere noch namenlose Hoch in den n\u00e4chsten beiden Tagen bis ins Seegebiet s\u00fcdlich von Gr\u00f6nland voran. VIVA scheint sich allerdings kaum daran zu st\u00f6ren, dass sein &#8222;Luftdruckpartner&#8220; keinen Namen tr\u00e4gt. Es geht ganz im Gegenteil im Laufe des Freitags sogar eine Verbindung mit diesem \u00fcber dem Atlantik ein, im Fachjargon w\u00fcrde man auch von der Ausbildung einer sogenannten Hochdruckbr\u00fccke sprechen. Ebenfalls zu den Verantwortlichen z\u00e4hlend ist eine gro\u00dfr\u00e4umige Tiefdruckzone \u00fcber Nordosteuropa, in die sich am Donnerstag auch Sturmtief IWAN eingliedern wird. Zwischen diesem Komplex und der vorhin erw\u00e4hnten Hochdruckzone \u00fcber dem Atlantik stellt sich in der Folge eine n\u00f6rdliche Str\u00f6mung ein, mit der ab Freitag polare Kaltluft nach Deutschland gelangt. In der Folge wird am Samstag in Sachen H\u00f6chsttemperatur wohl kaum noch die 10-Grad-Marke geknackt werden. Am Sonntag werden mit Ausnahme der K\u00fcsten wohl kaum noch 5 Grad drin. In den N\u00e4chten wird bis Anfang n\u00e4chster Woche vielerorts Frost ein Thema werden.<\/p>\n<p>Dazu wird das Wochenende im Bergland wohl auch in Sachen Niederschlag winterlich. Dort kann man sich voraussichtlich auf den einen oder anderen Zentimeter Neuschnee einstellen. Besonders in den N\u00e4chten kann es ab Samstag zudem auch mal bis in tiefe Lagen runterschneien. Aber bekanntlich ist des einen Freud des anderen Leid, denn Gl\u00e4tte ist dabei nat\u00fcrlich vorprogrammiert. Wie lange diese winterliche Witterung anhalten wird, ist noch unsicher. Die Weihnachtsmarktbetreiber werden aber sicherlich die Daumen dr\u00fccken und hoffen, dass sich daran so schnell nichts \u00e4ndert.<\/p>\n<p>Dipl.-Met. Tobias Reinartz Deutscher Wetterdienst Vorhersage- und Beratungszentrale Offenbach, den 18.11.2015 Copyright (c) <a href=\"http:\/\/www.dwd.de\" target=\"_blank\">Deutscher Wetterdienst<\/a><\/div>\n","protected":false},"excerpt":{"rendered":"<p>Demn\u00e4chst wohl wieder M\u00fctze, Schal und Handschuhe Man m\u00f6chte ja beinahe sagen: &#8222;Gott sei Dank st\u00fcrmt es so.&#8220; Mancherorts k\u00f6nnte man ja ansonsten glatt vergessen, dass es momentan Herbst ist, denn die derzeitigen H\u00f6chsttemperaturen sind zum Teil immer noch viel <span class=\"excerpt-dots\">&hellip;<\/span> <a class=\"more-link\" href=\"https:\/\/www.hossi-im-netz.de\/wordpress\/demnaechst-wohl-wieder-muetze-schal-und-handschuhe\/\"><span class=\"more-msg\">Weiterlesen &rarr;<\/span><\/a><\/p>\n","protected":false},"author":1,"featured_media":1710,"comment_status":"open","ping_status":"closed","sticky":false,"template":"","format":"standard","meta":{"_exactmetrics_skip_tracking":false,"_exactmetrics_sitenote_active":false,"_exactmetrics_sitenote_note":"","_exactmetrics_sitenote_category":0,"jetpack_post_was_ever_published":false,"_jetpack_newsletter_access":"","_jetpack_dont_email_post_to_subs":false,"_jetpack_newsletter_tier_id":0,"_jetpack_memberships_contains_paywalled_content":false,"_jetpack_memberships_contains_paid_content":false,"footnotes":"","jetpack_publicize_message":"","jetpack_publicize_feature_enabled":true,"jetpack_social_post_already_shared":true,"jetpack_social_options":{"image_generator_settings":{"template":"highway","default_image_id":0,"font":"","enabled":false},"version":2}},"categories":[37],"tags":[297],"yst_prominent_words":[],"class_list":["post-1945","post","type-post","status-publish","format-standard","has-post-thumbnail","hentry","category-wetterblog","tag-winter"],"jetpack_publicize_connections":[],"jetpack_featured_media_url":"https:\/\/www.hossi-im-netz.de\/wordpress\/wp-content\/uploads\/2015\/10\/winterreifen-e1447843854386.jpeg","jetpack_sharing_enabled":true,"jetpack_shortlink":"https:\/\/wp.me\/p5DnIb-vn","jetpack-related-posts":[],"jetpack_likes_enabled":true,"_links":{"self":[{"href":"https:\/\/www.hossi-im-netz.de\/wordpress\/wp-json\/wp\/v2\/posts\/1945","targetHints":{"allow":["GET"]}}],"collection":[{"href":"https:\/\/www.hossi-im-netz.de\/wordpress\/wp-json\/wp\/v2\/posts"}],"about":[{"href":"https:\/\/www.hossi-im-netz.de\/wordpress\/wp-json\/wp\/v2\/types\/post"}],"author":[{"embeddable":true,"href":"https:\/\/www.hossi-im-netz.de\/wordpress\/wp-json\/wp\/v2\/users\/1"}],"replies":[{"embeddable":true,"href":"https:\/\/www.hossi-im-netz.de\/wordpress\/wp-json\/wp\/v2\/comments?post=1945"}],"version-history":[{"count":1,"href":"https:\/\/www.hossi-im-netz.de\/wordpress\/wp-json\/wp\/v2\/posts\/1945\/revisions"}],"predecessor-version":[{"id":1946,"href":"https:\/\/www.hossi-im-netz.de\/wordpress\/wp-json\/wp\/v2\/posts\/1945\/revisions\/1946"}],"wp:featuredmedia":[{"embeddable":true,"href":"https:\/\/www.hossi-im-netz.de\/wordpress\/wp-json\/wp\/v2\/media\/1710"}],"wp:attachment":[{"href":"https:\/\/www.hossi-im-netz.de\/wordpress\/wp-json\/wp\/v2\/media?parent=1945"}],"wp:term":[{"taxonomy":"category","embeddable":true,"href":"https:\/\/www.hossi-im-netz.de\/wordpress\/wp-json\/wp\/v2\/categories?post=1945"},{"taxonomy":"post_tag","embeddable":true,"href":"https:\/\/www.hossi-im-netz.de\/wordpress\/wp-json\/wp\/v2\/tags?post=1945"},{"taxonomy":"yst_prominent_words","embeddable":true,"href":"https:\/\/www.hossi-im-netz.de\/wordpress\/wp-json\/wp\/v2\/yst_prominent_words?post=1945"}],"curies":[{"name":"wp","href":"https:\/\/api.w.org\/{rel}","templated":true}]}}