{"id":2171,"date":"2015-12-18T13:57:26","date_gmt":"2015-12-18T11:57:26","guid":{"rendered":"http:\/\/www.hossi-im-netz.de\/wordpress\/?p=2171"},"modified":"2015-12-18T13:57:26","modified_gmt":"2015-12-18T11:57:26","slug":"weisse-gruene-undoder-graue-weihnachten","status":"publish","type":"post","link":"https:\/\/www.hossi-im-netz.de\/wordpress\/weisse-gruene-undoder-graue-weihnachten\/","title":{"rendered":"Wei\u00dfe, gr\u00fcne und\/oder graue Weihnachten?"},"content":{"rendered":"<p style=\"text-align: justify;\">Wei\u00dfe, gr\u00fcne und\/oder graue Weihnachten?<\/p>\n<p style=\"text-align: justify;\">\nGleich vorweg: Es sieht f\u00fcr Schneeliebhaber in Deutschland nicht gut aus, es sei denn, man weicht auf Kunstschnee in den Skigebieten aus. Die ungew\u00f6hnlich milde Witterung bleibt h\u00f6chst wahrscheinlich bis zum Ende des Jahres bestehen, denn die S\u00fcdwestwetterlage wird sich auch weiterhin sehr hartn\u00e4ckig \u00fcber Deutschland halten. Die sich meist bei Neufundland bildenden Tiefdruckgebiete ziehen auf einer S\u00fcdwest-Nordostzugbahn \u00fcber den Nordatlantik nach Nordskandinavien. Und das Hoch \u00fcber S\u00fcd- und Osteuropa? Das bleibt standhaft und wird immer wieder durch das Azorenhoch gest\u00fctzt. Somit verbleibt ganz Mitteleuropa &#8222;zwischen den St\u00fchlen&#8220;. Mit der S\u00fcdweststr\u00f6mung gelangt auch in den n\u00e4chsten Tagen feuchte und sehr milde Meeresluft subtropischen Ursprungs zu uns und sorgt f\u00fcr ungew\u00f6hnlich mildes, aber unbest\u00e4ndiges Wetter.<\/p>\n<p style=\"text-align: justify;\">Zun\u00e4chst zum Start der Woche, ab dem in einigen Bundesl\u00e4ndern bereits die Weihnachtsferien anfangen: Ein neuer Tiefdruckkomplex bildet sich \u00fcber dem Nordatlantik aus und die Nordh\u00e4lfte Deutschlands wird bereits in der Nacht zum Dienstag von den daraus hervorgehenden Ausl\u00e4ufern des Sturmtiefs beeinflusst. Bis einschlie\u00dflich Mittwoch ist neben Regen vor allem an den K\u00fcsten sowie in den Berglagen mit st\u00fcrmischen B\u00f6en, in exponierten Lagen sogar Sturmb\u00f6en zu rechnen. Auch im Binnenland sind dann Windb\u00f6en m\u00f6glich. Dabei bleibt es \u00fcberwiegend bedeckt, nur im S\u00fcdosten gibt es die gr\u00f6\u00dften Chancen auf ein paar Sonnenstrahlen. Die Temperaturen steigen tags\u00fcber auf weiterhin ungew\u00f6hnlich hohe Werte zwischen 8 und 14 Grad, in den N\u00e4chten fallen sie kaum unter die 5-Grad-Marke. Frost wird dabei nur in Alpenn\u00e4he erwartet.<\/p>\n<p style=\"text-align: justify;\">Die wei\u00dfe Weihnacht wurde bereits zu Anfang dieses Textes ausgeschlossen. Das hei\u00dft, dass es definitiv gr\u00fcne Weihnachten werden. Doch wie schaut der Trend danach aus momentaner Sicht aus? Werden wir wenigstens die Sonne genie\u00dfen k\u00f6nnen oder versinken wir im Dauergrau? An Heiligabend (Donnerstag) wird es \u00fcberwiegend bew\u00f6lkt oder tr\u00fcb aber weitgehend trocken. Am Nachmittag kann s\u00fcdlich der Donau noch am ehesten mit Sonnenstrahlen gerechnet werden. Die Tagesh\u00f6chsttemperatur liegt zwischen 6 und 12 Grad. Am 1. und 2. Weihnachtstag ist es teils stark bew\u00f6lkt oder neblig tr\u00fcb, teils lockern die Wolken auch auf. Dabei bleibt es meist trocken, nur an den K\u00fcsten kann es etwas Regen geben. Die gr\u00f6\u00dfte Chance auf Sonne gibt es wieder am Alpenrand. Die Temperatur bleibt unver\u00e4ndert, bei z\u00e4hem Nebel zeigt das Thermometer aber stellenweise kaum 5 Grad an.<\/p>\n<p style=\"text-align: justify;\">Selbst im &#8222;Glaskugelbereich&#8220; der Wettervorhersage, also zum Jahreswechsel, ist keine wesentliche \u00c4nderung der Wetterlage in Sicht. F\u00fcr Schneeliebhaber hei\u00dft das wohl nur: Auf das n\u00e4chste Jahr hoffen, denn der Winter hat ja grad erst angefangen! \ud83d\ude09<\/p>\n<p>M.Sc.-Met. Anna Wieczorek Deutscher Wetterdienst Vorhersage- und Beratungszentrale Offenbach, den 18.12.2015<\/p>\n<p>Copyright (c) <a href=\"http:\/\/www.dwd.de\" target=\"_blank\">Deutscher Wetterdienst<\/a><\/p>\n","protected":false},"excerpt":{"rendered":"<p>Wei\u00dfe, gr\u00fcne und\/oder graue Weihnachten? Gleich vorweg: Es sieht f\u00fcr Schneeliebhaber in Deutschland nicht gut aus, es sei denn, man weicht auf Kunstschnee in den Skigebieten aus. Die ungew\u00f6hnlich milde Witterung bleibt h\u00f6chst wahrscheinlich bis zum Ende des Jahres bestehen, <span class=\"excerpt-dots\">&hellip;<\/span> <a class=\"more-link\" href=\"https:\/\/www.hossi-im-netz.de\/wordpress\/weisse-gruene-undoder-graue-weihnachten\/\"><span class=\"more-msg\">Weiterlesen &rarr;<\/span><\/a><\/p>\n","protected":false},"author":1,"featured_media":2172,"comment_status":"open","ping_status":"closed","sticky":false,"template":"","format":"standard","meta":{"_exactmetrics_skip_tracking":false,"_exactmetrics_sitenote_active":false,"_exactmetrics_sitenote_note":"","_exactmetrics_sitenote_category":0,"jetpack_post_was_ever_published":false,"_jetpack_newsletter_access":"","_jetpack_dont_email_post_to_subs":false,"_jetpack_newsletter_tier_id":0,"_jetpack_memberships_contains_paywalled_content":false,"_jetpack_memberships_contains_paid_content":false,"footnotes":"","jetpack_publicize_message":"","jetpack_publicize_feature_enabled":true,"jetpack_social_post_already_shared":true,"jetpack_social_options":{"image_generator_settings":{"template":"highway","default_image_id":0,"font":"","enabled":false},"version":2}},"categories":[37],"tags":[366,373,348,4],"yst_prominent_words":[],"class_list":["post-2171","post","type-post","status-publish","format-standard","has-post-thumbnail","hentry","category-wetterblog","tag-weihnachten","tag-weihnachten-2015","tag-weisse-weihnachten","tag-wetter"],"jetpack_publicize_connections":[],"jetpack_featured_media_url":"https:\/\/www.hossi-im-netz.de\/wordpress\/wp-content\/uploads\/2015\/12\/concept-345541_1920.jpg","jetpack_sharing_enabled":true,"jetpack_shortlink":"https:\/\/wp.me\/p5DnIb-z1","jetpack-related-posts":[],"jetpack_likes_enabled":true,"_links":{"self":[{"href":"https:\/\/www.hossi-im-netz.de\/wordpress\/wp-json\/wp\/v2\/posts\/2171","targetHints":{"allow":["GET"]}}],"collection":[{"href":"https:\/\/www.hossi-im-netz.de\/wordpress\/wp-json\/wp\/v2\/posts"}],"about":[{"href":"https:\/\/www.hossi-im-netz.de\/wordpress\/wp-json\/wp\/v2\/types\/post"}],"author":[{"embeddable":true,"href":"https:\/\/www.hossi-im-netz.de\/wordpress\/wp-json\/wp\/v2\/users\/1"}],"replies":[{"embeddable":true,"href":"https:\/\/www.hossi-im-netz.de\/wordpress\/wp-json\/wp\/v2\/comments?post=2171"}],"version-history":[{"count":1,"href":"https:\/\/www.hossi-im-netz.de\/wordpress\/wp-json\/wp\/v2\/posts\/2171\/revisions"}],"predecessor-version":[{"id":2173,"href":"https:\/\/www.hossi-im-netz.de\/wordpress\/wp-json\/wp\/v2\/posts\/2171\/revisions\/2173"}],"wp:featuredmedia":[{"embeddable":true,"href":"https:\/\/www.hossi-im-netz.de\/wordpress\/wp-json\/wp\/v2\/media\/2172"}],"wp:attachment":[{"href":"https:\/\/www.hossi-im-netz.de\/wordpress\/wp-json\/wp\/v2\/media?parent=2171"}],"wp:term":[{"taxonomy":"category","embeddable":true,"href":"https:\/\/www.hossi-im-netz.de\/wordpress\/wp-json\/wp\/v2\/categories?post=2171"},{"taxonomy":"post_tag","embeddable":true,"href":"https:\/\/www.hossi-im-netz.de\/wordpress\/wp-json\/wp\/v2\/tags?post=2171"},{"taxonomy":"yst_prominent_words","embeddable":true,"href":"https:\/\/www.hossi-im-netz.de\/wordpress\/wp-json\/wp\/v2\/yst_prominent_words?post=2171"}],"curies":[{"name":"wp","href":"https:\/\/api.w.org\/{rel}","templated":true}]}}