{"id":2246,"date":"2015-12-30T13:31:13","date_gmt":"2015-12-30T11:31:13","guid":{"rendered":"http:\/\/www.hossi-im-netz.de\/wordpress\/?p=2246"},"modified":"2015-12-30T13:31:13","modified_gmt":"2015-12-30T11:31:13","slug":"finale-furioso-zwischen-super-orkan-und-kaeltewelle","status":"publish","type":"post","link":"https:\/\/www.hossi-im-netz.de\/wordpress\/finale-furioso-zwischen-super-orkan-und-kaeltewelle\/","title":{"rendered":"Finale Furioso: Zwischen Super-Orkan und K\u00e4ltewelle"},"content":{"rendered":"<h2>Finale Furioso: Zwischen Super-Orkan und K\u00e4ltewelle<\/h2>\n<div style=\"text-align: justify;\">&#8230; Zwischen &#8222;Super-Orkan&#8220; \u00fcber dem Nordatlantik und einer hereinbrechenden K\u00e4ltewelle in Ost- und S\u00fcdosteuropa schippert Deutschland allerdings in eher ruhigem Fahrwasser dem Jahresende entgegen.<\/p>\n<p>Es ist gerade einmal 20 Tage her, als Island den wohl schlimmsten Schneesturm seit mindestens einem viertel Jahrhundert erlebte. Am heutigen 30. Dezember trifft nun ein weiterer, au\u00dferordentlich starker Sturm auf die Vulkaninsel. Die DWD-Bodenanalyse von heute Morgen 06 UTC zeigt das Orkantief mit dem Namen ECKARD bereits \u00fcber Island mit einem Kernluftdruck von etwa 935 hPa (siehe http:\/\/www.dwd.de\/DE\/wetter\/thema_des_tages\/2015\/12\/30.html). Bis heute Mittag soll sich ECKARD sogar noch geringf\u00fcgig verst\u00e4rken, sodass der Kernluftdruck wom\u00f6glich 930 hPa erreichen k\u00f6nnte. Damit geh\u00f6rt ECKARD zu den ganz Gro\u00dfen seiner Art. Der niedrigste, jemals in einem au\u00dfertropischen Tiefdruckgebiet \u00fcber dem Nordatlantik beobachtete Luftdruck betr\u00e4gt allerdings 914 hPa. Es war der sog. &#8222;Braer-Sturm&#8220; (benannt nach einem gestrandeten \u00d6l-Tanker) im Januar 1993, der zu seiner Zeit im Seegebiet zwischen Island und Schottland diesen fabelhaften Rekord aufstellte. Diese Marke bleibt unangetastet, der isl\u00e4ndische Rekord (knapp 924 hPa, gemessen am 2.12.1929 auf der Insel Heimaey) ist aber zumindest in Reichweite.<\/p>\n<p>Im Gegensatz zum &#8222;Braer-Sturm&#8220; trifft ECKARD allerdings direkt auf Island und sorgt dort f\u00fcr extreme Wettererscheinungen. Windgeschwindigkeiten in B\u00f6en bis 150 km\/h, die durch orographische Effekte lokal sogar noch verst\u00e4rkt werden k\u00f6nnen, heftiger Wellenschlag an den K\u00fcsten und kr\u00e4ftige, schauerartig verst\u00e4rkte Regen- und Schneef\u00e4lle bestimmen den heutigen Tag auf der Insel.<\/p>\n<p>Als Konterpart des Orkans ECKARD fungiert ein in den Wetterkarten nicht minder auff\u00e4lliges Hochdruckgebiet CHRISTINE, das heute Morgen mit einem Kernluftdruck von knapp 1050 hPa (!) mit seinem Schwerpunkt \u00fcber dem Baltikum zu finden ist. W\u00e4hrend zwischen ECKARD und CHRISTINE Warmluft subtropischen Ursprungs \u00fcber Westeuropa bis zum Nordpolarmeer str\u00f6mt, st\u00f6\u00dft auf der Ostflanke von CHRISTINE ausgleichend Kaltluft arktischen Ursprungs bis zum \u00f6stlichen Mittelmeer vor.<\/p>\n<p>Zum Jahreswechsel breiten sich Frost und mitunter auch kr\u00e4ftige Schneef\u00e4lle bis zum Peloponnes, zur \u00c4g\u00e4is und zur T\u00fcrkischen Riviera aus. Besonders viel Schnee gibt es im Bergland Griechenlands, der T\u00fcrkei sowie im Kaukasus. Im Hinblick auf den anhaltenden Fl\u00fcchtlingsstrom ist diese Wetterentwicklung mit Besorgnis zu verfolgen.<\/p>\n<p>Wie schon in der Einleitung angedeutet, kommt das Finale des Wetterjahres 2015 in Deutschland weniger furios, als unentschlossen daher. W\u00e4hrend von Nordosten her der Winter anklopft, h\u00e4lt im S\u00fcdwesten mildere Atlantikluft noch mehr oder weniger erfolgreich dagegen. Dieser Kampf der Luftmassen vermag wenigstens etwas Spannung zu vermitteln, ohne dabei mit Wetterextremen aufzuwarten.<\/p>\n<p>Dipl.-Met. Adrian Leyser Deutscher Wetterdienst Vorhersage- und Beratungszentrale Offenbach, den 30.12.2015 Copyright (c) <a href=\"http:\/\/www.dwd.de\" target=\"_blank\">Deutscher Wetterdienst<\/a><\/div>\n<div style=\"text-align: justify;\"><\/div>\n<div style=\"text-align: justify;\"><img loading=\"lazy\" decoding=\"async\" data-attachment-id=\"2247\" data-permalink=\"https:\/\/www.hossi-im-netz.de\/wordpress\/finale-furioso-zwischen-super-orkan-und-kaeltewelle\/finale-furioso\/\" data-orig-file=\"https:\/\/www.hossi-im-netz.de\/wordpress\/wp-content\/uploads\/2015\/12\/Finale-Furioso.png\" data-orig-size=\"1263,937\" data-comments-opened=\"1\" data-image-meta=\"{&quot;aperture&quot;:&quot;0&quot;,&quot;credit&quot;:&quot;&quot;,&quot;camera&quot;:&quot;&quot;,&quot;caption&quot;:&quot;&quot;,&quot;created_timestamp&quot;:&quot;0&quot;,&quot;copyright&quot;:&quot;&quot;,&quot;focal_length&quot;:&quot;0&quot;,&quot;iso&quot;:&quot;0&quot;,&quot;shutter_speed&quot;:&quot;0&quot;,&quot;title&quot;:&quot;&quot;,&quot;orientation&quot;:&quot;0&quot;}\" data-image-title=\"Finale Furioso\" data-image-description=\"\" data-image-caption=\"\" data-medium-file=\"https:\/\/www.hossi-im-netz.de\/wordpress\/wp-content\/uploads\/2015\/12\/Finale-Furioso-300x223.png\" data-large-file=\"https:\/\/www.hossi-im-netz.de\/wordpress\/wp-content\/uploads\/2015\/12\/Finale-Furioso-1024x760.png\" class=\"alignnone size-large wp-image-2247\" src=\"https:\/\/www.hossi-im-netz.de\/wordpress\/wp-content\/uploads\/2015\/12\/Finale-Furioso-1024x760.png\" alt=\"K\u00e4ltewelle\" width=\"1024\" height=\"760\" srcset=\"https:\/\/www.hossi-im-netz.de\/wordpress\/wp-content\/uploads\/2015\/12\/Finale-Furioso-1024x760.png 1024w, https:\/\/www.hossi-im-netz.de\/wordpress\/wp-content\/uploads\/2015\/12\/Finale-Furioso-300x223.png 300w, https:\/\/www.hossi-im-netz.de\/wordpress\/wp-content\/uploads\/2015\/12\/Finale-Furioso-768x570.png 768w, https:\/\/www.hossi-im-netz.de\/wordpress\/wp-content\/uploads\/2015\/12\/Finale-Furioso.png 1263w\" sizes=\"auto, (max-width: 1024px) 100vw, 1024px\" \/><\/div>\n","protected":false},"excerpt":{"rendered":"<p>Finale Furioso: Zwischen Super-Orkan und K\u00e4ltewelle &#8230; Zwischen &#8222;Super-Orkan&#8220; \u00fcber dem Nordatlantik und einer hereinbrechenden K\u00e4ltewelle in Ost- und S\u00fcdosteuropa schippert Deutschland allerdings in eher ruhigem Fahrwasser dem Jahresende entgegen. Es ist gerade einmal 20 Tage her, als Island den <span class=\"excerpt-dots\">&hellip;<\/span> <a class=\"more-link\" href=\"https:\/\/www.hossi-im-netz.de\/wordpress\/finale-furioso-zwischen-super-orkan-und-kaeltewelle\/\"><span class=\"more-msg\">Weiterlesen &rarr;<\/span><\/a><\/p>\n","protected":false},"author":1,"featured_media":2247,"comment_status":"open","ping_status":"closed","sticky":false,"template":"","format":"standard","meta":{"_exactmetrics_skip_tracking":false,"_exactmetrics_sitenote_active":false,"_exactmetrics_sitenote_note":"","_exactmetrics_sitenote_category":0,"jetpack_post_was_ever_published":false,"_jetpack_newsletter_access":"","_jetpack_dont_email_post_to_subs":false,"_jetpack_newsletter_tier_id":0,"_jetpack_memberships_contains_paywalled_content":false,"_jetpack_memberships_contains_paid_content":false,"footnotes":"","jetpack_publicize_message":"","jetpack_publicize_feature_enabled":true,"jetpack_social_post_already_shared":true,"jetpack_social_options":{"image_generator_settings":{"template":"highway","default_image_id":0,"font":"","enabled":false},"version":2}},"categories":[37],"tags":[391,392,176,393],"yst_prominent_words":[],"class_list":["post-2246","post","type-post","status-publish","format-standard","has-post-thumbnail","hentry","category-wetterblog","tag-finale","tag-kaeltewelle","tag-orkan","tag-super-orkan"],"jetpack_publicize_connections":[],"jetpack_featured_media_url":"https:\/\/www.hossi-im-netz.de\/wordpress\/wp-content\/uploads\/2015\/12\/Finale-Furioso.png","jetpack_sharing_enabled":true,"jetpack_shortlink":"https:\/\/wp.me\/p5DnIb-Ae","jetpack-related-posts":[],"jetpack_likes_enabled":true,"_links":{"self":[{"href":"https:\/\/www.hossi-im-netz.de\/wordpress\/wp-json\/wp\/v2\/posts\/2246","targetHints":{"allow":["GET"]}}],"collection":[{"href":"https:\/\/www.hossi-im-netz.de\/wordpress\/wp-json\/wp\/v2\/posts"}],"about":[{"href":"https:\/\/www.hossi-im-netz.de\/wordpress\/wp-json\/wp\/v2\/types\/post"}],"author":[{"embeddable":true,"href":"https:\/\/www.hossi-im-netz.de\/wordpress\/wp-json\/wp\/v2\/users\/1"}],"replies":[{"embeddable":true,"href":"https:\/\/www.hossi-im-netz.de\/wordpress\/wp-json\/wp\/v2\/comments?post=2246"}],"version-history":[{"count":1,"href":"https:\/\/www.hossi-im-netz.de\/wordpress\/wp-json\/wp\/v2\/posts\/2246\/revisions"}],"predecessor-version":[{"id":2248,"href":"https:\/\/www.hossi-im-netz.de\/wordpress\/wp-json\/wp\/v2\/posts\/2246\/revisions\/2248"}],"wp:featuredmedia":[{"embeddable":true,"href":"https:\/\/www.hossi-im-netz.de\/wordpress\/wp-json\/wp\/v2\/media\/2247"}],"wp:attachment":[{"href":"https:\/\/www.hossi-im-netz.de\/wordpress\/wp-json\/wp\/v2\/media?parent=2246"}],"wp:term":[{"taxonomy":"category","embeddable":true,"href":"https:\/\/www.hossi-im-netz.de\/wordpress\/wp-json\/wp\/v2\/categories?post=2246"},{"taxonomy":"post_tag","embeddable":true,"href":"https:\/\/www.hossi-im-netz.de\/wordpress\/wp-json\/wp\/v2\/tags?post=2246"},{"taxonomy":"yst_prominent_words","embeddable":true,"href":"https:\/\/www.hossi-im-netz.de\/wordpress\/wp-json\/wp\/v2\/yst_prominent_words?post=2246"}],"curies":[{"name":"wp","href":"https:\/\/api.w.org\/{rel}","templated":true}]}}