{"id":2388,"date":"2016-01-15T14:18:55","date_gmt":"2016-01-15T12:18:55","guid":{"rendered":"http:\/\/www.hossi-im-netz.de\/wordpress\/?p=2388"},"modified":"2016-01-15T14:18:55","modified_gmt":"2016-01-15T12:18:55","slug":"alex-und-pali","status":"publish","type":"post","link":"https:\/\/www.hossi-im-netz.de\/wordpress\/alex-und-pali\/","title":{"rendered":"Alex und Pali"},"content":{"rendered":"<h2>Alex und Pali<\/h2>\n<div style=\"text-align: justify;\">Bei &#8222;Alex und Pali&#8220; handelt es sich nicht etwa um den Namen einer neuen Fernsehserie, sondern um zwei ausgewachsene Wirbelst\u00fcrme, die es zu diesem Zeitpunkt im Jahr nur sehr selten gibt. W\u00e4hrend &#8222;Pali&#8220; im zentralen Nordpazifik kaum Landmassen bedroht, zieht &#8222;Alex&#8220; \u00fcber die Azoren hinweg, wo normalerweise eigentlich h\u00e4ufig Hochdruckgebiete zu finden sind.<\/p>\n<p>Wirbelsturm &#8222;Alex&#8220; hatte sich zun\u00e4chst in den ersten Januartagen dieses Jahres \u00f6stlich der Bermudas im Nordatlantik als au\u00dfertropisches Tief gebildet, bevor er am 13. Januar 2016 den Status als Hurrikan verliehen bekam. An diesem Tag befand sich der Sturm rund 1600 km westlich der Kanarischen Inseln, also weitab der afrikanischen K\u00fcste. Um als Hurrikan zu gelten, ist es nach der sogenannten f\u00fcnfstufigen Saffir-Simpson-Skala notwendig, dass der Wirbelsturm mindestens eine Windgeschwindigkeit von 119 km\/h aufweist. Das entspricht mindestens einer Orkanb\u00f6e Beaufort 12. Zwar lag &#8222;Alex&#8220; am 13. Januar 2016 mit Windgeschwindigkeiten bis 85 km\/h noch unterhalb der neuralgischen Grenze, Vorhersagen zufolge sollten sich der Sturm und die Windgeschwindigkeiten aber weiter verst\u00e4rken und damit auch den Status als Hurrikan einnehmen k\u00f6nnen. Am 14. Januar 2016 wurden dann 140 km\/h und damit Kategorie 1, also die unterste Stufe der Saffir-Simpson-Skala, erreicht.<\/p>\n<p>Ungew\u00f6hnlich an &#8222;Alex&#8220; ist, dass die eigentlich vom 1. Juni bis zum 30. November eines Jahres dauernde nordatlantische Wirbelsturmsaison in diesem Jahr bereits deutlich fr\u00fcher eingel\u00e4utet wurde. Es ist erst das vierte Mal seit 1851, dass in einem Januar solch ein Wirbelsturm auftritt und das erste Mal seit 1978.<\/p>\n<p>Mittlerweile ist &#8222;Alex&#8220; in n\u00f6rdliche Richtung weitergezogen (siehe dazu die Satellitenbilder unter www.dwd.de\/DE\/wetter\/thema_des_tages\/2016\/1\/15.html) und wird weiterhin als Hurrikan der Kategorie 1 gef\u00fchrt. Das Zentrum des Sturms lag am heutigen Freitagmorgen noch rund 350 km s\u00fcdlich der Azoren, erste Ausl\u00e4ufer des Sturms haben die Azoren aber bereits erfasst. Neben dem st\u00fcrmischen Wind mit B\u00f6en um 140 km\/h wird beim \u00dcberqueren der Azoren dort auch mit ergiebigen Niederschl\u00e4gen gerechnet: Nach Vorhersagen des amerikanischen Wetterdienstes sind Mengen um 75 Liter pro Quadratmeter in 24 Stunden m\u00f6glich. Allerdings zieht &#8222;Alex&#8220; rasch nach Norden weiter, dort wird er sich \u00fcber dem kalten Nordatlantik entweder bald aufl\u00f6sen oder mit einem anderen Tiefdruckgebiet verschmelzen.<\/p>\n<p>Genauso ungew\u00f6hnlich wie &#8222;Alex&#8220; ist Hurrikan &#8222;Pali&#8220;, der aktuell im zentralen nordpazifischen Becken rund 4500 km nord\u00f6stlich von Australien zu finden ist. Zum einen geht auch dort die Wirbelsturmsaison vom 1. Juni bis zum 30. November, sodass die Entstehungszeit dieses Wirbelsturms ebenfalls au\u00dfergew\u00f6hnlich ist. Zum anderen ist aber die Entstehung eines Wirbelsturms bei kaum 3 Grad n\u00f6rdlicher Breite und damit fast auf \u00c4quatorh\u00f6he selten. In \u00c4quatorn\u00e4he ist die zur Bildung eines Wirbelsturms notwendige Corioliskraft, die die typische bzw. notwendige Drehung des Sturms bewirkt, nur sehr gering. Dass es dennoch zu einem Wirbelsturm gereicht hat, liegt an den hohen Wassertemperaturen von 28 bis 29 Grad, die letztlich wohl auch eine Folge des in diesem Jahr (bzw. dem letzten Jahr) starken &#8222;El-Ni\u00f1o&#8220;-Ereignisses sind.<\/p>\n<p>Auf seiner Reise in Richtung Norden erreichte der Wirbelsturm zwischendurch dann die Kategorie 2 der Saffir-Simpson-Skala. Daf\u00fcr sind Windgeschwindigkeiten \u00fcber 154 km\/h notwendig. Bei etwa 8 Grad n\u00f6rdlicher Breite machte &#8222;Pali&#8220; eine Kehrtwende und wollte zur\u00fcck in den S\u00fcden. Dabei schw\u00e4chte er sich wieder ab, sodass er nun nur noch als tropische Depression gef\u00fchrt wird. Landmassen waren dabei zu keiner Zeit gef\u00e4hrdet, am ehesten h\u00e4tte es noch die Baker- und Howland-Insel treffen k\u00f6nnen, die zu den Au\u00dfengebieten der USA geh\u00f6ren, faktisch aber unbewohnt sind. Der britische Wetterdienst hatte am 11. Januar 2016 sogar eine \u00c4quator\u00fcberquerung vorhergesagt, die aber nicht eingetreten ist und h\u00f6chst ungew\u00f6hnlich gewesen w\u00e4re.<\/p>\n<p>Dipl.-Met. Simon Trippler Deutscher Wetterdienst Vorhersage- und Beratungszentrale Offenbach, den 15.01.2016 Copyright (c) <a href=\"http:\/\/www.dwd.de\" target=\"_blank\">Deutscher Wetterdienst<\/a><\/div>\n<div style=\"text-align: justify;\"><\/div>\n<div style=\"text-align: justify;\"><img loading=\"lazy\" decoding=\"async\" data-attachment-id=\"2389\" data-permalink=\"https:\/\/www.hossi-im-netz.de\/wordpress\/alex-und-pali\/alex-und-pali\/\" data-orig-file=\"https:\/\/www.hossi-im-netz.de\/wordpress\/wp-content\/uploads\/2016\/01\/Alex-und-Pali.jpg\" data-orig-size=\"1492,618\" data-comments-opened=\"1\" data-image-meta=\"{&quot;aperture&quot;:&quot;0&quot;,&quot;credit&quot;:&quot;&quot;,&quot;camera&quot;:&quot;&quot;,&quot;caption&quot;:&quot;&quot;,&quot;created_timestamp&quot;:&quot;0&quot;,&quot;copyright&quot;:&quot;&quot;,&quot;focal_length&quot;:&quot;0&quot;,&quot;iso&quot;:&quot;0&quot;,&quot;shutter_speed&quot;:&quot;0&quot;,&quot;title&quot;:&quot;&quot;,&quot;orientation&quot;:&quot;0&quot;}\" data-image-title=\"Alex und Pali\" data-image-description=\"\" data-image-caption=\"\" data-medium-file=\"https:\/\/www.hossi-im-netz.de\/wordpress\/wp-content\/uploads\/2016\/01\/Alex-und-Pali-300x124.jpg\" data-large-file=\"https:\/\/www.hossi-im-netz.de\/wordpress\/wp-content\/uploads\/2016\/01\/Alex-und-Pali-1024x424.jpg\" class=\"alignnone size-large wp-image-2389\" src=\"https:\/\/www.hossi-im-netz.de\/wordpress\/wp-content\/uploads\/2016\/01\/Alex-und-Pali-1024x424.jpg\" alt=\"Alex und Pali\" width=\"1024\" height=\"424\" srcset=\"https:\/\/www.hossi-im-netz.de\/wordpress\/wp-content\/uploads\/2016\/01\/Alex-und-Pali-1024x424.jpg 1024w, https:\/\/www.hossi-im-netz.de\/wordpress\/wp-content\/uploads\/2016\/01\/Alex-und-Pali-300x124.jpg 300w, https:\/\/www.hossi-im-netz.de\/wordpress\/wp-content\/uploads\/2016\/01\/Alex-und-Pali-768x318.jpg 768w, https:\/\/www.hossi-im-netz.de\/wordpress\/wp-content\/uploads\/2016\/01\/Alex-und-Pali.jpg 1492w\" sizes=\"auto, (max-width: 1024px) 100vw, 1024px\" \/><\/div>\n","protected":false},"excerpt":{"rendered":"<p>Alex und Pali Bei &#8222;Alex und Pali&#8220; handelt es sich nicht etwa um den Namen einer neuen Fernsehserie, sondern um zwei ausgewachsene Wirbelst\u00fcrme, die es zu diesem Zeitpunkt im Jahr nur sehr selten gibt. W\u00e4hrend &#8222;Pali&#8220; im zentralen Nordpazifik kaum <span class=\"excerpt-dots\">&hellip;<\/span> <a class=\"more-link\" href=\"https:\/\/www.hossi-im-netz.de\/wordpress\/alex-und-pali\/\"><span class=\"more-msg\">Weiterlesen &rarr;<\/span><\/a><\/p>\n","protected":false},"author":1,"featured_media":2389,"comment_status":"open","ping_status":"closed","sticky":false,"template":"","format":"standard","meta":{"_exactmetrics_skip_tracking":false,"_exactmetrics_sitenote_active":false,"_exactmetrics_sitenote_note":"","_exactmetrics_sitenote_category":0,"jetpack_post_was_ever_published":false,"_jetpack_newsletter_access":"","_jetpack_dont_email_post_to_subs":false,"_jetpack_newsletter_tier_id":0,"_jetpack_memberships_contains_paywalled_content":false,"_jetpack_memberships_contains_paid_content":false,"footnotes":"","jetpack_publicize_message":"","jetpack_publicize_feature_enabled":true,"jetpack_social_post_already_shared":true,"jetpack_social_options":{"image_generator_settings":{"template":"highway","default_image_id":0,"font":"","enabled":false},"version":2}},"categories":[37],"tags":[409,209,208,408,213],"yst_prominent_words":[],"class_list":["post-2388","post","type-post","status-publish","format-standard","has-post-thumbnail","hentry","category-wetterblog","tag-alex","tag-hurricane","tag-hurrikan","tag-pali","tag-sturm"],"jetpack_publicize_connections":[],"jetpack_featured_media_url":"https:\/\/www.hossi-im-netz.de\/wordpress\/wp-content\/uploads\/2016\/01\/Alex-und-Pali.jpg","jetpack_sharing_enabled":true,"jetpack_shortlink":"https:\/\/wp.me\/p5DnIb-Cw","jetpack-related-posts":[],"jetpack_likes_enabled":true,"_links":{"self":[{"href":"https:\/\/www.hossi-im-netz.de\/wordpress\/wp-json\/wp\/v2\/posts\/2388","targetHints":{"allow":["GET"]}}],"collection":[{"href":"https:\/\/www.hossi-im-netz.de\/wordpress\/wp-json\/wp\/v2\/posts"}],"about":[{"href":"https:\/\/www.hossi-im-netz.de\/wordpress\/wp-json\/wp\/v2\/types\/post"}],"author":[{"embeddable":true,"href":"https:\/\/www.hossi-im-netz.de\/wordpress\/wp-json\/wp\/v2\/users\/1"}],"replies":[{"embeddable":true,"href":"https:\/\/www.hossi-im-netz.de\/wordpress\/wp-json\/wp\/v2\/comments?post=2388"}],"version-history":[{"count":1,"href":"https:\/\/www.hossi-im-netz.de\/wordpress\/wp-json\/wp\/v2\/posts\/2388\/revisions"}],"predecessor-version":[{"id":2390,"href":"https:\/\/www.hossi-im-netz.de\/wordpress\/wp-json\/wp\/v2\/posts\/2388\/revisions\/2390"}],"wp:featuredmedia":[{"embeddable":true,"href":"https:\/\/www.hossi-im-netz.de\/wordpress\/wp-json\/wp\/v2\/media\/2389"}],"wp:attachment":[{"href":"https:\/\/www.hossi-im-netz.de\/wordpress\/wp-json\/wp\/v2\/media?parent=2388"}],"wp:term":[{"taxonomy":"category","embeddable":true,"href":"https:\/\/www.hossi-im-netz.de\/wordpress\/wp-json\/wp\/v2\/categories?post=2388"},{"taxonomy":"post_tag","embeddable":true,"href":"https:\/\/www.hossi-im-netz.de\/wordpress\/wp-json\/wp\/v2\/tags?post=2388"},{"taxonomy":"yst_prominent_words","embeddable":true,"href":"https:\/\/www.hossi-im-netz.de\/wordpress\/wp-json\/wp\/v2\/yst_prominent_words?post=2388"}],"curies":[{"name":"wp","href":"https:\/\/api.w.org\/{rel}","templated":true}]}}