{"id":2395,"date":"2016-01-16T14:03:50","date_gmt":"2016-01-16T12:03:50","guid":{"rendered":"http:\/\/www.hossi-im-netz.de\/wordpress\/?p=2395"},"modified":"2016-01-16T14:03:50","modified_gmt":"2016-01-16T12:03:50","slug":"eigentlich-geht-es-bergauf","status":"publish","type":"post","link":"https:\/\/www.hossi-im-netz.de\/wordpress\/eigentlich-geht-es-bergauf\/","title":{"rendered":"Eigentlich geht es bergauf &#8230;"},"content":{"rendered":"<p>Eigentlich geht es bergauf &#8230;<br \/>\nSicher geht es bergauf mit der Dauer der Tageshelligkeit. Gegen\u00fcber dem fr\u00fchesten Sonnenuntergang am 12. Dezember wird es schon sichtbar sp\u00e4ter dunkel. Ganz im Norden betr\u00e4gt der Gewinn 33, ganz im S\u00fcden 28 Minuten. Die Tagesl\u00e4nge hat sich seit der Wintersonnenwende am 22. Dezember im Norden um 39, im S\u00fcden um 27 Minuten verl\u00e4ngert. Vom fr\u00fcheren Sonnenaufgang merkt man noch wenig, denn seit dem sp\u00e4testen Sonnenaufgang zur Jahreswende betr\u00e4gt der Gewinn bis heute nur 9 Minuten im Norden und 6 Minuten im S\u00fcden. Die Sonne scheint also l\u00e4nger, damit sind auch die ausk\u00fchlenden N\u00e4chte k\u00fcrzer. Da die Sonne unser Energiespender ist, sollte es somit nach der Wintersonnenwende wieder w\u00e4rmer werden. Wie schon mehrfach an dieser Stelle beschrieben, dauert es aber in Deutschland wegen der W\u00e4rmespeicherkapazit\u00e4t vom Land und insbesondere der See bis Mitte Januar, also der meteorologischen Wintermitte, bis sich die Temperaturen wieder nach oben bewegen. Und so sollte es eigentlich ab jetzt auch mit den Temperaturen wieder bergauf gehen. In der Tat, im vielj\u00e4hrigen Mittel ist das auch der Fall, wenn auch die Temperaturen im Sp\u00e4twinter Mitte Februar nochmal deutlich zur\u00fcckgehen. Im Einflussbereich von Nord- und Ostsee, die dann am k\u00e4ltesten sind, gibt es sogar erst dann im Mittel die k\u00e4ltesten Tage. An der See und vielfach auf den Bergen ist der Februar sogar der k\u00e4lteste Monat. Im deutschlandweiten Mittel allerdings geht es nun wieder bergauf. Und da kommen wir zum &#8222;eigentlich&#8220; in der \u00dcberschrift. W\u00e4hrend die astronomischen Daten zu dieser Zeit immer &#8222;bergauf&#8220; gehen, sind die meteorologischen Mittelwerte im Einzelfall gar nichts wert. So wird die n\u00e4chste Woche die erste Winterwoche der Saison 2015\/2016 in ganz(!) Deutschland werden. Bei verbreitetem Dauerfrost und nachts teils strengem Frost zeigt sich das Wetter von seiner winterlichen Seite. Zuvor wird der gr\u00f6\u00dfte Teil Deutschlands wei\u00df eingepudert. Dass es \u00f6rtlich, insbesondere am Niederrhein, tags\u00fcber mal \u00fcber die Null Grad geht, widersprich dem nicht, denn genau das ist ein typisch deutscher Winter. Bis zu einer durchgreifenden Milderung werden wir voraussichtlich bis zum n\u00e4chsten Wochenende warten m\u00fcssen.<\/p>\n<p>Dipl.-Met. Christoph Hartmann Deutscher Wetterdienst Vorhersage- und Beratungszentrale Offenbach, den 16.01.2016 Copyright (c) Deutscher Wetterdienst<\/p>\n","protected":false},"excerpt":{"rendered":"<p>Eigentlich geht es bergauf &#8230; Sicher geht es bergauf mit der Dauer der Tageshelligkeit. Gegen\u00fcber dem fr\u00fchesten Sonnenuntergang am 12. Dezember wird es schon sichtbar sp\u00e4ter dunkel. Ganz im Norden betr\u00e4gt der Gewinn 33, ganz im S\u00fcden 28 Minuten. Die <span class=\"excerpt-dots\">&hellip;<\/span> <a class=\"more-link\" href=\"https:\/\/www.hossi-im-netz.de\/wordpress\/eigentlich-geht-es-bergauf\/\"><span class=\"more-msg\">Weiterlesen &rarr;<\/span><\/a><\/p>\n","protected":false},"author":1,"featured_media":2135,"comment_status":"open","ping_status":"closed","sticky":false,"template":"","format":"standard","meta":{"_exactmetrics_skip_tracking":false,"_exactmetrics_sitenote_active":false,"_exactmetrics_sitenote_note":"","_exactmetrics_sitenote_category":0,"jetpack_post_was_ever_published":false,"_jetpack_newsletter_access":"","_jetpack_dont_email_post_to_subs":false,"_jetpack_newsletter_tier_id":0,"_jetpack_memberships_contains_paywalled_content":false,"_jetpack_memberships_contains_paid_content":false,"footnotes":"","jetpack_publicize_message":"","jetpack_publicize_feature_enabled":true,"jetpack_social_post_already_shared":true,"jetpack_social_options":{"image_generator_settings":{"template":"highway","default_image_id":0,"font":"","enabled":false},"version":2}},"categories":[37],"tags":[297,410],"yst_prominent_words":[],"class_list":["post-2395","post","type-post","status-publish","format-standard","has-post-thumbnail","hentry","category-wetterblog","tag-winter","tag-wintersonnenwende"],"jetpack_publicize_connections":[],"jetpack_featured_media_url":"https:\/\/www.hossi-im-netz.de\/wordpress\/wp-content\/uploads\/2015\/12\/christmas-316448_1280.jpg","jetpack_sharing_enabled":true,"jetpack_shortlink":"https:\/\/wp.me\/p5DnIb-CD","jetpack-related-posts":[],"jetpack_likes_enabled":true,"_links":{"self":[{"href":"https:\/\/www.hossi-im-netz.de\/wordpress\/wp-json\/wp\/v2\/posts\/2395","targetHints":{"allow":["GET"]}}],"collection":[{"href":"https:\/\/www.hossi-im-netz.de\/wordpress\/wp-json\/wp\/v2\/posts"}],"about":[{"href":"https:\/\/www.hossi-im-netz.de\/wordpress\/wp-json\/wp\/v2\/types\/post"}],"author":[{"embeddable":true,"href":"https:\/\/www.hossi-im-netz.de\/wordpress\/wp-json\/wp\/v2\/users\/1"}],"replies":[{"embeddable":true,"href":"https:\/\/www.hossi-im-netz.de\/wordpress\/wp-json\/wp\/v2\/comments?post=2395"}],"version-history":[{"count":1,"href":"https:\/\/www.hossi-im-netz.de\/wordpress\/wp-json\/wp\/v2\/posts\/2395\/revisions"}],"predecessor-version":[{"id":2396,"href":"https:\/\/www.hossi-im-netz.de\/wordpress\/wp-json\/wp\/v2\/posts\/2395\/revisions\/2396"}],"wp:featuredmedia":[{"embeddable":true,"href":"https:\/\/www.hossi-im-netz.de\/wordpress\/wp-json\/wp\/v2\/media\/2135"}],"wp:attachment":[{"href":"https:\/\/www.hossi-im-netz.de\/wordpress\/wp-json\/wp\/v2\/media?parent=2395"}],"wp:term":[{"taxonomy":"category","embeddable":true,"href":"https:\/\/www.hossi-im-netz.de\/wordpress\/wp-json\/wp\/v2\/categories?post=2395"},{"taxonomy":"post_tag","embeddable":true,"href":"https:\/\/www.hossi-im-netz.de\/wordpress\/wp-json\/wp\/v2\/tags?post=2395"},{"taxonomy":"yst_prominent_words","embeddable":true,"href":"https:\/\/www.hossi-im-netz.de\/wordpress\/wp-json\/wp\/v2\/yst_prominent_words?post=2395"}],"curies":[{"name":"wp","href":"https:\/\/api.w.org\/{rel}","templated":true}]}}