{"id":23958,"date":"2025-10-22T05:52:34","date_gmt":"2025-10-22T03:52:34","guid":{"rendered":"https:\/\/www.hossi-im-netz.de\/wordpress\/?p=23958"},"modified":"2025-10-22T05:52:39","modified_gmt":"2025-10-22T03:52:39","slug":"wettervorhersage-brachwitz-wettin-loebejuen-saalekreis-halle-1960-72","status":"publish","type":"post","link":"https:\/\/www.hossi-im-netz.de\/wordpress\/wettervorhersage-brachwitz-wettin-loebejuen-saalekreis-halle-1960-72\/","title":{"rendered":"Wettervorhersage Brachwitz, Wettin-L\u00f6bej\u00fcn, Saalekreis, Halle 22.10.2025"},"content":{"rendered":"\n<h2 class=\"wp-block-heading\">Wettervorhersage Brachwitz, Wettin-L\u00f6bej\u00fcn, Saalekreis, Halle<\/h2>\n\n\n\n<figure class=\"wp-block-image size-large alignnone\"><a href=\"https:\/\/www.hossi-im-netz.de\/wordpress\/vorhersage\/\"><img loading=\"lazy\" decoding=\"async\" width=\"1024\" height=\"507\" data-attachment-id=\"23964\" data-permalink=\"https:\/\/www.hossi-im-netz.de\/wordpress\/wettervorhersage-brachwitz-wettin-loebejuen-saalekreis-halle-1960-72\/screenshot-553\/\" data-orig-file=\"https:\/\/www.hossi-im-netz.de\/wordpress\/wp-content\/uploads\/2025\/10\/IMG_0819.jpeg\" data-orig-size=\"1907,945\" data-comments-opened=\"1\" data-image-meta=\"{&quot;aperture&quot;:&quot;0&quot;,&quot;credit&quot;:&quot;&quot;,&quot;camera&quot;:&quot;&quot;,&quot;caption&quot;:&quot;Screenshot&quot;,&quot;created_timestamp&quot;:&quot;1761112254&quot;,&quot;copyright&quot;:&quot;&quot;,&quot;focal_length&quot;:&quot;0&quot;,&quot;iso&quot;:&quot;0&quot;,&quot;shutter_speed&quot;:&quot;0&quot;,&quot;title&quot;:&quot;Screenshot&quot;,&quot;orientation&quot;:&quot;1&quot;}\" data-image-title=\"Screenshot\" data-image-description=\"\" data-image-caption=\"&lt;p&gt;Screenshot&lt;\/p&gt;\n\" data-medium-file=\"https:\/\/www.hossi-im-netz.de\/wordpress\/wp-content\/uploads\/2025\/10\/IMG_0819-300x149.jpeg\" data-large-file=\"https:\/\/www.hossi-im-netz.de\/wordpress\/wp-content\/uploads\/2025\/10\/IMG_0819-1024x507.jpeg\" src=\"https:\/\/www.hossi-im-netz.de\/wordpress\/wp-content\/uploads\/2025\/10\/IMG_0819-1024x507.jpeg\" alt=\"\" class=\"wp-image-23964\" srcset=\"https:\/\/www.hossi-im-netz.de\/wordpress\/wp-content\/uploads\/2025\/10\/IMG_0819-1024x507.jpeg 1024w, https:\/\/www.hossi-im-netz.de\/wordpress\/wp-content\/uploads\/2025\/10\/IMG_0819-300x149.jpeg 300w, https:\/\/www.hossi-im-netz.de\/wordpress\/wp-content\/uploads\/2025\/10\/IMG_0819-768x381.jpeg 768w, https:\/\/www.hossi-im-netz.de\/wordpress\/wp-content\/uploads\/2025\/10\/IMG_0819-1536x761.jpeg 1536w, https:\/\/www.hossi-im-netz.de\/wordpress\/wp-content\/uploads\/2025\/10\/IMG_0819.jpeg 1907w\" sizes=\"auto, (max-width: 1024px) 100vw, 1024px\" \/><\/a><figcaption class=\"wp-element-caption\">Screenshot<\/figcaption><\/figure>\n\n\n\n<p>Wettervorhersage Brachwitz, Wettin-L\u00f6bej\u00fcn, Saalekreis, Halle<\/p>\n\n\n\n<p>Auf dem Brocken bis&nbsp;<strong>Mittag<\/strong>&nbsp;und erneut kommende&nbsp;<strong>Nacht<\/strong>&nbsp;Sturm.<\/p>\n\n\n\n<h4 class=\"wp-block-heading\">Wetter- und Warnlage<\/h4>\n\n\n\n<p>Ein Tief bei Schottland f\u00fchrt eine milde und feuchte Luftmasse nach Sachsen-Anhalt. Auch im weiteren Wochenverlauf sorgt Tiefdruckeinfluss f\u00fcr wechselhaftes und zeitweise windiges Wetter.<\/p>\n\n\n\n<h4 class=\"wp-block-heading\">WIND\/STURM<\/h4>\n\n\n\n<p>Auf dem Brocken bis in die&nbsp;<strong>Mittagsstunden<\/strong>&nbsp;Sturmb\u00f6en zwischen 70 und 85 km\/h (Bft 8-9) aus S\u00fcdwest. In der&nbsp;<strong>Nacht<\/strong>&nbsp;zum&nbsp;<strong>Donnerstag<\/strong>&nbsp;erneut auffrischend mit Windb\u00f6en (Bft 7, um 60 km\/h) in h\u00f6heren Harzlagen, auf dem Brocken Sturmb\u00f6en (Bft 8 bis 9, um 85 km\/h) aus S\u00fcd bis S\u00fcdwest.<\/p>\n\n\n\n<h4 class=\"wp-block-heading\">Detaillierter Wetterablauf<\/h4>\n\n\n\n<p><strong>Heute<\/strong>&nbsp;wechselnd bew\u00f6lkt mit einzelnen Schauern, dazwischen auch l\u00e4ngere trockene Phasen. H\u00f6chsttemperaturen 15 bis 17 Grad, im Harz 11 bis 14 Grad. Schwacher bis m\u00e4\u00dfiger S\u00fcdwestwind. Auf dem Brocken bis in die&nbsp;<strong>Mittagsstunden<\/strong>&nbsp;Sturmb\u00f6en. In der&nbsp;<strong>Nacht<\/strong>&nbsp;zum&nbsp;<strong>Donnerstag<\/strong>&nbsp;wechselnd, zunehmend stark bew\u00f6lkt, im&nbsp;<strong>Nachtverlauf<\/strong>&nbsp;von Westen aufkommender Regen. Tiefsttemperaturen 10 bis 8 Grad. Im&nbsp;<strong>Nachtverlauf<\/strong>&nbsp;auffrischend wind aus S\u00fcd bis S\u00fcdwest mit Windb\u00f6en in h\u00f6heren Harzlagen, auf dem Brocken Sturmb\u00f6en.<\/p>\n\n\n\n<p>Am&nbsp;<strong>Donnerstag<\/strong>&nbsp;stark bew\u00f6lkt bis bedeckt und zun\u00e4chst regnerisch,&nbsp;<strong>nachmittags<\/strong>&nbsp;nach Osten abziehender Regen, nachfolgend \u00f6rtliche Schauer, einzelne Gewitter. H\u00f6chstwerte 13 bis 18 Grad. M\u00e4\u00dfiger bis frischer Wind aus S\u00fcdwest mit Windb\u00f6en, teils st\u00fcrmischen B\u00f6en. Auf dem Brocken schwere Sturmb\u00f6en, im Tagesverlauf weiter zunehmend auf orkanartige B\u00f6en bis Orkanb\u00f6en. In der&nbsp;<strong>Nacht<\/strong>&nbsp;zum&nbsp;<strong>Freitag<\/strong>&nbsp;stark bew\u00f6lkt, zeitweise Regen. Tiefstwerte 10 bis 8 Grad. Frischer S\u00fcdwestwind mit Windb\u00f6en, gebietsweise st\u00fcrmischen B\u00f6en, auf dem Brocken Orkanb\u00f6en.<\/p>\n\n\n\n<p>Am&nbsp;<strong>Freitag<\/strong>&nbsp;wolkig und einzelne Schauer. Maximal 11 bis 14, im Harz 4 bis 11 Grad. Frischer Wind aus S\u00fcdwest, verbreitet mit st\u00fcrmischen B\u00f6en. Auf dem Brocken schwerer Sturm, teils Orkanb\u00f6en. In der&nbsp;<strong>Nacht<\/strong>&nbsp;zum&nbsp;<strong>Samstag<\/strong>&nbsp;wechselnde Bew\u00f6lkung und einzelne Schauer. Temperaturr\u00fcckgang auf 8 bis 6 Grad. M\u00e4\u00dfiger S\u00fcdwestwind mit Windb\u00f6en. Auf dem Brocken Sturm mit orkanartigen B\u00f6en.<\/p>\n\n\n\n<p>Am&nbsp;<strong>Samstag<\/strong>&nbsp;meist stark, teils aufgelockert bew\u00f6lkt, gelegentlich Regen. H\u00f6chstwerte 9 bis 13, im Harz 6 bis 9 Grad. In B\u00f6en starker bis st\u00fcrmischer S\u00fcdwestwind. In der&nbsp;<strong>Nacht<\/strong>&nbsp;zum&nbsp;<strong>Sonntag<\/strong>&nbsp;wechselnd, teils gering bew\u00f6lkt, vereinzelt Schauer. Tiefstwerte 7 bis 2 Grad. M\u00e4\u00dfiger S\u00fcdwestwind.<\/p>\n\n\n\n<p>Deutscher Wetterdienst, RWB Leipzig, Stefanie Kaminski\/Sabine Kr\u00fcger<\/p>\n\n\n\n<h4 class=\"wp-block-heading\"><\/h4>\n\n\n\n<p><\/p>\n\n\n\n<p><\/p>\n\n\n\n<h4 class=\"wp-block-heading\"><\/h4>\n\n\n\n<p><\/p>\n\n\n\n<p><\/p>\n\n\n\n<p><\/p>\n\n\n\n<p><\/p>\n\n\n\n<p><\/p>\n\n\n\n<h3 class=\"wp-block-heading\">Mehr Wetter?<\/h3>\n\n\n<blockquote class=\"wp-embedded-content\" data-secret=\"NyUQyEiu3O\"><p><a href=\"https:\/\/www.hossi-im-netz.de\/wordpress\/vorhersage\/\">Wettervorhersage<\/a><\/p><\/blockquote>\n<p><iframe loading=\"lazy\" class=\"wp-embedded-content\" sandbox=\"allow-scripts\" security=\"restricted\" style=\"position: absolute; visibility: hidden;\" title=\"&#8222;Wettervorhersage&#8220; &#8212; Wetterstation Brachwitz\" src=\"https:\/\/www.hossi-im-netz.de\/wordpress\/vorhersage\/embed\/#?secret=mj0YQ6DE54#?secret=NyUQyEiu3O\" data-secret=\"NyUQyEiu3O\" width=\"600\" height=\"338\" frameborder=\"0\" marginwidth=\"0\" marginheight=\"0\" scrolling=\"no\"><\/iframe><\/p>\n\n\n\n<figure class=\"wp-block-embed is-type-wp-embed is-provider-wetterstation-brachwitz wp-block-embed-wetterstation-brachwitz\"><div class=\"wp-block-embed__wrapper\">\n<blockquote class=\"wp-embedded-content\" data-secret=\"jT1bExDbk8\"><a href=\"https:\/\/www.hossi-im-netz.de\/wordpress\/wetterwarnungen\/\">Wetterwarnungen<\/a><\/blockquote><iframe loading=\"lazy\" class=\"wp-embedded-content\" sandbox=\"allow-scripts\" security=\"restricted\" style=\"position: absolute; visibility: hidden;\" title=\"&#8222;Wetterwarnungen&#8220; &#8212; Wetterstation Brachwitz\" src=\"https:\/\/www.hossi-im-netz.de\/wordpress\/wetterwarnungen\/embed\/#?secret=YR5hitzVku#?secret=jT1bExDbk8\" data-secret=\"jT1bExDbk8\" width=\"600\" height=\"338\" frameborder=\"0\" marginwidth=\"0\" marginheight=\"0\" scrolling=\"no\"><\/iframe>\n<\/div><\/figure>\n\n\n<blockquote class=\"wp-embedded-content\" data-secret=\"NesDfi4QEf\"><p><a href=\"https:\/\/www.hossi-im-netz.de\/wordpress\/wetter\/wettercam\/\">Wettercam<\/a><\/p><\/blockquote>\n<p><iframe loading=\"lazy\" class=\"wp-embedded-content\" sandbox=\"allow-scripts\" security=\"restricted\" style=\"position: absolute; visibility: hidden;\" title=\"&#8222;Wettercam&#8220; &#8212; Wetterstation Brachwitz\" src=\"https:\/\/www.hossi-im-netz.de\/wordpress\/wetter\/wettercam\/embed\/#?secret=432fNSJ04Y#?secret=NesDfi4QEf\" data-secret=\"NesDfi4QEf\" width=\"600\" height=\"338\" frameborder=\"0\" marginwidth=\"0\" marginheight=\"0\" scrolling=\"no\"><\/iframe><\/p>\n\n\n\n<h2 class=\"wp-block-heading\">Wettervorhersage Brachwitz, Wettin-L\u00f6bej\u00fcn, Saalekreis, Halle<\/h2>\n","protected":false},"excerpt":{"rendered":"<p>Wettervorhersage Brachwitz, Wettin-L\u00f6bej\u00fcn, Saalekreis, Halle Wettervorhersage Brachwitz, Wettin-L\u00f6bej\u00fcn, Saalekreis, Halle Auf dem Brocken bis&nbsp;Mittag&nbsp;und erneut kommende&nbsp;Nacht&nbsp;Sturm. Wetter- und Warnlage Ein Tief bei Schottland f\u00fchrt eine milde und feuchte Luftmasse nach Sachsen-Anhalt. Auch im weiteren Wochenverlauf sorgt Tiefdruckeinfluss f\u00fcr wechselhaftes und <span class=\"excerpt-dots\">&hellip;<\/span> <a class=\"more-link\" href=\"https:\/\/www.hossi-im-netz.de\/wordpress\/wettervorhersage-brachwitz-wettin-loebejuen-saalekreis-halle-1960-72\/\"><span class=\"more-msg\">Weiterlesen &rarr;<\/span><\/a><\/p>\n","protected":false},"author":1,"featured_media":0,"comment_status":"open","ping_status":"closed","sticky":false,"template":"","format":"standard","meta":{"_exactmetrics_skip_tracking":false,"_exactmetrics_sitenote_active":false,"_exactmetrics_sitenote_note":"","_exactmetrics_sitenote_category":0,"jetpack_post_was_ever_published":false,"_jetpack_newsletter_access":"","_jetpack_dont_email_post_to_subs":false,"_jetpack_newsletter_tier_id":0,"_jetpack_memberships_contains_paywalled_content":false,"_jetpack_memberships_contains_paid_content":false,"footnotes":"","jetpack_publicize_message":"","jetpack_publicize_feature_enabled":true,"jetpack_social_post_already_shared":true,"jetpack_social_options":{"image_generator_settings":{"template":"highway","default_image_id":0,"font":"","enabled":false},"version":2}},"categories":[37],"tags":[4859,39,4875,4870,4869,4881,4885,4882,4868,4884,4860,4887,5,4883,4873,4872,44,4878,487,4874,4877,4879,4876,63,462,772,628,95,953,2300,4871,4880,4886,1006,231,708,4,94,38,43,96,113],"yst_prominent_words":[1691,1683,1793,11186,9327,2033,2217,5363,8007,2087,2027,1792,1564,2216,2028],"class_list":["post-23958","post","type-post","status-publish","format-standard","hentry","category-wetterblog","tag-beidersee","tag-brachwitz","tag-deutleben","tag-dobis","tag-doeblitz","tag-domnitz","tag-dornitz","tag-doesel","tag-friedrichschwerz","tag-garsena","tag-gimritz","tag-gottgau","tag-halle","tag-kloschwitz","tag-lettewitz","tag-lettin","tag-loebejuen","tag-merbitz","tag-morl","tag-muecheln","tag-nauendorf","tag-neuragozy","tag-neutz-lettewitz","tag-niederschlag","tag-rothenburg","tag-saalefaehren","tag-saalekiez","tag-saalekreis","tag-saalepiraten","tag-saaleschifffahrt","tag-salzmuende","tag-schiepzig","tag-schlettau","tag-taupunkt","tag-temperatur","tag-vorhersage","tag-wetter","tag-wetterbericht","tag-wettervorhersage","tag-wettin","tag-wettin-loebejuen","tag-wind"],"jetpack_publicize_connections":[],"jetpack_featured_media_url":"","jetpack_sharing_enabled":true,"jetpack_shortlink":"https:\/\/wp.me\/p5DnIb-6eq","jetpack-related-posts":[],"jetpack_likes_enabled":true,"_links":{"self":[{"href":"https:\/\/www.hossi-im-netz.de\/wordpress\/wp-json\/wp\/v2\/posts\/23958","targetHints":{"allow":["GET"]}}],"collection":[{"href":"https:\/\/www.hossi-im-netz.de\/wordpress\/wp-json\/wp\/v2\/posts"}],"about":[{"href":"https:\/\/www.hossi-im-netz.de\/wordpress\/wp-json\/wp\/v2\/types\/post"}],"author":[{"embeddable":true,"href":"https:\/\/www.hossi-im-netz.de\/wordpress\/wp-json\/wp\/v2\/users\/1"}],"replies":[{"embeddable":true,"href":"https:\/\/www.hossi-im-netz.de\/wordpress\/wp-json\/wp\/v2\/comments?post=23958"}],"version-history":[{"count":1,"href":"https:\/\/www.hossi-im-netz.de\/wordpress\/wp-json\/wp\/v2\/posts\/23958\/revisions"}],"predecessor-version":[{"id":23965,"href":"https:\/\/www.hossi-im-netz.de\/wordpress\/wp-json\/wp\/v2\/posts\/23958\/revisions\/23965"}],"wp:attachment":[{"href":"https:\/\/www.hossi-im-netz.de\/wordpress\/wp-json\/wp\/v2\/media?parent=23958"}],"wp:term":[{"taxonomy":"category","embeddable":true,"href":"https:\/\/www.hossi-im-netz.de\/wordpress\/wp-json\/wp\/v2\/categories?post=23958"},{"taxonomy":"post_tag","embeddable":true,"href":"https:\/\/www.hossi-im-netz.de\/wordpress\/wp-json\/wp\/v2\/tags?post=23958"},{"taxonomy":"yst_prominent_words","embeddable":true,"href":"https:\/\/www.hossi-im-netz.de\/wordpress\/wp-json\/wp\/v2\/yst_prominent_words?post=23958"}],"curies":[{"name":"wp","href":"https:\/\/api.w.org\/{rel}","templated":true}]}}