{"id":2400,"date":"2016-01-17T14:18:15","date_gmt":"2016-01-17T12:18:15","guid":{"rendered":"http:\/\/www.hossi-im-netz.de\/wordpress\/?p=2400"},"modified":"2016-01-17T14:18:15","modified_gmt":"2016-01-17T12:18:15","slug":"emma-gudrun-und-benno-bringen-ein-paar-tage-winter-nach-deutschland","status":"publish","type":"post","link":"https:\/\/www.hossi-im-netz.de\/wordpress\/emma-gudrun-und-benno-bringen-ein-paar-tage-winter-nach-deutschland\/","title":{"rendered":"Emma, Gudrun und Benno bringen ein paar Tage Winter nach Deutschland"},"content":{"rendered":"<p>Emma, Gudrun und Benno bringen ein paar Tage Winter nach Deutschland<br \/>\nNun liegt also der gr\u00f6\u00dfte Teil Deutschlands unter Schnee. Nur im Nordosten und entlang des Rheins gibt es noch ein paar schneefreie Orte.<\/p>\n<p>Als erstes leistete Tief Emma ihren Beitrag dazu. Sie entwickelte sich am Dienstag \u00fcber dem Nordatlantik und zog \u00fcber Gro\u00dfbritannien nach Deutschland, dass sie am Freitag erreichte. Die zugeh\u00f6rige Wetterfront erreichte uns bereits am Donnerstag.<\/p>\n<p>Donnerstag fr\u00fch gab es in den Niederungen nur im \u00e4u\u00dfersten Osten etwas Schnee. In den anderen Gebieten gab es eine Schneedecke nur auf den Bergen, auf dem Brocken 43 cm. Am Donnerstag \u00fcberquerte uns die Wetterfront von Emma und brachte den Niederungen im Norden und Westen meist Regen, in den anderen Gebieten fiel Schnee.<\/p>\n<p>Freitag fr\u00fch lag im Osten oftmals Schnee, auf dem Brocken war die Schneedecke sogar auf 55 cm angewachsen. Am Freitag zog der Tiefkern von Emma vom M\u00fcnsterland nach Tschechien und brachte vor allem dem S\u00fcden Deutschlands Neuschneeh\u00f6hen bis zu 45 cm.<\/p>\n<p>Samstag fr\u00fch bedeckte der Schnee S\u00fcddeutschland bis auf die Flussniederungen vom Rhein und seinen Nebenfl\u00fcssen, wobei in Freudenstadt mit 85 cm die h\u00f6chsten Schneemengen unterhalb 2000 m gemessen wurden. Am Samstag zog das Minitief Gudrun \u00fcber Deutschland hinweg s\u00fcdostw\u00e4rts. Von der Nordsee kommend zog Gudrun etwas n\u00f6rdlicher als Emma vom Emsland nach S\u00fcdosten und l\u00f6ste sich dabei auf.<\/p>\n<p>Den zugeh\u00f6rigen Niederschlagsgebieten haben wir uns gestern ausf\u00fchrlich auf Facebook und Twitter gewidmet. Die Neuschneeh\u00f6hen von \u00fcber 10 cm vom Emsland zum Harz verlaufen entlang Gudruns Zugbahn. Die hinter Gudrun einflie\u00dfende Luft war sehr labil, sodass verbreitete Schneeschauer auch Gebiete eingeschneit hat, die von Gudruns Wolkenspiralen noch verschont wurden.<\/p>\n<p>Die Schneesumme von Emma und Gudrun finden wir in der anh\u00e4ngenden Abbildung. Ski und Rodel frei also in den Mittelgebirgen. Nur vereinzelt steht da noch eine Null f\u00fcr die Schneeh\u00f6he, ein Blick in die Webcams zeigt aber zum Sonnenaufgang auch dort oft eine d\u00fcnne Schneedecke.<\/p>\n<p>Trotzdem sind noch einige entt\u00e4uscht, weil \u00fcberall die dicken Schneetiefs angek\u00fcndigt wurden und es in einigen Bereichen nahezu schneefrei blieb. Die Ursache daf\u00fcr ist ganz einfach: Auch wenn es sich um Polarluft handelt, sie ist \u00fcber den &#8222;warmen&#8220; Ostatlantik zu uns gezogen. Dort konnte sie zwar einerseits Wasser aufnehmen, sich andererseits aber in der bis zu 10 Grad warmen Wasserunterlage erw\u00e4rmen. So fiel dann in den Niederungen Westdeutschlands der Niederschlag insbesondere tags\u00fcber meist als Regen.<\/p>\n<p>Kommen wir abschlie\u00dfend noch zu Benno, dem Hochdruckgebiet. Durch seine n\u00e4chtliche Ausk\u00fchlung und den geringen Wind bleiben die Temperaturen auch tags\u00fcber bei Sonnenschein verbreitet im Frostbereich. Im Westen steigen aus den oben genannten Gr\u00fcnden die H\u00f6chsttemperaturen auf niedrige positive Werte.<\/p>\n<p>Die Aussichten sind bis Freitag winterlich. Im S\u00fcden und der Mitte f\u00e4llt heute und am Dienstag noch Schnee, der \u00e4u\u00dferste Norden und der S\u00fcden bekommen am Dienstag noch etwas Schneenachschub.<\/p>\n<p>Das Winterintermezzo ist wohl am Freitag zu Ende. Nur im Norden und Osten kann es sich vielleicht noch verl\u00e4ngern.<\/p>\n<p>Dipl.-Met. Christoph Hartmann Deutscher Wetterdienst Vorhersage- und Beratungszentrale Offenbach, den 17.01.2016 Copyright (c) Deutscher Wetterdienst<\/p>\n<p>&nbsp;<\/p>\n<p><img loading=\"lazy\" decoding=\"async\" data-attachment-id=\"2401\" data-permalink=\"https:\/\/www.hossi-im-netz.de\/wordpress\/emma-gudrun-und-benno-bringen-ein-paar-tage-winter-nach-deutschland\/image-165\/\" data-orig-file=\"https:\/\/www.hossi-im-netz.de\/wordpress\/wp-content\/uploads\/2016\/01\/image-17.png\" data-orig-size=\"695,950\" data-comments-opened=\"1\" data-image-meta=\"{&quot;aperture&quot;:&quot;0&quot;,&quot;credit&quot;:&quot;&quot;,&quot;camera&quot;:&quot;&quot;,&quot;caption&quot;:&quot;&quot;,&quot;created_timestamp&quot;:&quot;0&quot;,&quot;copyright&quot;:&quot;&quot;,&quot;focal_length&quot;:&quot;0&quot;,&quot;iso&quot;:&quot;0&quot;,&quot;shutter_speed&quot;:&quot;0&quot;,&quot;title&quot;:&quot;&quot;,&quot;orientation&quot;:&quot;0&quot;}\" data-image-title=\"Emma, Gudrun und Benno bringen ein paar Tage Winter nach Deutschland\" data-image-description=\"\" data-image-caption=\"\" data-medium-file=\"https:\/\/www.hossi-im-netz.de\/wordpress\/wp-content\/uploads\/2016\/01\/image-17-219x300.png\" data-large-file=\"https:\/\/www.hossi-im-netz.de\/wordpress\/wp-content\/uploads\/2016\/01\/image-17.png\" class=\"alignnone size-full wp-image-2401\" src=\"https:\/\/www.hossi-im-netz.de\/wordpress\/wp-content\/uploads\/2016\/01\/image-17.png\" alt=\"Emma, Gudrun und Benno bringen ein paar Tage Winter nach Deutschland\" width=\"695\" height=\"950\" srcset=\"https:\/\/www.hossi-im-netz.de\/wordpress\/wp-content\/uploads\/2016\/01\/image-17.png 695w, https:\/\/www.hossi-im-netz.de\/wordpress\/wp-content\/uploads\/2016\/01\/image-17-219x300.png 219w\" sizes=\"auto, (max-width: 695px) 100vw, 695px\" \/><\/p>\n","protected":false},"excerpt":{"rendered":"<p>Emma, Gudrun und Benno bringen ein paar Tage Winter nach Deutschland Nun liegt also der gr\u00f6\u00dfte Teil Deutschlands unter Schnee. Nur im Nordosten und entlang des Rheins gibt es noch ein paar schneefreie Orte. Als erstes leistete Tief Emma ihren <span class=\"excerpt-dots\">&hellip;<\/span> <a class=\"more-link\" href=\"https:\/\/www.hossi-im-netz.de\/wordpress\/emma-gudrun-und-benno-bringen-ein-paar-tage-winter-nach-deutschland\/\"><span class=\"more-msg\">Weiterlesen &rarr;<\/span><\/a><\/p>\n","protected":false},"author":1,"featured_media":2401,"comment_status":"open","ping_status":"closed","sticky":false,"template":"","format":"standard","meta":{"_exactmetrics_skip_tracking":false,"_exactmetrics_sitenote_active":false,"_exactmetrics_sitenote_note":"","_exactmetrics_sitenote_category":0,"jetpack_post_was_ever_published":false,"_jetpack_newsletter_access":"","_jetpack_dont_email_post_to_subs":false,"_jetpack_newsletter_tier_id":0,"_jetpack_memberships_contains_paywalled_content":false,"_jetpack_memberships_contains_paid_content":false,"footnotes":"","jetpack_publicize_message":"","jetpack_publicize_feature_enabled":true,"jetpack_social_post_already_shared":true,"jetpack_social_options":{"image_generator_settings":{"template":"highway","default_image_id":0,"font":"","enabled":false},"version":2}},"categories":[37],"tags":[388,413,411,412,297,402],"yst_prominent_words":[],"class_list":["post-2400","post","type-post","status-publish","format-standard","has-post-thumbnail","hentry","category-wetterblog","tag-388","tag-benno","tag-emma","tag-gudrun","tag-winter","tag-winter-2016"],"jetpack_publicize_connections":[],"jetpack_featured_media_url":"https:\/\/www.hossi-im-netz.de\/wordpress\/wp-content\/uploads\/2016\/01\/image-17.png","jetpack_sharing_enabled":true,"jetpack_shortlink":"https:\/\/wp.me\/p5DnIb-CI","jetpack-related-posts":[],"jetpack_likes_enabled":true,"_links":{"self":[{"href":"https:\/\/www.hossi-im-netz.de\/wordpress\/wp-json\/wp\/v2\/posts\/2400","targetHints":{"allow":["GET"]}}],"collection":[{"href":"https:\/\/www.hossi-im-netz.de\/wordpress\/wp-json\/wp\/v2\/posts"}],"about":[{"href":"https:\/\/www.hossi-im-netz.de\/wordpress\/wp-json\/wp\/v2\/types\/post"}],"author":[{"embeddable":true,"href":"https:\/\/www.hossi-im-netz.de\/wordpress\/wp-json\/wp\/v2\/users\/1"}],"replies":[{"embeddable":true,"href":"https:\/\/www.hossi-im-netz.de\/wordpress\/wp-json\/wp\/v2\/comments?post=2400"}],"version-history":[{"count":1,"href":"https:\/\/www.hossi-im-netz.de\/wordpress\/wp-json\/wp\/v2\/posts\/2400\/revisions"}],"predecessor-version":[{"id":2402,"href":"https:\/\/www.hossi-im-netz.de\/wordpress\/wp-json\/wp\/v2\/posts\/2400\/revisions\/2402"}],"wp:featuredmedia":[{"embeddable":true,"href":"https:\/\/www.hossi-im-netz.de\/wordpress\/wp-json\/wp\/v2\/media\/2401"}],"wp:attachment":[{"href":"https:\/\/www.hossi-im-netz.de\/wordpress\/wp-json\/wp\/v2\/media?parent=2400"}],"wp:term":[{"taxonomy":"category","embeddable":true,"href":"https:\/\/www.hossi-im-netz.de\/wordpress\/wp-json\/wp\/v2\/categories?post=2400"},{"taxonomy":"post_tag","embeddable":true,"href":"https:\/\/www.hossi-im-netz.de\/wordpress\/wp-json\/wp\/v2\/tags?post=2400"},{"taxonomy":"yst_prominent_words","embeddable":true,"href":"https:\/\/www.hossi-im-netz.de\/wordpress\/wp-json\/wp\/v2\/yst_prominent_words?post=2400"}],"curies":[{"name":"wp","href":"https:\/\/api.w.org\/{rel}","templated":true}]}}