{"id":24207,"date":"2025-12-15T18:17:22","date_gmt":"2025-12-15T16:17:22","guid":{"rendered":"https:\/\/www.hossi-im-netz.de\/wordpress\/?p=24207"},"modified":"2025-12-15T18:17:24","modified_gmt":"2025-12-15T16:17:24","slug":"november-2025-monatsauswertung","status":"publish","type":"post","link":"https:\/\/www.hossi-im-netz.de\/wordpress\/november-2025-monatsauswertung\/","title":{"rendered":"November 2025 &#8211; Monatsauswertung"},"content":{"rendered":"\n<p>Nach einem trocknen und k\u00fchlen Oktober folgte ein kalter und grauer November. Ich selbst liebe ja den Herbst und den Winter, so wie alle anderen Jahreszeiten. Der November war mit 5,38 Grad nur 0,58 Grad \u00fcber dem Durchschnitt und somit f\u00fcr die letzten Jahre schon recht k\u00fchl. Das Regendefizit hat sich um weitere 10 Liter pro Quadratmeter erh\u00f6ht und liegt derzeit f\u00fcr 2025 bei 71,4 L\/qm.<\/p>\n\n\n\n<p>Jetzt freuen wir uns auf einen sch\u00f6nen kalten Winter.<\/p>\n\n\n\n<p><\/p>\n\n\n\n<p>Bild des Monats &#8211; November 2025<\/p>\n\n\n\n<figure class=\"wp-block-image size-large\"><img loading=\"lazy\" decoding=\"async\" width=\"1024\" height=\"768\" data-attachment-id=\"24208\" data-permalink=\"https:\/\/www.hossi-im-netz.de\/wordpress\/img_2023\/\" data-orig-file=\"https:\/\/www.hossi-im-netz.de\/wordpress\/wp-content\/uploads\/2025\/12\/IMG_2023-scaled.jpg\" data-orig-size=\"2560,1920\" data-comments-opened=\"1\" data-image-meta=\"{&quot;aperture&quot;:&quot;2.8&quot;,&quot;credit&quot;:&quot;&quot;,&quot;camera&quot;:&quot;iPhone 17 Pro Max&quot;,&quot;caption&quot;:&quot;&quot;,&quot;created_timestamp&quot;:&quot;1764172758&quot;,&quot;copyright&quot;:&quot;&quot;,&quot;focal_length&quot;:&quot;16.890625&quot;,&quot;iso&quot;:&quot;50&quot;,&quot;shutter_speed&quot;:&quot;0.0082644628099174&quot;,&quot;title&quot;:&quot;&quot;,&quot;orientation&quot;:&quot;1&quot;}\" data-image-title=\"IMG_2023\" data-image-description=\"\" data-image-caption=\"\" data-medium-file=\"https:\/\/www.hossi-im-netz.de\/wordpress\/wp-content\/uploads\/2025\/12\/IMG_2023-300x225.jpg\" data-large-file=\"https:\/\/www.hossi-im-netz.de\/wordpress\/wp-content\/uploads\/2025\/12\/IMG_2023-1024x768.jpg\" src=\"https:\/\/www.hossi-im-netz.de\/wordpress\/wp-content\/uploads\/2025\/12\/IMG_2023-1024x768.jpg\" alt=\"\" class=\"wp-image-24208\" srcset=\"https:\/\/www.hossi-im-netz.de\/wordpress\/wp-content\/uploads\/2025\/12\/IMG_2023-1024x768.jpg 1024w, https:\/\/www.hossi-im-netz.de\/wordpress\/wp-content\/uploads\/2025\/12\/IMG_2023-300x225.jpg 300w, https:\/\/www.hossi-im-netz.de\/wordpress\/wp-content\/uploads\/2025\/12\/IMG_2023-768x576.jpg 768w, https:\/\/www.hossi-im-netz.de\/wordpress\/wp-content\/uploads\/2025\/12\/IMG_2023-1536x1152.jpg 1536w, https:\/\/www.hossi-im-netz.de\/wordpress\/wp-content\/uploads\/2025\/12\/IMG_2023-2048x1536.jpg 2048w\" sizes=\"auto, (max-width: 1024px) 100vw, 1024px\" \/><\/figure>\n\n\n\n<figure class=\"wp-block-image size-full\"><img loading=\"lazy\" decoding=\"async\" width=\"409\" height=\"320\" data-attachment-id=\"24209\" data-permalink=\"https:\/\/www.hossi-im-netz.de\/wordpress\/temperaturauswertung-november-2025\/\" data-orig-file=\"https:\/\/www.hossi-im-netz.de\/wordpress\/wp-content\/uploads\/2025\/12\/Temperaturauswertung-November-2025.png\" data-orig-size=\"409,320\" data-comments-opened=\"1\" data-image-meta=\"{&quot;aperture&quot;:&quot;0&quot;,&quot;credit&quot;:&quot;&quot;,&quot;camera&quot;:&quot;&quot;,&quot;caption&quot;:&quot;&quot;,&quot;created_timestamp&quot;:&quot;0&quot;,&quot;copyright&quot;:&quot;&quot;,&quot;focal_length&quot;:&quot;0&quot;,&quot;iso&quot;:&quot;0&quot;,&quot;shutter_speed&quot;:&quot;0&quot;,&quot;title&quot;:&quot;&quot;,&quot;orientation&quot;:&quot;0&quot;}\" data-image-title=\"Temperaturauswertung November 2025\" data-image-description=\"\" data-image-caption=\"\" data-medium-file=\"https:\/\/www.hossi-im-netz.de\/wordpress\/wp-content\/uploads\/2025\/12\/Temperaturauswertung-November-2025-300x235.png\" data-large-file=\"https:\/\/www.hossi-im-netz.de\/wordpress\/wp-content\/uploads\/2025\/12\/Temperaturauswertung-November-2025.png\" src=\"https:\/\/www.hossi-im-netz.de\/wordpress\/wp-content\/uploads\/2025\/12\/Temperaturauswertung-November-2025.png\" alt=\"\" class=\"wp-image-24209\" srcset=\"https:\/\/www.hossi-im-netz.de\/wordpress\/wp-content\/uploads\/2025\/12\/Temperaturauswertung-November-2025.png 409w, https:\/\/www.hossi-im-netz.de\/wordpress\/wp-content\/uploads\/2025\/12\/Temperaturauswertung-November-2025-300x235.png 300w\" sizes=\"auto, (max-width: 409px) 100vw, 409px\" \/><\/figure>\n\n\n\n<figure class=\"wp-block-image size-full\"><img loading=\"lazy\" decoding=\"async\" width=\"484\" height=\"322\" data-attachment-id=\"24210\" data-permalink=\"https:\/\/www.hossi-im-netz.de\/wordpress\/wetterauswertung-november-2025\/\" data-orig-file=\"https:\/\/www.hossi-im-netz.de\/wordpress\/wp-content\/uploads\/2025\/12\/Wetterauswertung-November-2025.png\" data-orig-size=\"484,322\" data-comments-opened=\"1\" data-image-meta=\"{&quot;aperture&quot;:&quot;0&quot;,&quot;credit&quot;:&quot;&quot;,&quot;camera&quot;:&quot;&quot;,&quot;caption&quot;:&quot;&quot;,&quot;created_timestamp&quot;:&quot;0&quot;,&quot;copyright&quot;:&quot;&quot;,&quot;focal_length&quot;:&quot;0&quot;,&quot;iso&quot;:&quot;0&quot;,&quot;shutter_speed&quot;:&quot;0&quot;,&quot;title&quot;:&quot;&quot;,&quot;orientation&quot;:&quot;0&quot;}\" data-image-title=\"Wetterauswertung November 2025\" data-image-description=\"\" data-image-caption=\"\" data-medium-file=\"https:\/\/www.hossi-im-netz.de\/wordpress\/wp-content\/uploads\/2025\/12\/Wetterauswertung-November-2025-300x200.png\" data-large-file=\"https:\/\/www.hossi-im-netz.de\/wordpress\/wp-content\/uploads\/2025\/12\/Wetterauswertung-November-2025.png\" src=\"https:\/\/www.hossi-im-netz.de\/wordpress\/wp-content\/uploads\/2025\/12\/Wetterauswertung-November-2025.png\" alt=\"\" class=\"wp-image-24210\" srcset=\"https:\/\/www.hossi-im-netz.de\/wordpress\/wp-content\/uploads\/2025\/12\/Wetterauswertung-November-2025.png 484w, https:\/\/www.hossi-im-netz.de\/wordpress\/wp-content\/uploads\/2025\/12\/Wetterauswertung-November-2025-300x200.png 300w\" sizes=\"auto, (max-width: 484px) 100vw, 484px\" \/><\/figure>\n\n\n\n<p>Du willst wissen, wie das Wetter an einem bestimmten Tag war? Dann schau hier: <a rel=\"noreferrer noopener\" href=\"https:\/\/www.hossi-im-netz.de\/wordpress\/wetterkalender\/\" target=\"_blank\">Wetterkalender<\/a><\/p>\n\n\n\n<p><\/p>\n\n\n\n<p>Mathias Ho\u00dfbach &#8211; Wetterstation Brachwitz<\/p>\n\n\n\n<h2 class=\"wp-block-heading\">November 2025\u00a0 &#8211; Daten und Diagramme<\/h2>\n\n\n\n<figure><iframe loading=\"lazy\" src=\"https:\/\/www.hossi-im-netz.de\/wetter\/2025\/minmax202511\n.htm\" width=\"1100\" height=\"2000\" frameborder=\"0\" scrolling=\"auto\">span data-mce-type=&#8220;bookmark&#8220; style=&#8220;display: inline-block; width: 0px; overflow: hidden; line-height: 0;&#8220; class=&#8220;mce_SELRES_start&#8220;<\/iframe><\/figure>\n\n\n\n<h4 class=\"wp-block-heading\" id=\"wetterubersicht-monatsverlauf\">Wetter\u00fcbersicht &#8211; Monatsverlauf<\/h4>\n\n\n\n<figure class=\"wp-block-image\"><img decoding=\"async\" src=\"https:\/\/www.hossi-im-netz.de\/wetter\/2025\/m202511.gif\" alt=\"November 2025 - Wetterdaten\"\/><\/figure>\n\n\n\n<h4 class=\"wp-block-heading\" id=\"temperaturverlauf\">Temperaturverlauf<\/h4>\n\n\n\n<figure class=\"wp-block-image\"><img decoding=\"async\" src=\"https:\/\/www.hossi-im-netz.de\/wetter\/2025\/m202511t.gif\" alt=\"November 2025 - Temperatur\"\/><\/figure>\n\n\n\n<h4 class=\"wp-block-heading\" id=\"luftfeuchtigkeit\">Luftfeuchtigkeit<\/h4>\n\n\n\n<figure class=\"wp-block-image\"><img decoding=\"async\" src=\"https:\/\/www.hossi-im-netz.de\/wetter\/2025\/m202511f.gif\" alt=\"November 2025 - Luftfeuchtigkeit\"\/><\/figure>\n\n\n\n<h4 class=\"wp-block-heading\" id=\"luftdruck\">Luftdruck<\/h4>\n\n\n\n<figure class=\"wp-block-image\"><img decoding=\"async\" src=\"https:\/\/www.hossi-im-netz.de\/wetter\/2025\/m202511d.gif\" alt=\"November 2025 - Luftdruck\"\/><\/figure>\n\n\n\n<h4 class=\"wp-block-heading\" id=\"windstarke\">Windst\u00e4rke<\/h4>\n\n\n\n<figure class=\"wp-block-image\"><img decoding=\"async\" src=\"https:\/\/www.hossi-im-netz.de\/wetter\/2025\/m202511w.gif\" alt=\"November 2025 - Windst\u00e4rke , Windgeschwindigkeit\"\/><\/figure>\n\n\n\n<h4 class=\"wp-block-heading\" id=\"windrichtung\">Windrichtung<\/h4>\n\n\n\n<figure class=\"wp-block-image\"><img decoding=\"async\" src=\"https:\/\/www.hossi-im-netz.de\/wetter\/2025\/m202511wr.gif\" alt=\"November 2025 - Windrichtung\"\/><\/figure>\n\n\n\n<h4 class=\"wp-block-heading\" id=\"taupunkt\">Taupunkt<\/h4>\n\n\n\n<figure class=\"wp-block-image\"><img decoding=\"async\" src=\"https:\/\/www.hossi-im-netz.de\/wetter\/2025\/m202511tp.gif\" alt=\"November 2025 - Taupunkt\"\/><\/figure>\n\n\n\n<h4 class=\"wp-block-heading\" id=\"niederschlag\">Niederschlag<\/h4>\n\n\n\n<figure class=\"wp-block-image\"><img decoding=\"async\" src=\"https:\/\/www.hossi-im-netz.de\/wetter\/2025\/m202511r.gif\" alt=\"November 2025 - Niederschlag\"\/><\/figure>\n\n\n\n<h4 class=\"wp-block-heading\" id=\"windchill\">Windchill<\/h4>\n\n\n\n<figure class=\"wp-block-image\"><img decoding=\"async\" src=\"https:\/\/www.hossi-im-netz.de\/wetter\/2025\/m202511wc.gif\" alt=\"November 2025 - Windchill\"\/><\/figure>\n\n\n\n<h4 class=\"wp-block-heading\" id=\"windverteilungsgrafiken\">Windverteilungsgrafiken<\/h4>\n\n\n\n<figure class=\"wp-block-image\"><img decoding=\"async\" src=\"https:\/\/www.hossi-im-netz.de\/wetter\/2025\/ddis_m202511.gif\" alt=\"November 2025 - Windverteilung Windrichtung\"\/><\/figure>\n\n\n\n<figure class=\"wp-block-image\"><img decoding=\"async\" src=\"https:\/\/www.hossi-im-netz.de\/wetter\/2025\/ddis_f_m202511.gif\" alt=\"November 2025 -Windrichtung Windst\u00e4rke Verteilung\"\/><\/figure>\n\n\n\n<figure class=\"wp-block-image\"><img decoding=\"async\" src=\"https:\/\/www.hossi-im-netz.de\/wetter\/2025\/windbft_m202511.gif\" alt=\"November 2025 - Verteilung Windst\u00e4rke\"\/><\/figure>\n\n\n\n<p><\/p>\n\n\n\n<p>November 2025 &#8211; Monatsauswertung <\/p>\n","protected":false},"excerpt":{"rendered":"<p>Nach einem trocknen und k\u00fchlen Oktober folgte ein kalter und grauer November. Ich selbst liebe ja den Herbst und den Winter, so wie alle anderen Jahreszeiten. Der November war mit 5,38 Grad nur 0,58 Grad \u00fcber dem Durchschnitt und somit <span class=\"excerpt-dots\">&hellip;<\/span> <a class=\"more-link\" href=\"https:\/\/www.hossi-im-netz.de\/wordpress\/november-2025-monatsauswertung\/\"><span class=\"more-msg\">Weiterlesen &rarr;<\/span><\/a><\/p>\n","protected":false},"author":1,"featured_media":0,"comment_status":"open","ping_status":"closed","sticky":false,"template":"","format":"standard","meta":{"_exactmetrics_skip_tracking":false,"_exactmetrics_sitenote_active":false,"_exactmetrics_sitenote_note":"","_exactmetrics_sitenote_category":0,"jetpack_post_was_ever_published":false,"_jetpack_newsletter_access":"","_jetpack_dont_email_post_to_subs":false,"_jetpack_newsletter_tier_id":0,"_jetpack_memberships_contains_paywalled_content":false,"_jetpack_memberships_contains_paid_content":false,"footnotes":"","jetpack_publicize_message":"","jetpack_publicize_feature_enabled":true,"jetpack_social_post_already_shared":true,"jetpack_social_options":{"image_generator_settings":{"template":"highway","default_image_id":0,"font":"","enabled":false},"version":2}},"categories":[37],"tags":[9156,11102,12201,12498,12506,12507,12511,12512,4859,39,4875,4870,4869,4881,4885,4882,8439,4868,70,4884,41,4860,4887,5,150,4883,4873,4872,44,128,4878,159,487,4874,4877,4879,4876,63,329,46,462,772,628,95,953,2300,4871,4880,4886,92,59,289,1006,231,708,4,4755,94,4754,38,43,96,297],"yst_prominent_words":[],"class_list":["post-24207","post","type-post","status-publish","format-standard","hentry","category-wetterblog","tag-9156","tag-11102","tag-12201","tag-12498","tag-12506","tag-12507","tag-12511","tag-12512","tag-beidersee","tag-brachwitz","tag-deutleben","tag-dobis","tag-doeblitz","tag-domnitz","tag-dornitz","tag-doesel","tag-friederike","tag-friedrichschwerz","tag-fruehling","tag-garsena","tag-gewitter","tag-gimritz","tag-gottgau","tag-halle","tag-juli","tag-kloschwitz","tag-lettewitz","tag-lettin","tag-loebejuen","tag-maerz","tag-merbitz","tag-monatsauswertung","tag-morl","tag-muecheln","tag-nauendorf","tag-neuragozy","tag-neutz-lettewitz","tag-niederschlag","tag-november","tag-pollen","tag-rothenburg","tag-saalefaehren","tag-saalekiez","tag-saalekreis","tag-saalepiraten","tag-saaleschifffahrt","tag-salzmuende","tag-schiepzig","tag-schlettau","tag-schnee","tag-sonne","tag-statistik","tag-taupunkt","tag-temperatur","tag-vorhersage","tag-wetter","tag-wetteraufzeichnung","tag-wetterbericht","tag-wetterstatistik","tag-wettervorhersage","tag-wettin","tag-wettin-loebejuen","tag-winter"],"jetpack_publicize_connections":[],"jetpack_featured_media_url":"","jetpack_sharing_enabled":true,"jetpack_shortlink":"https:\/\/wp.me\/p5DnIb-6ir","jetpack-related-posts":[],"jetpack_likes_enabled":true,"_links":{"self":[{"href":"https:\/\/www.hossi-im-netz.de\/wordpress\/wp-json\/wp\/v2\/posts\/24207","targetHints":{"allow":["GET"]}}],"collection":[{"href":"https:\/\/www.hossi-im-netz.de\/wordpress\/wp-json\/wp\/v2\/posts"}],"about":[{"href":"https:\/\/www.hossi-im-netz.de\/wordpress\/wp-json\/wp\/v2\/types\/post"}],"author":[{"embeddable":true,"href":"https:\/\/www.hossi-im-netz.de\/wordpress\/wp-json\/wp\/v2\/users\/1"}],"replies":[{"embeddable":true,"href":"https:\/\/www.hossi-im-netz.de\/wordpress\/wp-json\/wp\/v2\/comments?post=24207"}],"version-history":[{"count":1,"href":"https:\/\/www.hossi-im-netz.de\/wordpress\/wp-json\/wp\/v2\/posts\/24207\/revisions"}],"predecessor-version":[{"id":24211,"href":"https:\/\/www.hossi-im-netz.de\/wordpress\/wp-json\/wp\/v2\/posts\/24207\/revisions\/24211"}],"wp:attachment":[{"href":"https:\/\/www.hossi-im-netz.de\/wordpress\/wp-json\/wp\/v2\/media?parent=24207"}],"wp:term":[{"taxonomy":"category","embeddable":true,"href":"https:\/\/www.hossi-im-netz.de\/wordpress\/wp-json\/wp\/v2\/categories?post=24207"},{"taxonomy":"post_tag","embeddable":true,"href":"https:\/\/www.hossi-im-netz.de\/wordpress\/wp-json\/wp\/v2\/tags?post=24207"},{"taxonomy":"yst_prominent_words","embeddable":true,"href":"https:\/\/www.hossi-im-netz.de\/wordpress\/wp-json\/wp\/v2\/yst_prominent_words?post=24207"}],"curies":[{"name":"wp","href":"https:\/\/api.w.org\/{rel}","templated":true}]}}