{"id":24433,"date":"2026-01-30T06:44:48","date_gmt":"2026-01-30T04:44:48","guid":{"rendered":"https:\/\/www.hossi-im-netz.de\/wordpress\/?p=24433"},"modified":"2026-01-30T06:44:54","modified_gmt":"2026-01-30T04:44:54","slug":"wettervorhersage-brachwitz-wettin-loebejuen-saalekreis-halle-1960-115-11-46","status":"publish","type":"post","link":"https:\/\/www.hossi-im-netz.de\/wordpress\/wettervorhersage-brachwitz-wettin-loebejuen-saalekreis-halle-1960-115-11-46\/","title":{"rendered":"Wettervorhersage Brachwitz, Wettin-L\u00f6bej\u00fcn, Saalekreis, Halle 30.01.2026"},"content":{"rendered":"\n<h2 class=\"wp-block-heading\">Wettervorhersage Brachwitz, Wettin-L\u00f6bej\u00fcn, Saalekreis, Halle<\/h2>\n\n\n\n<figure class=\"wp-block-image size-large alignnone\"><a href=\"https:\/\/www.hossi-im-netz.de\/wordpress\/vorhersage\/\"><img loading=\"lazy\" decoding=\"async\" width=\"1024\" height=\"512\" data-attachment-id=\"24438\" data-permalink=\"https:\/\/www.hossi-im-netz.de\/wordpress\/wettervorhersage-brachwitz-wettin-loebejuen-saalekreis-halle-1960-115-11-46\/screenshot-658\/\" data-orig-file=\"https:\/\/www.hossi-im-netz.de\/wordpress\/wp-content\/uploads\/2026\/01\/IMG_4241.jpeg\" data-orig-size=\"1900,950\" data-comments-opened=\"1\" data-image-meta=\"{&quot;aperture&quot;:&quot;0&quot;,&quot;credit&quot;:&quot;&quot;,&quot;camera&quot;:&quot;&quot;,&quot;caption&quot;:&quot;Screenshot&quot;,&quot;created_timestamp&quot;:&quot;1769751757&quot;,&quot;copyright&quot;:&quot;&quot;,&quot;focal_length&quot;:&quot;0&quot;,&quot;iso&quot;:&quot;0&quot;,&quot;shutter_speed&quot;:&quot;0&quot;,&quot;title&quot;:&quot;Screenshot&quot;,&quot;orientation&quot;:&quot;1&quot;}\" data-image-title=\"Screenshot\" data-image-description=\"\" data-image-caption=\"&lt;p&gt;Screenshot&lt;\/p&gt;\n\" data-medium-file=\"https:\/\/www.hossi-im-netz.de\/wordpress\/wp-content\/uploads\/2026\/01\/IMG_4241-300x150.jpeg\" data-large-file=\"https:\/\/www.hossi-im-netz.de\/wordpress\/wp-content\/uploads\/2026\/01\/IMG_4241-1024x512.jpeg\" src=\"https:\/\/www.hossi-im-netz.de\/wordpress\/wp-content\/uploads\/2026\/01\/IMG_4241-1024x512.jpeg\" alt=\"\" class=\"wp-image-24438\" srcset=\"https:\/\/www.hossi-im-netz.de\/wordpress\/wp-content\/uploads\/2026\/01\/IMG_4241-1024x512.jpeg 1024w, https:\/\/www.hossi-im-netz.de\/wordpress\/wp-content\/uploads\/2026\/01\/IMG_4241-300x150.jpeg 300w, https:\/\/www.hossi-im-netz.de\/wordpress\/wp-content\/uploads\/2026\/01\/IMG_4241-768x384.jpeg 768w, https:\/\/www.hossi-im-netz.de\/wordpress\/wp-content\/uploads\/2026\/01\/IMG_4241-1536x768.jpeg 1536w, https:\/\/www.hossi-im-netz.de\/wordpress\/wp-content\/uploads\/2026\/01\/IMG_4241.jpeg 1900w\" sizes=\"auto, (max-width: 1024px) 100vw, 1024px\" \/><\/a><figcaption class=\"wp-element-caption\">Screenshot<\/figcaption><\/figure>\n\n\n\n<p>Wettervorhersage Brachwitz, Wettin-L\u00f6bej\u00fcn, Saalekreis, Halle<\/p>\n\n\n\n<p>Gebietsweise Dauerfrost, Gl\u00e4tte durch etwas Neuschnee.<\/p>\n\n\n\n<h4 class=\"wp-block-heading\">Wetter- und Warnlage<\/h4>\n\n\n\n<p>Am S\u00fcdrand eines Hochs \u00fcber Skandinavien flie\u00dft kalte und feuchte Festlandsluft nach Sachsen-Anhalt.<\/p>\n\n\n\n<h4 class=\"wp-block-heading\">FROST\/GL\u00c4TTE<\/h4>\n\n\n\n<p><strong>Heute<\/strong>&nbsp;gebietsweise Dauerfrost um -1 Grad. In der&nbsp;<strong>Nacht<\/strong>&nbsp;zum&nbsp;<strong>Samstag<\/strong>&nbsp;Frost um -3 Grad. W\u00e4hrend des gesamten Zeitraums wiederholt geringf\u00fcgiger gefrierender Spr\u00fchregen oder leichter Schneefall\/Schneegriesel ohne signifikanten Mengenzuwachs aber mit streckenweiser Gl\u00e4ttebildung.<\/p>\n\n\n\n<h4 class=\"wp-block-heading\">Detaillierter Wetterablauf<\/h4>\n\n\n\n<p><strong>Heute<\/strong>&nbsp;bedeckt, zeitweise geringe Mengen Schnee, Schneegriesel oder lokal gefrierender Spr\u00fchregen. Maximal -2 bis 1 Grad. Schwacher bis m\u00e4\u00dfiger Ostwind. Im Harz starke B\u00f6en aus S\u00fcdost. In der&nbsp;<strong>Nacht<\/strong>&nbsp;zum&nbsp;<strong>Samstag<\/strong>&nbsp;starke Bew\u00f6lkung, weitgehend niederschlagsfrei, lokal nebelig tr\u00fcb. Tiefstwerte -2 bis -5 Grad. Schwacher bis m\u00e4\u00dfiger Ostwind.<\/p>\n\n\n\n<p>Am&nbsp;<strong>Samstag<\/strong>&nbsp;viele Wolken, regional Auflockerungen. Meist trocken. Maxima -3 bis -1 Grad. Schwacher Ostwind. In der&nbsp;<strong>Nacht<\/strong>&nbsp;zum&nbsp;<strong>Sonntag<\/strong>&nbsp;kaum \u00c4nderungen. Minima -4 bis -7 Grad. Schwachwindig.<\/p>\n\n\n\n<p>Am&nbsp;<strong>Sonntag<\/strong>&nbsp;stark bew\u00f6lkt, zeitweise auch Wolkenl\u00fccken. Meist niederschlagsfrei. H\u00f6chstwerte -5 bis -1 Grad. Schwacher S\u00fcdostwind.<\/p>\n\n\n\n<p>In der&nbsp;<strong>Nacht<\/strong>&nbsp;zum&nbsp;<strong>Montag<\/strong>&nbsp;wechselnd bew\u00f6lkt, teils nebelig-tr\u00fcb. Tiefstwerte -3 bis -6 Grad. Schwacher S\u00fcdostwind.<\/p>\n\n\n\n<p>Am&nbsp;<strong>Montag<\/strong>&nbsp;wolkig mit einigen Auflockerungen. Meist niederschlagsfrei. Tagesh\u00f6chsttemperatur -6 bis -3 Grad. Die niedrigeren Werte in der Altmark. Dazu schwacher bis m\u00e4\u00dfiger Wind aus Ost. In der&nbsp;<strong>Nacht<\/strong>&nbsp;zum&nbsp;<strong>Dienstag<\/strong>&nbsp;gering bew\u00f6lkt, niederschlagsfrei. Temperaturr\u00fcckgang auf -5 bis -8 Grad. Schwacher bis m\u00e4\u00dfiger Ostwind.<\/p>\n\n\n\n<p>Deutscher Wetterdienst, VBZ Offenbach, T. Hansen<\/p>\n\n\n\n<h4 class=\"wp-block-heading\"><\/h4>\n\n\n\n<p><\/p>\n\n\n\n<h4 class=\"wp-block-heading\"><\/h4>\n\n\n\n<p><\/p>\n\n\n\n<h4 class=\"wp-block-heading\"><\/h4>\n\n\n\n<p><\/p>\n\n\n\n<h4 class=\"wp-block-heading\"><\/h4>\n\n\n\n<p><\/p>\n\n\n\n<p><\/p>\n\n\n\n<p>.<\/p>\n\n\n\n<h4 class=\"wp-block-heading\"><\/h4>\n\n\n\n<p><\/p>\n\n\n\n<h4 class=\"wp-block-heading\"><\/h4>\n\n\n\n<p><\/p>\n\n\n\n<h4 class=\"wp-block-heading\"><\/h4>\n\n\n\n<p><\/p>\n\n\n\n<h4 class=\"wp-block-heading\"><\/h4>\n\n\n\n<p><\/p>\n\n\n\n<p><\/p>\n\n\n\n<p><\/p>\n\n\n\n<p><\/p>\n\n\n\n<h4 class=\"wp-block-heading\"><\/h4>\n\n\n\n<p><\/p>\n\n\n\n<p><\/p>\n\n\n\n<h4 class=\"wp-block-heading\"><\/h4>\n\n\n\n<p><\/p>\n\n\n\n<p><\/p>\n\n\n\n<p><\/p>\n\n\n\n<p><\/p>\n\n\n\n<p><\/p>\n\n\n\n<h3 class=\"wp-block-heading\">Mehr Wetter?<\/h3>\n\n\n<blockquote class=\"wp-embedded-content\" data-secret=\"NyUQyEiu3O\"><p><a href=\"https:\/\/www.hossi-im-netz.de\/wordpress\/vorhersage\/\">Wettervorhersage<\/a><\/p><\/blockquote>\n<p><iframe loading=\"lazy\" class=\"wp-embedded-content\" sandbox=\"allow-scripts\" security=\"restricted\" style=\"position: absolute; visibility: hidden;\" title=\"&#8222;Wettervorhersage&#8220; &#8212; Wetterstation Brachwitz\" src=\"https:\/\/www.hossi-im-netz.de\/wordpress\/vorhersage\/embed\/#?secret=mj0YQ6DE54#?secret=NyUQyEiu3O\" data-secret=\"NyUQyEiu3O\" width=\"600\" height=\"338\" frameborder=\"0\" marginwidth=\"0\" marginheight=\"0\" scrolling=\"no\"><\/iframe><\/p>\n\n\n\n<figure class=\"wp-block-embed is-type-wp-embed is-provider-wetterstation-brachwitz wp-block-embed-wetterstation-brachwitz\"><div class=\"wp-block-embed__wrapper\">\n<blockquote class=\"wp-embedded-content\" data-secret=\"jT1bExDbk8\"><a href=\"https:\/\/www.hossi-im-netz.de\/wordpress\/wetterwarnungen\/\">Wetterwarnungen<\/a><\/blockquote><iframe loading=\"lazy\" class=\"wp-embedded-content\" sandbox=\"allow-scripts\" security=\"restricted\" style=\"position: absolute; visibility: hidden;\" title=\"&#8222;Wetterwarnungen&#8220; &#8212; Wetterstation Brachwitz\" src=\"https:\/\/www.hossi-im-netz.de\/wordpress\/wetterwarnungen\/embed\/#?secret=YR5hitzVku#?secret=jT1bExDbk8\" data-secret=\"jT1bExDbk8\" width=\"600\" height=\"338\" frameborder=\"0\" marginwidth=\"0\" marginheight=\"0\" scrolling=\"no\"><\/iframe>\n<\/div><\/figure>\n\n\n<blockquote class=\"wp-embedded-content\" data-secret=\"NesDfi4QEf\"><p><a href=\"https:\/\/www.hossi-im-netz.de\/wordpress\/wetter\/wettercam\/\">Wettercam<\/a><\/p><\/blockquote>\n<p><iframe loading=\"lazy\" class=\"wp-embedded-content\" sandbox=\"allow-scripts\" security=\"restricted\" style=\"position: absolute; visibility: hidden;\" title=\"&#8222;Wettercam&#8220; &#8212; Wetterstation Brachwitz\" src=\"https:\/\/www.hossi-im-netz.de\/wordpress\/wetter\/wettercam\/embed\/#?secret=432fNSJ04Y#?secret=NesDfi4QEf\" data-secret=\"NesDfi4QEf\" width=\"600\" height=\"338\" frameborder=\"0\" marginwidth=\"0\" marginheight=\"0\" scrolling=\"no\"><\/iframe><\/p>\n\n\n\n<h2 class=\"wp-block-heading\">Wettervorhersage Brachwitz, Wettin-L\u00f6bej\u00fcn, Saalekreis, Halle<\/h2>\n","protected":false},"excerpt":{"rendered":"<p>Wettervorhersage Brachwitz, Wettin-L\u00f6bej\u00fcn, Saalekreis, Halle Wettervorhersage Brachwitz, Wettin-L\u00f6bej\u00fcn, Saalekreis, Halle Gebietsweise Dauerfrost, Gl\u00e4tte durch etwas Neuschnee. Wetter- und Warnlage Am S\u00fcdrand eines Hochs \u00fcber Skandinavien flie\u00dft kalte und feuchte Festlandsluft nach Sachsen-Anhalt. FROST\/GL\u00c4TTE Heute&nbsp;gebietsweise Dauerfrost um -1 Grad. In der&nbsp;Nacht&nbsp;zum&nbsp;Samstag&nbsp;Frost <span class=\"excerpt-dots\">&hellip;<\/span> <a class=\"more-link\" href=\"https:\/\/www.hossi-im-netz.de\/wordpress\/wettervorhersage-brachwitz-wettin-loebejuen-saalekreis-halle-1960-115-11-46\/\"><span class=\"more-msg\">Weiterlesen &rarr;<\/span><\/a><\/p>\n","protected":false},"author":1,"featured_media":0,"comment_status":"open","ping_status":"closed","sticky":false,"template":"","format":"standard","meta":{"_exactmetrics_skip_tracking":false,"_exactmetrics_sitenote_active":false,"_exactmetrics_sitenote_note":"","_exactmetrics_sitenote_category":0,"jetpack_post_was_ever_published":false,"_jetpack_newsletter_access":"","_jetpack_dont_email_post_to_subs":false,"_jetpack_newsletter_tier_id":0,"_jetpack_memberships_contains_paywalled_content":false,"_jetpack_memberships_contains_paid_content":false,"footnotes":"","jetpack_publicize_message":"","jetpack_publicize_feature_enabled":true,"jetpack_social_post_already_shared":true,"jetpack_social_options":{"image_generator_settings":{"template":"highway","default_image_id":0,"font":"","enabled":false},"version":2}},"categories":[37],"tags":[4859,39,4875,4870,4869,4881,4885,4882,4868,4884,4860,4887,5,4883,4873,4872,44,4878,487,4874,4877,4879,4876,63,462,772,628,95,953,2300,4871,4880,4886,1006,231,708,4,94,38,43,96,113],"yst_prominent_words":[2029,2116,1691,1683,1793,2069,9434,2586,2354,2217,7404,9531,9195,2087,2027,1792,1564,2216,2028],"class_list":["post-24433","post","type-post","status-publish","format-standard","hentry","category-wetterblog","tag-beidersee","tag-brachwitz","tag-deutleben","tag-dobis","tag-doeblitz","tag-domnitz","tag-dornitz","tag-doesel","tag-friedrichschwerz","tag-garsena","tag-gimritz","tag-gottgau","tag-halle","tag-kloschwitz","tag-lettewitz","tag-lettin","tag-loebejuen","tag-merbitz","tag-morl","tag-muecheln","tag-nauendorf","tag-neuragozy","tag-neutz-lettewitz","tag-niederschlag","tag-rothenburg","tag-saalefaehren","tag-saalekiez","tag-saalekreis","tag-saalepiraten","tag-saaleschifffahrt","tag-salzmuende","tag-schiepzig","tag-schlettau","tag-taupunkt","tag-temperatur","tag-vorhersage","tag-wetter","tag-wetterbericht","tag-wettervorhersage","tag-wettin","tag-wettin-loebejuen","tag-wind"],"jetpack_publicize_connections":[],"jetpack_featured_media_url":"","jetpack_sharing_enabled":true,"jetpack_shortlink":"https:\/\/wp.me\/p5DnIb-6m5","jetpack-related-posts":[],"jetpack_likes_enabled":true,"_links":{"self":[{"href":"https:\/\/www.hossi-im-netz.de\/wordpress\/wp-json\/wp\/v2\/posts\/24433","targetHints":{"allow":["GET"]}}],"collection":[{"href":"https:\/\/www.hossi-im-netz.de\/wordpress\/wp-json\/wp\/v2\/posts"}],"about":[{"href":"https:\/\/www.hossi-im-netz.de\/wordpress\/wp-json\/wp\/v2\/types\/post"}],"author":[{"embeddable":true,"href":"https:\/\/www.hossi-im-netz.de\/wordpress\/wp-json\/wp\/v2\/users\/1"}],"replies":[{"embeddable":true,"href":"https:\/\/www.hossi-im-netz.de\/wordpress\/wp-json\/wp\/v2\/comments?post=24433"}],"version-history":[{"count":1,"href":"https:\/\/www.hossi-im-netz.de\/wordpress\/wp-json\/wp\/v2\/posts\/24433\/revisions"}],"predecessor-version":[{"id":24439,"href":"https:\/\/www.hossi-im-netz.de\/wordpress\/wp-json\/wp\/v2\/posts\/24433\/revisions\/24439"}],"wp:attachment":[{"href":"https:\/\/www.hossi-im-netz.de\/wordpress\/wp-json\/wp\/v2\/media?parent=24433"}],"wp:term":[{"taxonomy":"category","embeddable":true,"href":"https:\/\/www.hossi-im-netz.de\/wordpress\/wp-json\/wp\/v2\/categories?post=24433"},{"taxonomy":"post_tag","embeddable":true,"href":"https:\/\/www.hossi-im-netz.de\/wordpress\/wp-json\/wp\/v2\/tags?post=24433"},{"taxonomy":"yst_prominent_words","embeddable":true,"href":"https:\/\/www.hossi-im-netz.de\/wordpress\/wp-json\/wp\/v2\/yst_prominent_words?post=24433"}],"curies":[{"name":"wp","href":"https:\/\/api.w.org\/{rel}","templated":true}]}}