{"id":24594,"date":"2026-03-12T05:48:44","date_gmt":"2026-03-12T03:48:44","guid":{"rendered":"https:\/\/www.hossi-im-netz.de\/wordpress\/?p=24594"},"modified":"2026-03-12T05:48:50","modified_gmt":"2026-03-12T03:48:50","slug":"wettervorhersage-brachwitz-wettin-loebejuen-saalekreis-halle-1960-115-11-87","status":"publish","type":"post","link":"https:\/\/www.hossi-im-netz.de\/wordpress\/wettervorhersage-brachwitz-wettin-loebejuen-saalekreis-halle-1960-115-11-87\/","title":{"rendered":"Wettervorhersage Brachwitz, Wettin-L\u00f6bej\u00fcn, Saalekreis, Halle 12.03.2026"},"content":{"rendered":"\n<h2 class=\"wp-block-heading\">Wettervorhersage Brachwitz, Wettin-L\u00f6bej\u00fcn, Saalekreis, Halle<\/h2>\n\n\n\n<figure class=\"wp-block-image size-large alignnone\"><a href=\"https:\/\/www.hossi-im-netz.de\/wordpress\/vorhersage\/\"><img loading=\"lazy\" decoding=\"async\" width=\"1024\" height=\"521\" data-attachment-id=\"24598\" data-permalink=\"https:\/\/www.hossi-im-netz.de\/wordpress\/wettervorhersage-brachwitz-wettin-loebejuen-saalekreis-halle-1960-115-11-87\/screenshot-698\/\" data-orig-file=\"https:\/\/www.hossi-im-netz.de\/wordpress\/wp-content\/uploads\/2026\/03\/IMG_5466.jpeg\" data-orig-size=\"1888,960\" data-comments-opened=\"1\" data-image-meta=\"{&quot;aperture&quot;:&quot;0&quot;,&quot;credit&quot;:&quot;&quot;,&quot;camera&quot;:&quot;&quot;,&quot;caption&quot;:&quot;Screenshot&quot;,&quot;created_timestamp&quot;:&quot;1773290810&quot;,&quot;copyright&quot;:&quot;&quot;,&quot;focal_length&quot;:&quot;0&quot;,&quot;iso&quot;:&quot;0&quot;,&quot;shutter_speed&quot;:&quot;0&quot;,&quot;title&quot;:&quot;Screenshot&quot;,&quot;orientation&quot;:&quot;1&quot;}\" data-image-title=\"Screenshot\" data-image-description=\"\" data-image-caption=\"&lt;p&gt;Screenshot&lt;\/p&gt;\n\" data-medium-file=\"https:\/\/www.hossi-im-netz.de\/wordpress\/wp-content\/uploads\/2026\/03\/IMG_5466-300x153.jpeg\" data-large-file=\"https:\/\/www.hossi-im-netz.de\/wordpress\/wp-content\/uploads\/2026\/03\/IMG_5466-1024x521.jpeg\" src=\"https:\/\/www.hossi-im-netz.de\/wordpress\/wp-content\/uploads\/2026\/03\/IMG_5466-1024x521.jpeg\" alt=\"\" class=\"wp-image-24598\" srcset=\"https:\/\/www.hossi-im-netz.de\/wordpress\/wp-content\/uploads\/2026\/03\/IMG_5466-1024x521.jpeg 1024w, https:\/\/www.hossi-im-netz.de\/wordpress\/wp-content\/uploads\/2026\/03\/IMG_5466-300x153.jpeg 300w, https:\/\/www.hossi-im-netz.de\/wordpress\/wp-content\/uploads\/2026\/03\/IMG_5466-768x391.jpeg 768w, https:\/\/www.hossi-im-netz.de\/wordpress\/wp-content\/uploads\/2026\/03\/IMG_5466-1536x781.jpeg 1536w, https:\/\/www.hossi-im-netz.de\/wordpress\/wp-content\/uploads\/2026\/03\/IMG_5466.jpeg 1888w\" sizes=\"auto, (max-width: 1024px) 100vw, 1024px\" \/><\/a><figcaption class=\"wp-element-caption\">Screenshot<\/figcaption><\/figure>\n\n\n\n<p>Wettervorhersage Brachwitz, Wettin-L\u00f6bej\u00fcn, Saalekreis, Halle<\/p>\n\n\n\n<p>Auf dem Brocken Windb\u00f6en, in der&nbsp;<strong>Nacht<\/strong>&nbsp;zum&nbsp;<strong>Freitag<\/strong>schwere Sturmb\u00f6en oder auch orkanartige B\u00f6en. Im \u00fcbrigen Harz dann Windb\u00f6en.<\/p>\n\n\n\n<h4 class=\"wp-block-heading\">Wetter- und Warnlage<\/h4>\n\n\n\n<p><strong>Heute<\/strong>&nbsp;setzt sich vor\u00fcbergehender Hochdruckeinfluss durch. Danach gestalten Frontensysteme verschiedener Tiefkerne \u00fcber dem europ\u00e4ischen Nordmeer das Wetter in Sachsen-Anhalt erneut wechselhaft.<\/p>\n\n\n\n<h4 class=\"wp-block-heading\">WIND\/STURM\/ORKAN<\/h4>\n\n\n\n<p>Auf dem Brocken Windb\u00f6en um 60 km\/h (Bft 7) aus S\u00fcdwest. Ab dem&nbsp;<strong>Abend<\/strong>&nbsp;zunehmender S\u00fcdwest- bis S\u00fcdwind. Dann im Harz generell Windb\u00f6en, auf dem Brocken Sturmb\u00f6en, anschlie\u00dfend schwere Sturmb\u00f6en oder orkanartige B\u00f6en zwischen 90 und 110 km\/h (Bft 10-11).<\/p>\n\n\n\n<h4 class=\"wp-block-heading\">Detaillierter Wetterablauf<\/h4>\n\n\n\n<p><strong>Heute<\/strong>&nbsp;heiter, bei Quellwolkenbildung am&nbsp;<strong>Mittag<\/strong>&nbsp;und fr\u00fchen&nbsp;<strong>Nachmittag<\/strong>&nbsp;teils wolkig. Zum&nbsp;<strong>Abend<\/strong>&nbsp;gering bew\u00f6lkt. Trocken. Tagesh\u00f6chstwerte 13 bis 15, im Harz 8 bis 13 Grad. Schwacher bis m\u00e4\u00dfiger S\u00fcdwestwind. Auf dem Brocken Windb\u00f6en. Gegen&nbsp;<strong>Abend<\/strong>&nbsp;im Harz generell Windb\u00f6en, auf dem Brocken Sturmb\u00f6en. Dabei Drehung auf S\u00fcd. In der&nbsp;<strong>Nacht<\/strong>&nbsp;zum&nbsp;<strong>Freitag<\/strong>&nbsp;meist nur hohe Wolkenfelder, niederschlagsfrei. Abk\u00fchlung auf 6 bis 2 Grad. Gebietsweise Frost in Bodenn\u00e4he. Schwacher bis m\u00e4\u00dfiger Wind um S\u00fcd. Im Harz Windb\u00f6en, auf dem Brocken zunehmend schwere Sturmb\u00f6en oder orkanartige B\u00f6en.<\/p>\n\n\n\n<p>Am&nbsp;<strong>Freitag<\/strong>&nbsp;zun\u00e4chst heiter, sp\u00e4ter von Westen Bew\u00f6lkungsverdichtung und \u00f6rtlich etwas Regen. Tagesh\u00f6chstwerte 14 bis 18, im Harz 10 bis 14 Grad. M\u00e4\u00dfiger bis frischer S\u00fcd- bis S\u00fcdwestwind, zeitweise Windb\u00f6en. Im Harz Sturmb\u00f6en, auf dem Brocken schwere Sturmb\u00f6en oder auch orkanartige B\u00f6en. Zum&nbsp;<strong>Nachmittag<\/strong>&nbsp;allm\u00e4hlich nachlassender Wind. In der&nbsp;<strong>Nacht<\/strong>&nbsp;zum&nbsp;<strong>Samstag<\/strong>&nbsp;dichte Bew\u00f6lkung und zumeist leichter Regen, im Harz auch etwas Schnee oder Schneeregen. Tiefstwerte zwischen 5 und 2 Grad. Oberhalb von 1000 m leichter Frost. Schwacher, teils m\u00e4\u00dfiger S\u00fcdwestwind. Auf dem Brocken Wind- und Sturmb\u00f6en. Im Verlauf Drehung auf Nordwest.<\/p>\n\n\n\n<p>Am&nbsp;<strong>Samstag<\/strong>&nbsp;stark bew\u00f6lkt, gebietsweise etwas Regen, im Harz teils auch Schneefall. Tagesh\u00f6chsttemperatur 7 bis 11, im Harz 2 bis 7 Grad. Schwacher bis m\u00e4\u00dfiger Wind aus Nordwest bis Nord. In der&nbsp;<strong>Nacht<\/strong>&nbsp;zum&nbsp;<strong>Sonntag<\/strong>&nbsp;wolkig bis stark bew\u00f6lkt, in der S\u00fcdosth\u00e4lfte leichter Regen. Temperaturr\u00fcckgang auf 3 bis -1 Grad. In der Nordwesth\u00e4lfte verbreitet Frost in Bodenn\u00e4he. Schwachwindig.<\/p>\n\n\n\n<p>Am&nbsp;<strong>Sonntag<\/strong>&nbsp;in der S\u00fcdosth\u00e4lfte dichte Bew\u00f6lkung und etwas Regen, im Verlauf abziehend. Sonst wolkig mit gr\u00f6\u00dferen Auflockerungen und meist niederschlagsfrei. Schwacher Wind, meist aus S\u00fcdwest bis S\u00fcd. Tagesh\u00f6chsttemperatur 10 bis 13, im Harz 7 bis 10 Grad. In der&nbsp;<strong>Nacht<\/strong>&nbsp;zum&nbsp;<strong>Montag<\/strong>&nbsp;zunehmende Bew\u00f6lkung und in der zweiten&nbsp;<strong>Nachth\u00e4lfte<\/strong>&nbsp;von Westen erneut Regen, im Harz teils auch Schneefall. Temperaturr\u00fcckgang auf 3 bis 0, im Harz bis -2 Grad. Anfangs schwachwindig, sp\u00e4ter m\u00e4\u00dfiger S\u00fcd- bis S\u00fcdwestwind. Auf dem Brocken dann Sturmb\u00f6en.<\/p>\n\n\n\n<p>Deutscher Wetterdienst, RWB Ost, Helga Scheef\/Fabian Chow<\/p>\n\n\n\n<h4 class=\"wp-block-heading\"><\/h4>\n\n\n\n<p><\/p>\n\n\n\n<h4 class=\"wp-block-heading\"><\/h4>\n\n\n\n<p><\/p>\n\n\n\n<h4 class=\"wp-block-heading\"><\/h4>\n\n\n\n<p><\/p>\n\n\n\n<h4 class=\"wp-block-heading\"><\/h4>\n\n\n\n<p><\/p>\n\n\n\n<p><\/p>\n\n\n\n<p>.<\/p>\n\n\n\n<h4 class=\"wp-block-heading\"><\/h4>\n\n\n\n<p><\/p>\n\n\n\n<h4 class=\"wp-block-heading\"><\/h4>\n\n\n\n<p><\/p>\n\n\n\n<h4 class=\"wp-block-heading\"><\/h4>\n\n\n\n<p><\/p>\n\n\n\n<h4 class=\"wp-block-heading\"><\/h4>\n\n\n\n<p><\/p>\n\n\n\n<p><\/p>\n\n\n\n<p><\/p>\n\n\n\n<p><\/p>\n\n\n\n<h4 class=\"wp-block-heading\"><\/h4>\n\n\n\n<p><\/p>\n\n\n\n<p><\/p>\n\n\n\n<h4 class=\"wp-block-heading\"><\/h4>\n\n\n\n<p><\/p>\n\n\n\n<p><\/p>\n\n\n\n<p><\/p>\n\n\n\n<p><\/p>\n\n\n\n<p><\/p>\n\n\n\n<h3 class=\"wp-block-heading\">Mehr Wetter?<\/h3>\n\n\n<blockquote class=\"wp-embedded-content\" data-secret=\"NyUQyEiu3O\"><p><a href=\"https:\/\/www.hossi-im-netz.de\/wordpress\/vorhersage\/\">Wettervorhersage<\/a><\/p><\/blockquote>\n<p><iframe loading=\"lazy\" class=\"wp-embedded-content\" sandbox=\"allow-scripts\" security=\"restricted\" style=\"position: absolute; visibility: hidden;\" title=\"&#8222;Wettervorhersage&#8220; &#8212; Wetterstation Brachwitz\" src=\"https:\/\/www.hossi-im-netz.de\/wordpress\/vorhersage\/embed\/#?secret=mj0YQ6DE54#?secret=NyUQyEiu3O\" data-secret=\"NyUQyEiu3O\" width=\"600\" height=\"338\" frameborder=\"0\" marginwidth=\"0\" marginheight=\"0\" scrolling=\"no\"><\/iframe><\/p>\n\n\n\n<figure class=\"wp-block-embed is-type-wp-embed is-provider-wetterstation-brachwitz wp-block-embed-wetterstation-brachwitz\"><div class=\"wp-block-embed__wrapper\">\n<blockquote class=\"wp-embedded-content\" data-secret=\"jT1bExDbk8\"><a href=\"https:\/\/www.hossi-im-netz.de\/wordpress\/wetterwarnungen\/\">Wetterwarnungen<\/a><\/blockquote><iframe loading=\"lazy\" class=\"wp-embedded-content\" sandbox=\"allow-scripts\" security=\"restricted\" style=\"position: absolute; visibility: hidden;\" title=\"&#8222;Wetterwarnungen&#8220; &#8212; Wetterstation Brachwitz\" src=\"https:\/\/www.hossi-im-netz.de\/wordpress\/wetterwarnungen\/embed\/#?secret=YR5hitzVku#?secret=jT1bExDbk8\" data-secret=\"jT1bExDbk8\" width=\"600\" height=\"338\" frameborder=\"0\" marginwidth=\"0\" marginheight=\"0\" scrolling=\"no\"><\/iframe>\n<\/div><\/figure>\n\n\n<blockquote class=\"wp-embedded-content\" data-secret=\"NesDfi4QEf\"><p><a href=\"https:\/\/www.hossi-im-netz.de\/wordpress\/wetter\/wettercam\/\">Wettercam<\/a><\/p><\/blockquote>\n<p><iframe loading=\"lazy\" class=\"wp-embedded-content\" sandbox=\"allow-scripts\" security=\"restricted\" style=\"position: absolute; visibility: hidden;\" title=\"&#8222;Wettercam&#8220; &#8212; Wetterstation Brachwitz\" src=\"https:\/\/www.hossi-im-netz.de\/wordpress\/wetter\/wettercam\/embed\/#?secret=432fNSJ04Y#?secret=NesDfi4QEf\" data-secret=\"NesDfi4QEf\" width=\"600\" height=\"338\" frameborder=\"0\" marginwidth=\"0\" marginheight=\"0\" scrolling=\"no\"><\/iframe><\/p>\n\n\n\n<h2 class=\"wp-block-heading\">Wettervorhersage Brachwitz, Wettin-L\u00f6bej\u00fcn, Saalekreis, Halle<\/h2>\n","protected":false},"excerpt":{"rendered":"<p>Wettervorhersage Brachwitz, Wettin-L\u00f6bej\u00fcn, Saalekreis, Halle Wettervorhersage Brachwitz, Wettin-L\u00f6bej\u00fcn, Saalekreis, Halle Auf dem Brocken Windb\u00f6en, in der&nbsp;Nacht&nbsp;zum&nbsp;Freitagschwere Sturmb\u00f6en oder auch orkanartige B\u00f6en. Im \u00fcbrigen Harz dann Windb\u00f6en. Wetter- und Warnlage Heute&nbsp;setzt sich vor\u00fcbergehender Hochdruckeinfluss durch. Danach gestalten Frontensysteme verschiedener Tiefkerne \u00fcber <span class=\"excerpt-dots\">&hellip;<\/span> <a class=\"more-link\" href=\"https:\/\/www.hossi-im-netz.de\/wordpress\/wettervorhersage-brachwitz-wettin-loebejuen-saalekreis-halle-1960-115-11-87\/\"><span class=\"more-msg\">Weiterlesen &rarr;<\/span><\/a><\/p>\n","protected":false},"author":1,"featured_media":0,"comment_status":"open","ping_status":"closed","sticky":false,"template":"","format":"standard","meta":{"_exactmetrics_skip_tracking":false,"_exactmetrics_sitenote_active":false,"_exactmetrics_sitenote_note":"","_exactmetrics_sitenote_category":0,"jetpack_post_was_ever_published":false,"_jetpack_newsletter_access":"","_jetpack_dont_email_post_to_subs":false,"_jetpack_newsletter_tier_id":0,"_jetpack_memberships_contains_paywalled_content":false,"_jetpack_memberships_contains_paid_content":false,"footnotes":"","jetpack_publicize_message":"","jetpack_publicize_feature_enabled":true,"jetpack_social_post_already_shared":true,"jetpack_social_options":{"image_generator_settings":{"template":"highway","default_image_id":0,"font":"","enabled":false},"version":2}},"categories":[37],"tags":[4859,39,4875,4870,4869,4881,4885,4882,4868,4884,4860,4887,5,4883,4873,4872,44,4878,487,4874,4877,4879,4876,63,462,772,628,95,953,2300,4871,4880,4886,1006,231,708,4,94,38,43,96,113],"yst_prominent_words":[1683,1793,3119,8361,7404,6907,3118,2087,2027,1792,1564,2028,10525,10522],"class_list":["post-24594","post","type-post","status-publish","format-standard","hentry","category-wetterblog","tag-beidersee","tag-brachwitz","tag-deutleben","tag-dobis","tag-doeblitz","tag-domnitz","tag-dornitz","tag-doesel","tag-friedrichschwerz","tag-garsena","tag-gimritz","tag-gottgau","tag-halle","tag-kloschwitz","tag-lettewitz","tag-lettin","tag-loebejuen","tag-merbitz","tag-morl","tag-muecheln","tag-nauendorf","tag-neuragozy","tag-neutz-lettewitz","tag-niederschlag","tag-rothenburg","tag-saalefaehren","tag-saalekiez","tag-saalekreis","tag-saalepiraten","tag-saaleschifffahrt","tag-salzmuende","tag-schiepzig","tag-schlettau","tag-taupunkt","tag-temperatur","tag-vorhersage","tag-wetter","tag-wetterbericht","tag-wettervorhersage","tag-wettin","tag-wettin-loebejuen","tag-wind"],"jetpack_publicize_connections":[],"jetpack_featured_media_url":"","jetpack_sharing_enabled":true,"jetpack_shortlink":"https:\/\/wp.me\/p5DnIb-6oG","jetpack-related-posts":[],"jetpack_likes_enabled":true,"_links":{"self":[{"href":"https:\/\/www.hossi-im-netz.de\/wordpress\/wp-json\/wp\/v2\/posts\/24594","targetHints":{"allow":["GET"]}}],"collection":[{"href":"https:\/\/www.hossi-im-netz.de\/wordpress\/wp-json\/wp\/v2\/posts"}],"about":[{"href":"https:\/\/www.hossi-im-netz.de\/wordpress\/wp-json\/wp\/v2\/types\/post"}],"author":[{"embeddable":true,"href":"https:\/\/www.hossi-im-netz.de\/wordpress\/wp-json\/wp\/v2\/users\/1"}],"replies":[{"embeddable":true,"href":"https:\/\/www.hossi-im-netz.de\/wordpress\/wp-json\/wp\/v2\/comments?post=24594"}],"version-history":[{"count":1,"href":"https:\/\/www.hossi-im-netz.de\/wordpress\/wp-json\/wp\/v2\/posts\/24594\/revisions"}],"predecessor-version":[{"id":24599,"href":"https:\/\/www.hossi-im-netz.de\/wordpress\/wp-json\/wp\/v2\/posts\/24594\/revisions\/24599"}],"wp:attachment":[{"href":"https:\/\/www.hossi-im-netz.de\/wordpress\/wp-json\/wp\/v2\/media?parent=24594"}],"wp:term":[{"taxonomy":"category","embeddable":true,"href":"https:\/\/www.hossi-im-netz.de\/wordpress\/wp-json\/wp\/v2\/categories?post=24594"},{"taxonomy":"post_tag","embeddable":true,"href":"https:\/\/www.hossi-im-netz.de\/wordpress\/wp-json\/wp\/v2\/tags?post=24594"},{"taxonomy":"yst_prominent_words","embeddable":true,"href":"https:\/\/www.hossi-im-netz.de\/wordpress\/wp-json\/wp\/v2\/yst_prominent_words?post=24594"}],"curies":[{"name":"wp","href":"https:\/\/api.w.org\/{rel}","templated":true}]}}