{"id":24816,"date":"2026-04-29T04:51:19","date_gmt":"2026-04-29T02:51:19","guid":{"rendered":"https:\/\/www.hossi-im-netz.de\/wordpress\/?p=24816"},"modified":"2026-04-29T04:51:24","modified_gmt":"2026-04-29T02:51:24","slug":"wettervorhersage-brachwitz-wettin-loebejuen-saalekreis-halle-1960-115-11-134","status":"publish","type":"post","link":"https:\/\/www.hossi-im-netz.de\/wordpress\/wettervorhersage-brachwitz-wettin-loebejuen-saalekreis-halle-1960-115-11-134\/","title":{"rendered":"Wettervorhersage Brachwitz, Wettin-L\u00f6bej\u00fcn, Saalekreis, Halle 29.04.2026"},"content":{"rendered":"\n<h2 class=\"wp-block-heading\">Wettervorhersage Brachwitz, Wettin-L\u00f6bej\u00fcn, Saalekreis, Halle<\/h2>\n\n\n\n<figure class=\"wp-block-image size-large alignnone\"><a href=\"https:\/\/www.hossi-im-netz.de\/wordpress\/vorhersage\/\"><img loading=\"lazy\" decoding=\"async\" width=\"1024\" height=\"519\" data-attachment-id=\"24821\" data-permalink=\"https:\/\/www.hossi-im-netz.de\/wordpress\/wettervorhersage-brachwitz-wettin-loebejuen-saalekreis-halle-1960-115-11-134\/screenshot-747\/\" data-orig-file=\"https:\/\/www.hossi-im-netz.de\/wordpress\/wp-content\/uploads\/2026\/04\/IMG_6858.jpeg\" data-orig-size=\"1859,942\" data-comments-opened=\"1\" data-image-meta=\"{&quot;aperture&quot;:&quot;0&quot;,&quot;credit&quot;:&quot;&quot;,&quot;camera&quot;:&quot;&quot;,&quot;caption&quot;:&quot;Screenshot&quot;,&quot;created_timestamp&quot;:&quot;1777438132&quot;,&quot;copyright&quot;:&quot;&quot;,&quot;focal_length&quot;:&quot;0&quot;,&quot;iso&quot;:&quot;0&quot;,&quot;shutter_speed&quot;:&quot;0&quot;,&quot;title&quot;:&quot;Screenshot&quot;,&quot;orientation&quot;:&quot;1&quot;}\" data-image-title=\"Screenshot\" data-image-description=\"\" data-image-caption=\"&lt;p&gt;Screenshot&lt;\/p&gt;\n\" data-medium-file=\"https:\/\/www.hossi-im-netz.de\/wordpress\/wp-content\/uploads\/2026\/04\/IMG_6858-300x152.jpeg\" data-large-file=\"https:\/\/www.hossi-im-netz.de\/wordpress\/wp-content\/uploads\/2026\/04\/IMG_6858-1024x519.jpeg\" src=\"https:\/\/www.hossi-im-netz.de\/wordpress\/wp-content\/uploads\/2026\/04\/IMG_6858-1024x519.jpeg\" alt=\"\" class=\"wp-image-24821\" srcset=\"https:\/\/www.hossi-im-netz.de\/wordpress\/wp-content\/uploads\/2026\/04\/IMG_6858-1024x519.jpeg 1024w, https:\/\/www.hossi-im-netz.de\/wordpress\/wp-content\/uploads\/2026\/04\/IMG_6858-300x152.jpeg 300w, https:\/\/www.hossi-im-netz.de\/wordpress\/wp-content\/uploads\/2026\/04\/IMG_6858-768x389.jpeg 768w, https:\/\/www.hossi-im-netz.de\/wordpress\/wp-content\/uploads\/2026\/04\/IMG_6858-1536x778.jpeg 1536w, https:\/\/www.hossi-im-netz.de\/wordpress\/wp-content\/uploads\/2026\/04\/IMG_6858.jpeg 1859w\" sizes=\"auto, (max-width: 1024px) 100vw, 1024px\" \/><\/a><figcaption class=\"wp-element-caption\">Screenshot<\/figcaption><\/figure>\n\n\n\n<p>Wettervorhersage Brachwitz, Wettin-L\u00f6bej\u00fcn, Saalekreis, Halle<\/p>\n\n\n\n<p><strong>Heute<\/strong>&nbsp;Fr\u00fch im Norden und Osten \u00f6rtlich leichter Frost, in einigen Mittelgebirgen weiterhin teils b\u00f6iger Wind. Tags\u00fcber in der S\u00fcdwesth\u00e4lfte starke B\u00f6en, in exponierten Lagen auch st\u00fcrmische B\u00f6en.<\/p>\n\n\n\n<h4 class=\"wp-block-heading\">Wetter- und Warnlage<\/h4>\n\n\n\n<p>Am Rande einer von Schottland nach S\u00fcdskandinavien reichenden Hochruckzone str\u00f6mt trockene, in den Norden und Osten Deutschlands allerdings auch recht k\u00fchle Festlandsluft, die sich im Laufe der Woche langsam erw\u00e4rmt.<\/p>\n\n\n\n<h4 class=\"wp-block-heading\">FROST<\/h4>\n\n\n\n<p>In der&nbsp;<strong>Nacht<\/strong>&nbsp;zum&nbsp;<strong>Mittwoch<\/strong>&nbsp;im Norden und Osten wieder vermehrt leichter Frost um -1, lokal auch bis -4 Grad. Bodennah abgesehen vom S\u00fcden und Westen verbreitet leichter, im Osten auch m\u00e4\u00dfiger Frost bis -7 Grad.<\/p>\n\n\n\n<p>In der&nbsp;<strong>Nacht<\/strong>&nbsp;zum&nbsp;<strong>Donnerstag<\/strong>&nbsp;im gesamten Osten leichter, in Richtung Lausitz auch m\u00e4\u00dfiger Luftfrost zwischen -1 und -6 Grad. Bodennah abgesehen vom \u00e4u\u00dfersten Westen nahezu deutschlandweit leichter, im Osten verbreitet auch m\u00e4\u00dfiger Frost um -7 Grad, Richtung Lausitz und Erzgebirge lokal strenger Frost in Bodenn\u00e4he um -10 Grad nicht ausgeschlossen.<\/p>\n\n\n\n<h4 class=\"wp-block-heading\">WIND<\/h4>\n\n\n\n<p>In der&nbsp;<strong>Nacht<\/strong>&nbsp;zum&nbsp;<strong>Mittwoch<\/strong>&nbsp;besonders im zentralen und s\u00fcddeutschen Bergland b\u00f6iger Ostwind, im Hochschwarzwald zum&nbsp;<strong>Morgen<\/strong>&nbsp;st\u00fcrmische B\u00f6en bis 70 km\/h (Bft 8).<\/p>\n\n\n\n<p>Am&nbsp;<strong>Mittwoch<\/strong>&nbsp;in der S\u00fcdwesth\u00e4lfte auch in tiefen Lagen gebietsweise wieder b\u00f6ig auffrischender Wind aus Ost bis Nordost bis 60 km\/h (Bft 7). Im Hochschwarzwald wiederholt st\u00fcrmische B\u00f6en um 70 km\/h (Bft 8), exponiert sp\u00e4ter Sturmb\u00f6en bis 80 km\/h (Bft 9). In der&nbsp;<strong>Nacht<\/strong>&nbsp;zum&nbsp;<strong>Donnerstag<\/strong>&nbsp;im Bergland anhaltend.<\/p>\n\n\n\n<h4 class=\"wp-block-heading\">Detaillierter Wetterablauf<\/h4>\n\n\n\n<p><strong>Heute<\/strong>&nbsp;Fr\u00fch im S\u00fcden bew\u00f6lkt, sonst \u00fcberwiegend klar. Fr\u00fchwerte zwischen 9 Grad im S\u00fcdwesten und bis -3 Grad im Osten. Tags\u00fcber heiter bis sonnig. Meist niederschlagsfrei, in Alpenn\u00e4he geringe Schauerneigung. H\u00f6chstwerte im Norden und Osten 11 bis 18, im Westen 18 bis 21 Grad, am Oberrhein auch bis knapp 23 Grad. Dabei \u00fcberwiegend m\u00e4\u00dfiger Nordost- bis Ostwind, in den Mittelgebirgen sowie im S\u00fcdwesten stark b\u00f6ig, im Hochschwarzwald teils st\u00fcrmisch. In der&nbsp;<strong>Nacht<\/strong>&nbsp;zum&nbsp;<strong>Donnerstag<\/strong>&nbsp;meist gering bew\u00f6lkt oder klar und trocken. Tiefstwerte 8 bis 0 Grad, im Osten gebietsweise leichter Frost bis -3 Grad. Mit Ausnahme des Westens und S\u00fcdwestens verbreitet leichter, im Osten teils auch m\u00e4\u00dfiger Frost in Bodenn\u00e4he.<\/p>\n\n\n\n<p>Am&nbsp;<strong>Donnerstag<\/strong>&nbsp;meist sonnig, vornehmlich im Osten etwas Bew\u00f6lkung. Trocken bei H\u00f6chstwerten zwischen 15 Grad an der See und 23 Grad im S\u00fcdwesten. Dazu lebhafter Ostwind, im S\u00fcdwesten teils steife vornehmlich in Berglagen auch st\u00fcrmische B\u00f6en. In der&nbsp;<strong>Nacht<\/strong>&nbsp;zum&nbsp;<strong>Freitag<\/strong>&nbsp;klar und trocken. Tiefstwerte zwischen 9 Grad im Westen und lokal bis -1 Grad im Osten sowie in Alpenn\u00e4he. Nur noch im s\u00fcdwestdeutschen Bergland einzelne st\u00fcrmische B\u00f6en.<\/p>\n\n\n\n<p>Am&nbsp;<strong>Freitag<\/strong>&nbsp;meist sonnig. Trocken bei H\u00f6chstwerten zwischen 20 und 26 Grad. Dazu meist m\u00e4\u00dfiger, im S\u00fcden und Westen teils frischer Ost- bis S\u00fcdostwind. In der&nbsp;<strong>Nacht<\/strong>&nbsp;zum&nbsp;<strong>Samstag<\/strong>&nbsp;klar und trocken, im Verlauf von Westen Aufzug hoher Bew\u00f6lkung. Minima zwischen 11 Grad im Westen und lokal bis 2 Grad im S\u00fcdosten.<\/p>\n\n\n\n<p>Am&nbsp;<strong>Samstag<\/strong>&nbsp;in der Osth\u00e4lfte sonnig und trocken, in der Westh\u00e4lfte Aufzug mehrschichtiger Bew\u00f6lkung. Nachfolgend dort erste, teils kr\u00e4ftige Schauer und einzelne Gewitter. H\u00f6chstwerte 23 bis 28 Grad. M\u00e4\u00dfiger bis frischer Wind aus S\u00fcd bis S\u00fcdost, im Westen zunehmend aus S\u00fcdwest. In der&nbsp;<strong>Nacht<\/strong>&nbsp;zum&nbsp;<strong>Sonntag<\/strong>im Westen und Norden stark bew\u00f6lkt mit einigen Schauern und einzelnen Gewittern. Im S\u00fcden und Osten teils klar, teils wolkig und meist trocken. Tiefstwerte zwischen 12 und 6 Grad.<\/p>\n\n\n\n<p>Deutscher Wetterdienst, VBZ Offenbach, M.Sc. Fabian Chow \/ Dipl. Met. Jacqueline Kernn<\/p>\n\n\n\n<h4 class=\"wp-block-heading\"><\/h4>\n\n\n\n<p><\/p>\n\n\n\n<h4 class=\"wp-block-heading\"><\/h4>\n\n\n\n<p><\/p>\n\n\n\n<h4 class=\"wp-block-heading\"><\/h4>\n\n\n\n<p><\/p>\n\n\n\n<h4 class=\"wp-block-heading\"><\/h4>\n\n\n\n<p><\/p>\n\n\n\n<p><\/p>\n\n\n\n<p>.<\/p>\n\n\n\n<h4 class=\"wp-block-heading\"><\/h4>\n\n\n\n<p><\/p>\n\n\n\n<h4 class=\"wp-block-heading\"><\/h4>\n\n\n\n<p><\/p>\n\n\n\n<h4 class=\"wp-block-heading\"><\/h4>\n\n\n\n<p><\/p>\n\n\n\n<h4 class=\"wp-block-heading\"><\/h4>\n\n\n\n<p><\/p>\n\n\n\n<p><\/p>\n\n\n\n<p><\/p>\n\n\n\n<p><\/p>\n\n\n\n<h4 class=\"wp-block-heading\"><\/h4>\n\n\n\n<p><\/p>\n\n\n\n<p><\/p>\n\n\n\n<h4 class=\"wp-block-heading\"><\/h4>\n\n\n\n<p><\/p>\n\n\n\n<p><\/p>\n\n\n\n<p><\/p>\n\n\n\n<p><\/p>\n\n\n\n<p><\/p>\n\n\n\n<h3 class=\"wp-block-heading\">Mehr Wetter?<\/h3>\n\n\n<blockquote class=\"wp-embedded-content\" data-secret=\"NyUQyEiu3O\"><p><a href=\"https:\/\/www.hossi-im-netz.de\/wordpress\/vorhersage\/\">Wettervorhersage<\/a><\/p><\/blockquote>\n<p><iframe loading=\"lazy\" class=\"wp-embedded-content\" sandbox=\"allow-scripts\" security=\"restricted\" style=\"position: absolute; visibility: hidden;\" title=\"&#8222;Wettervorhersage&#8220; &#8212; Wetterstation Brachwitz\" src=\"https:\/\/www.hossi-im-netz.de\/wordpress\/vorhersage\/embed\/#?secret=mj0YQ6DE54#?secret=NyUQyEiu3O\" data-secret=\"NyUQyEiu3O\" width=\"600\" height=\"338\" frameborder=\"0\" marginwidth=\"0\" marginheight=\"0\" scrolling=\"no\"><\/iframe><\/p>\n\n\n\n<figure class=\"wp-block-embed is-type-wp-embed is-provider-wetterstation-brachwitz wp-block-embed-wetterstation-brachwitz\"><div class=\"wp-block-embed__wrapper\">\n<blockquote class=\"wp-embedded-content\" data-secret=\"jT1bExDbk8\"><a href=\"https:\/\/www.hossi-im-netz.de\/wordpress\/wetterwarnungen\/\">Wetterwarnungen<\/a><\/blockquote><iframe loading=\"lazy\" class=\"wp-embedded-content\" sandbox=\"allow-scripts\" security=\"restricted\" style=\"position: absolute; visibility: hidden;\" title=\"&#8222;Wetterwarnungen&#8220; &#8212; Wetterstation Brachwitz\" src=\"https:\/\/www.hossi-im-netz.de\/wordpress\/wetterwarnungen\/embed\/#?secret=YR5hitzVku#?secret=jT1bExDbk8\" data-secret=\"jT1bExDbk8\" width=\"600\" height=\"338\" frameborder=\"0\" marginwidth=\"0\" marginheight=\"0\" scrolling=\"no\"><\/iframe>\n<\/div><\/figure>\n\n\n<blockquote class=\"wp-embedded-content\" data-secret=\"NesDfi4QEf\"><p><a href=\"https:\/\/www.hossi-im-netz.de\/wordpress\/wetter\/wettercam\/\">Wettercam<\/a><\/p><\/blockquote>\n<p><iframe loading=\"lazy\" class=\"wp-embedded-content\" sandbox=\"allow-scripts\" security=\"restricted\" style=\"position: absolute; visibility: hidden;\" title=\"&#8222;Wettercam&#8220; &#8212; Wetterstation Brachwitz\" src=\"https:\/\/www.hossi-im-netz.de\/wordpress\/wetter\/wettercam\/embed\/#?secret=432fNSJ04Y#?secret=NesDfi4QEf\" data-secret=\"NesDfi4QEf\" width=\"600\" height=\"338\" frameborder=\"0\" marginwidth=\"0\" marginheight=\"0\" scrolling=\"no\"><\/iframe><\/p>\n\n\n\n<h2 class=\"wp-block-heading\">Wettervorhersage Brachwitz, Wettin-L\u00f6bej\u00fcn, Saalekreis, Halle<\/h2>\n","protected":false},"excerpt":{"rendered":"<p>Wettervorhersage Brachwitz, Wettin-L\u00f6bej\u00fcn, Saalekreis, Halle Wettervorhersage Brachwitz, Wettin-L\u00f6bej\u00fcn, Saalekreis, Halle Heute&nbsp;Fr\u00fch im Norden und Osten \u00f6rtlich leichter Frost, in einigen Mittelgebirgen weiterhin teils b\u00f6iger Wind. Tags\u00fcber in der S\u00fcdwesth\u00e4lfte starke B\u00f6en, in exponierten Lagen auch st\u00fcrmische B\u00f6en. Wetter- und Warnlage <span class=\"excerpt-dots\">&hellip;<\/span> <a class=\"more-link\" href=\"https:\/\/www.hossi-im-netz.de\/wordpress\/wettervorhersage-brachwitz-wettin-loebejuen-saalekreis-halle-1960-115-11-134\/\"><span class=\"more-msg\">Weiterlesen &rarr;<\/span><\/a><\/p>\n","protected":false},"author":1,"featured_media":0,"comment_status":"open","ping_status":"closed","sticky":false,"template":"","format":"standard","meta":{"_exactmetrics_skip_tracking":false,"_exactmetrics_sitenote_active":false,"_exactmetrics_sitenote_note":"","_exactmetrics_sitenote_category":0,"jetpack_post_was_ever_published":false,"_jetpack_newsletter_access":"","_jetpack_dont_email_post_to_subs":false,"_jetpack_newsletter_tier_id":0,"_jetpack_memberships_contains_paywalled_content":false,"_jetpack_memberships_contains_paid_content":false,"footnotes":"","jetpack_publicize_message":"","jetpack_publicize_feature_enabled":true,"jetpack_social_post_already_shared":true,"jetpack_social_options":{"image_generator_settings":{"template":"highway","default_image_id":0,"font":"","enabled":false},"version":2}},"categories":[37],"tags":[4859,39,4875,4870,4869,4881,4885,4882,4868,4884,4860,4887,5,4883,4873,4872,44,4878,487,4874,4877,4879,4876,63,462,772,628,95,953,2300,4871,4880,4886,1006,231,708,4,94,38,43,96,113],"yst_prominent_words":[3821,3610,1691,1683,1793,1120,2306,2033,2190,2439,3772,2087,2027,1792,1564,2028],"class_list":["post-24816","post","type-post","status-publish","format-standard","hentry","category-wetterblog","tag-beidersee","tag-brachwitz","tag-deutleben","tag-dobis","tag-doeblitz","tag-domnitz","tag-dornitz","tag-doesel","tag-friedrichschwerz","tag-garsena","tag-gimritz","tag-gottgau","tag-halle","tag-kloschwitz","tag-lettewitz","tag-lettin","tag-loebejuen","tag-merbitz","tag-morl","tag-muecheln","tag-nauendorf","tag-neuragozy","tag-neutz-lettewitz","tag-niederschlag","tag-rothenburg","tag-saalefaehren","tag-saalekiez","tag-saalekreis","tag-saalepiraten","tag-saaleschifffahrt","tag-salzmuende","tag-schiepzig","tag-schlettau","tag-taupunkt","tag-temperatur","tag-vorhersage","tag-wetter","tag-wetterbericht","tag-wettervorhersage","tag-wettin","tag-wettin-loebejuen","tag-wind"],"jetpack_publicize_connections":[],"jetpack_featured_media_url":"","jetpack_sharing_enabled":true,"jetpack_shortlink":"https:\/\/wp.me\/p5DnIb-6sg","jetpack-related-posts":[],"jetpack_likes_enabled":true,"_links":{"self":[{"href":"https:\/\/www.hossi-im-netz.de\/wordpress\/wp-json\/wp\/v2\/posts\/24816","targetHints":{"allow":["GET"]}}],"collection":[{"href":"https:\/\/www.hossi-im-netz.de\/wordpress\/wp-json\/wp\/v2\/posts"}],"about":[{"href":"https:\/\/www.hossi-im-netz.de\/wordpress\/wp-json\/wp\/v2\/types\/post"}],"author":[{"embeddable":true,"href":"https:\/\/www.hossi-im-netz.de\/wordpress\/wp-json\/wp\/v2\/users\/1"}],"replies":[{"embeddable":true,"href":"https:\/\/www.hossi-im-netz.de\/wordpress\/wp-json\/wp\/v2\/comments?post=24816"}],"version-history":[{"count":1,"href":"https:\/\/www.hossi-im-netz.de\/wordpress\/wp-json\/wp\/v2\/posts\/24816\/revisions"}],"predecessor-version":[{"id":24822,"href":"https:\/\/www.hossi-im-netz.de\/wordpress\/wp-json\/wp\/v2\/posts\/24816\/revisions\/24822"}],"wp:attachment":[{"href":"https:\/\/www.hossi-im-netz.de\/wordpress\/wp-json\/wp\/v2\/media?parent=24816"}],"wp:term":[{"taxonomy":"category","embeddable":true,"href":"https:\/\/www.hossi-im-netz.de\/wordpress\/wp-json\/wp\/v2\/categories?post=24816"},{"taxonomy":"post_tag","embeddable":true,"href":"https:\/\/www.hossi-im-netz.de\/wordpress\/wp-json\/wp\/v2\/tags?post=24816"},{"taxonomy":"yst_prominent_words","embeddable":true,"href":"https:\/\/www.hossi-im-netz.de\/wordpress\/wp-json\/wp\/v2\/yst_prominent_words?post=24816"}],"curies":[{"name":"wp","href":"https:\/\/api.w.org\/{rel}","templated":true}]}}