{"id":24830,"date":"2026-05-03T07:53:56","date_gmt":"2026-05-03T05:53:56","guid":{"rendered":"https:\/\/www.hossi-im-netz.de\/wordpress\/?p=24830"},"modified":"2026-05-03T07:54:01","modified_gmt":"2026-05-03T05:54:01","slug":"wettervorhersage-brachwitz-wettin-loebejuen-saalekreis-halle-1960-115-11-138","status":"publish","type":"post","link":"https:\/\/www.hossi-im-netz.de\/wordpress\/wettervorhersage-brachwitz-wettin-loebejuen-saalekreis-halle-1960-115-11-138\/","title":{"rendered":"Wettervorhersage Brachwitz, Wettin-L\u00f6bej\u00fcn, Saalekreis, Halle 03.05.2026"},"content":{"rendered":"\n<h2 class=\"wp-block-heading\">Wettervorhersage Brachwitz, Wettin-L\u00f6bej\u00fcn, Saalekreis, Halle<\/h2>\n\n\n\n<figure class=\"wp-block-image size-large alignnone\"><a href=\"https:\/\/www.hossi-im-netz.de\/wordpress\/vorhersage\/\"><img loading=\"lazy\" decoding=\"async\" width=\"1024\" height=\"521\" data-attachment-id=\"24834\" data-permalink=\"https:\/\/www.hossi-im-netz.de\/wordpress\/wettervorhersage-brachwitz-wettin-loebejuen-saalekreis-halle-1960-115-11-138\/screenshot-751\/\" data-orig-file=\"https:\/\/www.hossi-im-netz.de\/wordpress\/wp-content\/uploads\/2026\/05\/IMG_7020.jpeg\" data-orig-size=\"1964,1000\" data-comments-opened=\"1\" data-image-meta=\"{&quot;aperture&quot;:&quot;0&quot;,&quot;credit&quot;:&quot;&quot;,&quot;camera&quot;:&quot;&quot;,&quot;caption&quot;:&quot;Screenshot&quot;,&quot;created_timestamp&quot;:&quot;1777794726&quot;,&quot;copyright&quot;:&quot;&quot;,&quot;focal_length&quot;:&quot;0&quot;,&quot;iso&quot;:&quot;0&quot;,&quot;shutter_speed&quot;:&quot;0&quot;,&quot;title&quot;:&quot;Screenshot&quot;,&quot;orientation&quot;:&quot;1&quot;}\" data-image-title=\"Screenshot\" data-image-description=\"\" data-image-caption=\"&lt;p&gt;Screenshot&lt;\/p&gt;\n\" data-medium-file=\"https:\/\/www.hossi-im-netz.de\/wordpress\/wp-content\/uploads\/2026\/05\/IMG_7020-300x153.jpeg\" data-large-file=\"https:\/\/www.hossi-im-netz.de\/wordpress\/wp-content\/uploads\/2026\/05\/IMG_7020-1024x521.jpeg\" src=\"https:\/\/www.hossi-im-netz.de\/wordpress\/wp-content\/uploads\/2026\/05\/IMG_7020-1024x521.jpeg\" alt=\"\" class=\"wp-image-24834\" srcset=\"https:\/\/www.hossi-im-netz.de\/wordpress\/wp-content\/uploads\/2026\/05\/IMG_7020-1024x521.jpeg 1024w, https:\/\/www.hossi-im-netz.de\/wordpress\/wp-content\/uploads\/2026\/05\/IMG_7020-300x153.jpeg 300w, https:\/\/www.hossi-im-netz.de\/wordpress\/wp-content\/uploads\/2026\/05\/IMG_7020-768x391.jpeg 768w, https:\/\/www.hossi-im-netz.de\/wordpress\/wp-content\/uploads\/2026\/05\/IMG_7020-1536x782.jpeg 1536w, https:\/\/www.hossi-im-netz.de\/wordpress\/wp-content\/uploads\/2026\/05\/IMG_7020.jpeg 1964w\" sizes=\"auto, (max-width: 1024px) 100vw, 1024px\" \/><\/a><figcaption class=\"wp-element-caption\">Screenshot<\/figcaption><\/figure>\n\n\n\n<p>Wettervorhersage Brachwitz, Wettin-L\u00f6bej\u00fcn, Saalekreis, Halle<\/p>\n\n\n\n<p>Sehr warm und trocken, auf dem Brocken einzelne Sturmb\u00f6en. Ab&nbsp;<strong>Montag<\/strong>&nbsp;einzelne kr\u00e4ftige Gewitter, zum&nbsp;<strong>Dienstag<\/strong>&nbsp;Regen.<\/p>\n\n\n\n<h4 class=\"wp-block-heading\">Wetter- und Warnlage<\/h4>\n\n\n\n<p>Unter Hochdruckeinfluss ist trockene und sehr warme Luft wetterbestimmend. Von Westen schw\u00e4cht sich der Hochdruckeinfluss nun jedoch z\u00f6gerlich ab und es gelangt allm\u00e4hlich feuchtere Luft in die Region.<\/p>\n\n\n\n<h4 class=\"wp-block-heading\">GEWITTER\/STARKREGEN\/STURM<\/h4>\n\n\n\n<p>In der&nbsp;<strong>Nacht<\/strong>&nbsp;zum&nbsp;<strong>Montag<\/strong>&nbsp;zun\u00e4chst nur geringes, ab&nbsp;<strong>Montagnachmittag<\/strong>&nbsp;ansteigendes Gewitterrisiko mit der M\u00f6glichkeit von lokalem Starkregen um 20 mm\/h in kurzer Zeit, kleink\u00f6rnigem Hagel und Sturmb\u00f6en um 70 km\/h (Bft 8). Am&nbsp;<strong>Dienstag<\/strong>&nbsp;weiter \u00f6rtliche Gewitter- und Starkregengefahr.<\/p>\n\n\n\n<h4 class=\"wp-block-heading\">STURM<\/h4>\n\n\n\n<p>Am&nbsp;<strong>Sonntag<\/strong>&nbsp;auf dem Brocken einzelne Sturmb\u00f6en bis 70 km\/h aus S\u00fcdwest.<\/p>\n\n\n\n<h4 class=\"wp-block-heading\">Detaillierter Wetterablauf<\/h4>\n\n\n\n<p>Am&nbsp;<strong>Sonntag<\/strong>&nbsp;neben Wolkenfeldern oftmals heiter. Weitgehend trocken, im Harz und an der Grenze zu Niedersachsen geringe Schauerneigung. H\u00f6chstwerte zwischen 25 und 29, im Harz zwischen 20 und 25 Grad. Schwacher bis m\u00e4\u00dfiger Wind aus S\u00fcd bis West, teils b\u00f6ig auffrischend, auf dem Brocken vor\u00fcbergehend st\u00fcrmische B\u00f6en. In der&nbsp;<strong>Nacht<\/strong>&nbsp;zum&nbsp;<strong>Montag<\/strong>&nbsp;wolkig bis stark bew\u00f6lkt, \u00f6rtlich Schauer und einzelne Gewitter. Tiefstwerte zwischen 14 und 10 Grad. Abseits der Schauer schwachwindig, Brocken einzelne st\u00fcrmische B\u00f6en.<\/p>\n\n\n\n<p>Am&nbsp;<strong>Montag<\/strong>&nbsp;Wechsel von Wolken und Sonnenschein, im Tagesverlauf \u00f6rtlich Schauer oder einzelne Gewitter. Temperaturanstieg auf 18 bis 23 Grad. Schwacher bis m\u00e4\u00dfiger West- bis Nordwestwind, teils b\u00f6ig auffrischend. In der&nbsp;<strong>Nacht<\/strong>&nbsp;zum&nbsp;<strong>Dienstag<\/strong>&nbsp;wechselnde bis starke Bew\u00f6lkung, gebietsweise schauerartiger Regen, geringe Gewitterneigung. Abk\u00fchlung auf 12 bis 7 Grad. Schwacher Nordwind.<\/p>\n\n\n\n<p>Am&nbsp;<strong>Dienstag<\/strong>&nbsp;oftmals stark bew\u00f6lkt sowie zeit- und gebietsweise Regen, teils schauerartig verst\u00e4rkt. Weniger warm, H\u00f6chsttemperatur 15 bis 18, im Harz 12 bis 15 Grad. Schwacher Wind um Nord. In der&nbsp;<strong>Nacht<\/strong>zum&nbsp;<strong>Mittwoch<\/strong>&nbsp;wechselnd bis stark bew\u00f6lkt. Gebietsweise Regen, im Norden teils niederschlagsfrei. Tiefstwerte 8 bis 4 Grad. Schwacher Nordwind.<\/p>\n\n\n\n<p>Am&nbsp;<strong>Mittwoch<\/strong>&nbsp;wechselnd bis stark bew\u00f6lkt, gebietsweise Regen. H\u00f6chstwerte zwischen 11 und 16 Grad. Schwacher bis m\u00e4\u00dfiger n\u00f6rdlicher Wind. In der&nbsp;<strong>Nacht<\/strong>&nbsp;zum&nbsp;<strong>Donnerstag<\/strong>&nbsp;viele Wolken, nur noch \u00f6rtlich Regen. Temperaturr\u00fcckgang auf 6 bis 2 Grad. Schwacher Wind um Nordwest.<\/p>\n\n\n\n<p>Deutscher Wetterdienst, RWB Ost, H. Scheef<\/p>\n\n\n\n<h4 class=\"wp-block-heading\"><\/h4>\n\n\n\n<p><\/p>\n\n\n\n<h4 class=\"wp-block-heading\"><\/h4>\n\n\n\n<p><\/p>\n\n\n\n<h4 class=\"wp-block-heading\"><\/h4>\n\n\n\n<p><\/p>\n\n\n\n<h4 class=\"wp-block-heading\"><\/h4>\n\n\n\n<p><\/p>\n\n\n\n<p><\/p>\n\n\n\n<p>.<\/p>\n\n\n\n<h4 class=\"wp-block-heading\"><\/h4>\n\n\n\n<p><\/p>\n\n\n\n<h4 class=\"wp-block-heading\"><\/h4>\n\n\n\n<p><\/p>\n\n\n\n<h4 class=\"wp-block-heading\"><\/h4>\n\n\n\n<p><\/p>\n\n\n\n<h4 class=\"wp-block-heading\"><\/h4>\n\n\n\n<p><\/p>\n\n\n\n<p><\/p>\n\n\n\n<p><\/p>\n\n\n\n<p><\/p>\n\n\n\n<h4 class=\"wp-block-heading\"><\/h4>\n\n\n\n<p><\/p>\n\n\n\n<p><\/p>\n\n\n\n<h4 class=\"wp-block-heading\"><\/h4>\n\n\n\n<p><\/p>\n\n\n\n<p><\/p>\n\n\n\n<p><\/p>\n\n\n\n<p><\/p>\n\n\n\n<p><\/p>\n\n\n\n<h3 class=\"wp-block-heading\">Mehr Wetter?<\/h3>\n\n\n<blockquote class=\"wp-embedded-content\" data-secret=\"NyUQyEiu3O\"><p><a href=\"https:\/\/www.hossi-im-netz.de\/wordpress\/vorhersage\/\">Wettervorhersage<\/a><\/p><\/blockquote>\n<p><iframe loading=\"lazy\" class=\"wp-embedded-content\" sandbox=\"allow-scripts\" security=\"restricted\" style=\"position: absolute; visibility: hidden;\" title=\"&#8222;Wettervorhersage&#8220; &#8212; Wetterstation Brachwitz\" src=\"https:\/\/www.hossi-im-netz.de\/wordpress\/vorhersage\/embed\/#?secret=mj0YQ6DE54#?secret=NyUQyEiu3O\" data-secret=\"NyUQyEiu3O\" width=\"600\" height=\"338\" frameborder=\"0\" marginwidth=\"0\" marginheight=\"0\" scrolling=\"no\"><\/iframe><\/p>\n\n\n\n<figure class=\"wp-block-embed is-type-wp-embed is-provider-wetterstation-brachwitz wp-block-embed-wetterstation-brachwitz\"><div class=\"wp-block-embed__wrapper\">\n<blockquote class=\"wp-embedded-content\" data-secret=\"jT1bExDbk8\"><a href=\"https:\/\/www.hossi-im-netz.de\/wordpress\/wetterwarnungen\/\">Wetterwarnungen<\/a><\/blockquote><iframe loading=\"lazy\" class=\"wp-embedded-content\" sandbox=\"allow-scripts\" security=\"restricted\" style=\"position: absolute; visibility: hidden;\" title=\"&#8222;Wetterwarnungen&#8220; &#8212; Wetterstation Brachwitz\" src=\"https:\/\/www.hossi-im-netz.de\/wordpress\/wetterwarnungen\/embed\/#?secret=YR5hitzVku#?secret=jT1bExDbk8\" data-secret=\"jT1bExDbk8\" width=\"600\" height=\"338\" frameborder=\"0\" marginwidth=\"0\" marginheight=\"0\" scrolling=\"no\"><\/iframe>\n<\/div><\/figure>\n\n\n<blockquote class=\"wp-embedded-content\" data-secret=\"NesDfi4QEf\"><p><a href=\"https:\/\/www.hossi-im-netz.de\/wordpress\/wetter\/wettercam\/\">Wettercam<\/a><\/p><\/blockquote>\n<p><iframe loading=\"lazy\" class=\"wp-embedded-content\" sandbox=\"allow-scripts\" security=\"restricted\" style=\"position: absolute; visibility: hidden;\" title=\"&#8222;Wettercam&#8220; &#8212; Wetterstation Brachwitz\" src=\"https:\/\/www.hossi-im-netz.de\/wordpress\/wetter\/wettercam\/embed\/#?secret=432fNSJ04Y#?secret=NesDfi4QEf\" data-secret=\"NesDfi4QEf\" width=\"600\" height=\"338\" frameborder=\"0\" marginwidth=\"0\" marginheight=\"0\" scrolling=\"no\"><\/iframe><\/p>\n\n\n\n<h2 class=\"wp-block-heading\">Wettervorhersage Brachwitz, Wettin-L\u00f6bej\u00fcn, Saalekreis, Halle<\/h2>\n","protected":false},"excerpt":{"rendered":"<p>Wettervorhersage Brachwitz, Wettin-L\u00f6bej\u00fcn, Saalekreis, Halle Wettervorhersage Brachwitz, Wettin-L\u00f6bej\u00fcn, Saalekreis, Halle Sehr warm und trocken, auf dem Brocken einzelne Sturmb\u00f6en. Ab&nbsp;Montag&nbsp;einzelne kr\u00e4ftige Gewitter, zum&nbsp;Dienstag&nbsp;Regen. Wetter- und Warnlage Unter Hochdruckeinfluss ist trockene und sehr warme Luft wetterbestimmend. Von Westen schw\u00e4cht sich der <span class=\"excerpt-dots\">&hellip;<\/span> <a class=\"more-link\" href=\"https:\/\/www.hossi-im-netz.de\/wordpress\/wettervorhersage-brachwitz-wettin-loebejuen-saalekreis-halle-1960-115-11-138\/\"><span class=\"more-msg\">Weiterlesen &rarr;<\/span><\/a><\/p>\n","protected":false},"author":1,"featured_media":0,"comment_status":"open","ping_status":"closed","sticky":false,"template":"","format":"standard","meta":{"_exactmetrics_skip_tracking":false,"_exactmetrics_sitenote_active":false,"_exactmetrics_sitenote_note":"","_exactmetrics_sitenote_category":0,"jetpack_post_was_ever_published":false,"_jetpack_newsletter_access":"","_jetpack_dont_email_post_to_subs":false,"_jetpack_newsletter_tier_id":0,"_jetpack_memberships_contains_paywalled_content":false,"_jetpack_memberships_contains_paid_content":false,"footnotes":"","jetpack_publicize_message":"","jetpack_publicize_feature_enabled":true,"jetpack_social_post_already_shared":true,"jetpack_social_options":{"image_generator_settings":{"template":"highway","default_image_id":0,"font":"","enabled":false},"version":2}},"categories":[37],"tags":[4859,39,4875,4870,4869,4881,4885,4882,4868,4884,4860,4887,5,4883,4873,4872,44,4878,487,4874,4877,4879,4876,63,462,772,628,95,953,2300,4871,4880,4886,1006,231,708,4,94,38,43,96,113],"yst_prominent_words":[3824,1691,1683,1793,11309,11308,11310,1332,2217,7404,7205,2087,2027,1792,1564,2216,2028],"class_list":["post-24830","post","type-post","status-publish","format-standard","hentry","category-wetterblog","tag-beidersee","tag-brachwitz","tag-deutleben","tag-dobis","tag-doeblitz","tag-domnitz","tag-dornitz","tag-doesel","tag-friedrichschwerz","tag-garsena","tag-gimritz","tag-gottgau","tag-halle","tag-kloschwitz","tag-lettewitz","tag-lettin","tag-loebejuen","tag-merbitz","tag-morl","tag-muecheln","tag-nauendorf","tag-neuragozy","tag-neutz-lettewitz","tag-niederschlag","tag-rothenburg","tag-saalefaehren","tag-saalekiez","tag-saalekreis","tag-saalepiraten","tag-saaleschifffahrt","tag-salzmuende","tag-schiepzig","tag-schlettau","tag-taupunkt","tag-temperatur","tag-vorhersage","tag-wetter","tag-wetterbericht","tag-wettervorhersage","tag-wettin","tag-wettin-loebejuen","tag-wind"],"jetpack_publicize_connections":[],"jetpack_featured_media_url":"","jetpack_sharing_enabled":true,"jetpack_shortlink":"https:\/\/wp.me\/p5DnIb-6su","jetpack-related-posts":[],"jetpack_likes_enabled":true,"_links":{"self":[{"href":"https:\/\/www.hossi-im-netz.de\/wordpress\/wp-json\/wp\/v2\/posts\/24830","targetHints":{"allow":["GET"]}}],"collection":[{"href":"https:\/\/www.hossi-im-netz.de\/wordpress\/wp-json\/wp\/v2\/posts"}],"about":[{"href":"https:\/\/www.hossi-im-netz.de\/wordpress\/wp-json\/wp\/v2\/types\/post"}],"author":[{"embeddable":true,"href":"https:\/\/www.hossi-im-netz.de\/wordpress\/wp-json\/wp\/v2\/users\/1"}],"replies":[{"embeddable":true,"href":"https:\/\/www.hossi-im-netz.de\/wordpress\/wp-json\/wp\/v2\/comments?post=24830"}],"version-history":[{"count":1,"href":"https:\/\/www.hossi-im-netz.de\/wordpress\/wp-json\/wp\/v2\/posts\/24830\/revisions"}],"predecessor-version":[{"id":24835,"href":"https:\/\/www.hossi-im-netz.de\/wordpress\/wp-json\/wp\/v2\/posts\/24830\/revisions\/24835"}],"wp:attachment":[{"href":"https:\/\/www.hossi-im-netz.de\/wordpress\/wp-json\/wp\/v2\/media?parent=24830"}],"wp:term":[{"taxonomy":"category","embeddable":true,"href":"https:\/\/www.hossi-im-netz.de\/wordpress\/wp-json\/wp\/v2\/categories?post=24830"},{"taxonomy":"post_tag","embeddable":true,"href":"https:\/\/www.hossi-im-netz.de\/wordpress\/wp-json\/wp\/v2\/tags?post=24830"},{"taxonomy":"yst_prominent_words","embeddable":true,"href":"https:\/\/www.hossi-im-netz.de\/wordpress\/wp-json\/wp\/v2\/yst_prominent_words?post=24830"}],"curies":[{"name":"wp","href":"https:\/\/api.w.org\/{rel}","templated":true}]}}