{"id":25416,"date":"2026-08-31T04:44:02","date_gmt":"2026-08-31T02:44:02","guid":{"rendered":"https:\/\/www.hossi-im-netz.de\/wordpress\/?p=25416"},"modified":"2026-08-31T04:44:04","modified_gmt":"2026-08-31T02:44:04","slug":"wettervorhersage-fuer-brachwitz-wettin-loebejuen-den-saalekreis-und-halle-saale-31-08-2026","status":"publish","type":"post","link":"https:\/\/www.hossi-im-netz.de\/wordpress\/wettervorhersage-fuer-brachwitz-wettin-loebejuen-den-saalekreis-und-halle-saale-31-08-2026\/","title":{"rendered":"Wettervorhersage f\u00fcr Brachwitz, Wettin-L\u00f6bej\u00fcn, den Saalekreis und Halle (Saale) 31.08.2026"},"content":{"rendered":"\n<p class=\"wp-block-paragraph\"><strong>Montag, 31. August 2026<\/strong><\/p>\n\n\n\n<p class=\"wp-block-paragraph\"><strong>\ud83c\udf3e Blick aus Brachwitz<\/strong><\/p>\n\n\n\n<p class=\"wp-block-paragraph\"><strong>Guten Morgen aus Brachwitz!<\/strong><\/p>\n\n\n\n<p class=\"wp-block-paragraph\">Der letzte Augusttag startet heute <strong>mild, aber nass<\/strong>. Am fr\u00fchen Morgen liegen die Temperaturen bei etwa <strong>15 \u00b0C<\/strong>, dazu f\u00e4llt zeitweise leichter Regen.<\/p>\n\n\n\n<p class=\"wp-block-paragraph\">Im weiteren Tagesverlauf lockert die Bew\u00f6lkung zeitweise auf und auch die Sonne bekommt ihre Chancen. Mit etwa <strong>24 bis 25 \u00b0C<\/strong> wird es am Nachmittag noch einmal angenehm warm.<\/p>\n\n\n\n<p class=\"wp-block-paragraph\">Ganz ruhig bleibt der Montag allerdings nicht: Der <strong>S\u00fcdwestwind frischt kr\u00e4ftig auf<\/strong>, und sp\u00e4ter k\u00f6nnen sich \u00f6rtlich auch Schauer und einzelne Gewitter entwickeln.<\/p>\n\n\n\n<p class=\"wp-block-paragraph\"><strong>\ud83d\udcf7 Meteogramm des Norwegischen Wetterinstituts (yr.no)<\/strong><\/p>\n\n\n\n<figure class=\"wp-block-image size-large\"><img loading=\"lazy\" decoding=\"async\" width=\"1024\" height=\"529\" data-attachment-id=\"25417\" data-permalink=\"https:\/\/www.hossi-im-netz.de\/wordpress\/wettervorhersage-fuer-brachwitz-wettin-loebejuen-den-saalekreis-und-halle-saale-31-08-2026\/screenshot-869\/\" data-orig-file=\"https:\/\/www.hossi-im-netz.de\/wordpress\/wp-content\/uploads\/2026\/08\/IMG_1997.jpeg\" data-orig-size=\"1898,980\" data-comments-opened=\"1\" data-image-meta=\"{&quot;aperture&quot;:&quot;0&quot;,&quot;credit&quot;:&quot;&quot;,&quot;camera&quot;:&quot;&quot;,&quot;caption&quot;:&quot;Screenshot&quot;,&quot;created_timestamp&quot;:&quot;1788151286&quot;,&quot;copyright&quot;:&quot;&quot;,&quot;focal_length&quot;:&quot;0&quot;,&quot;iso&quot;:&quot;0&quot;,&quot;shutter_speed&quot;:&quot;0&quot;,&quot;title&quot;:&quot;Screenshot&quot;,&quot;orientation&quot;:&quot;1&quot;,&quot;alt&quot;:&quot;&quot;}\" data-image-title=\"Screenshot\" data-image-description=\"\" data-image-caption=\"&lt;p&gt;Screenshot&lt;\/p&gt;\n\" data-large-file=\"https:\/\/www.hossi-im-netz.de\/wordpress\/wp-content\/uploads\/2026\/08\/IMG_1997-1024x529.jpeg\" src=\"https:\/\/www.hossi-im-netz.de\/wordpress\/wp-content\/uploads\/2026\/08\/IMG_1997-1024x529.jpeg\" alt=\"\" class=\"wp-image-25417\" srcset=\"https:\/\/www.hossi-im-netz.de\/wordpress\/wp-content\/uploads\/2026\/08\/IMG_1997-1024x529.jpeg 1024w, https:\/\/www.hossi-im-netz.de\/wordpress\/wp-content\/uploads\/2026\/08\/IMG_1997-300x155.jpeg 300w, https:\/\/www.hossi-im-netz.de\/wordpress\/wp-content\/uploads\/2026\/08\/IMG_1997-768x397.jpeg 768w, https:\/\/www.hossi-im-netz.de\/wordpress\/wp-content\/uploads\/2026\/08\/IMG_1997-1536x793.jpeg 1536w, https:\/\/www.hossi-im-netz.de\/wordpress\/wp-content\/uploads\/2026\/08\/IMG_1997.jpeg 1898w\" sizes=\"auto, (max-width: 1024px) 100vw, 1024px\" \/><figcaption class=\"wp-element-caption\">Screenshot<\/figcaption><\/figure>\n\n\n\n<p class=\"wp-block-paragraph\"><strong>\ud83c\udf26\ufe0f Das Wetter heute<\/strong><\/p>\n\n\n\n<p class=\"wp-block-paragraph\">Nach dem Regen am fr\u00fchen Morgen wird es im Laufe des Vormittags zunehmend wechselhaft.<\/p>\n\n\n\n<p class=\"wp-block-paragraph\">Zwischen den Wolken kann sich immer wieder die Sonne zeigen. Die Temperaturen steigen bis zum Nachmittag auf ungef\u00e4hr <strong>24 bis 25 \u00b0C<\/strong>.<\/p>\n\n\n\n<p class=\"wp-block-paragraph\">Im weiteren Tagesverlauf nimmt allerdings die Schauerneigung wieder zu. Auch <strong>einzelne Gewitter<\/strong> sind m\u00f6glich.<\/p>\n\n\n\n<p class=\"wp-block-paragraph\">Ein wichtiges Thema ist heute au\u00dferdem der Wind. Er kommt zun\u00e4chst aus S\u00fcdwest und dreht sp\u00e4ter mehr auf West. Dabei sind verbreitet kr\u00e4ftige B\u00f6en zu erwarten.<\/p>\n\n\n\n<p class=\"wp-block-paragraph\"><strong>\ud83c\udf21 Wetterdaten f\u00fcr Brachwitz<\/strong><\/p>\n\n\n\n<figure class=\"wp-block-table\"><table class=\"has-fixed-layout\"><tbody><tr><td><strong>Wetterelement<\/strong><\/td><td><strong>Heute<\/strong><\/td><\/tr><tr><td>\ud83c\udf21 H\u00f6chsttemperatur<\/td><td><strong>ca. 24\u201325 \u00b0C<\/strong><\/td><\/tr><tr><td>\ud83c\udf19 Tiefsttemperatur<\/td><td><strong>ca. 13 \u00b0C kommende Nacht<\/strong><\/td><\/tr><tr><td>\ud83c\udf26\ufe0f Wetter<\/td><td><strong>wechselhaft mit Sonne, Wolken und Schauern<\/strong><\/td><\/tr><tr><td>\ud83c\udf27\ufe0f Niederschlag<\/td><td><strong>morgens Regen, sp\u00e4ter einzelne Schauer<\/strong><\/td><\/tr><tr><td>\u26c8\ufe0f Gewitter<\/td><td><strong>\u00f6rtlich m\u00f6glich<\/strong><\/td><\/tr><tr><td>\ud83d\udca8 Wind<\/td><td><strong>S\u00fcdwest, sp\u00e4ter West<\/strong><\/td><\/tr><tr><td>\ud83d\udca8 Windb\u00f6en<\/td><td><strong>bis etwa 60 km\/h<\/strong><\/td><\/tr><tr><td>\u26a0\ufe0f st\u00e4rkste B\u00f6en<\/td><td><strong>in Schauern\u00e4he bis etwa 70 km\/h<\/strong><\/td><\/tr><tr><td>\ud83c\udf21 W\u00e4rmegef\u00fchl<\/td><td><strong>mild bis warm, aber windig<\/strong><\/td><\/tr><\/tbody><\/table><\/figure>\n\n\n\n<p class=\"wp-block-paragraph\"><strong>\u26a0\ufe0f Wetterwarnungen<\/strong><\/p>\n\n\n\n<p class=\"wp-block-paragraph\"><strong>\ud83d\udca8 Amtliche DWD-Warnung vor Windb\u00f6en<\/strong><\/p>\n\n\n\n<p class=\"wp-block-paragraph\">F\u00fcr <strong>Wettin-L\u00f6bej\u00fcn und damit auch Brachwitz<\/strong> besteht heute eine amtliche Warnung vor Windb\u00f6en.<\/p>\n\n\n\n<p class=\"wp-block-paragraph\">\ud83d\udd5a <strong>Warnzeitraum: 11:00 bis 20:00 Uhr<\/strong><\/p>\n\n\n\n<p class=\"wp-block-paragraph\">Erwartet werden:<\/p>\n\n\n\n<p class=\"wp-block-paragraph\">\ud83d\udca8 <strong>Windb\u00f6en bis etwa 60 km\/h (Bft 7)<\/strong><br>\ud83d\udca8 in Schauern\u00e4he und exponierten Lagen <strong>Sturmb\u00f6en um 70 km\/h (Bft 8)<\/strong><\/p>\n\n\n\n<p class=\"wp-block-paragraph\">Der Wind kommt zun\u00e4chst aus <strong>S\u00fcdwest<\/strong> und dreht sp\u00e4ter auf <strong>West<\/strong>.<\/p>\n\n\n\n<p class=\"wp-block-paragraph\">\u26a0\ufe0f Lose Gegenst\u00e4nde im Garten und auf Terrassen sollten deshalb gesichert werden. Das betrifft insbesondere Sonnenschirme, leichte Gartenm\u00f6bel, Abdeckungen und \u00e4hnliche Gegenst\u00e4nde.<\/p>\n\n\n\n<p class=\"wp-block-paragraph\">Zus\u00e4tzlich k\u00f6nnen im Tagesverlauf \u00f6rtlich <strong>Gewitter<\/strong> auftreten. Bei einem Gewitter sind kurzfristig nochmals st\u00e4rkere B\u00f6en m\u00f6glich.<\/p>\n\n\n\n<p class=\"wp-block-paragraph\"><strong>\ud83d\udd2e Ausblick auf Dienstag<\/strong><\/p>\n\n\n\n<p class=\"wp-block-paragraph\">Mit dem Septemberbeginn wird es etwas k\u00fchler.<\/p>\n\n\n\n<p class=\"wp-block-paragraph\">Am Dienstag erwartet uns ein Mix aus <strong>Wolken und sonnigen Abschnitten<\/strong>. Im weiteren Tagesverlauf k\u00f6nnen erneut einzelne Regenschauer durchziehen.<\/p>\n\n\n\n<p class=\"wp-block-paragraph\">Die H\u00f6chsttemperaturen erreichen in Brachwitz etwa <strong>22 bis 23 \u00b0C<\/strong>.<\/p>\n\n\n\n<p class=\"wp-block-paragraph\">Der Wind l\u00e4sst gegen\u00fcber Montag nach, bleibt aber noch sp\u00fcrbar.<\/p>\n\n\n\n<p class=\"wp-block-paragraph\">Auch die folgenden Tage sehen nach aktuellem Stand eher wechselhaft aus. Ein stabiles sp\u00e4tsommerliches Hoch ist zun\u00e4chst nicht in Sicht.<\/p>\n\n\n\n<p class=\"wp-block-paragraph\"><strong>\ud83c\udf05 Sonnenzeiten f\u00fcr Brachwitz<\/strong><\/p>\n\n\n\n<p class=\"wp-block-paragraph\">\ud83c\udf04 <strong>Sonnenaufgang:<\/strong> ca. <strong>06:22 Uhr<\/strong><br>\ud83c\udf07 <strong>Sonnenuntergang:<\/strong> ca. <strong>20:01 Uhr<\/strong><br>\u2600\ufe0f <strong>Tagesl\u00e4nge:<\/strong> rund <strong>13 Stunden und 39 Minuten<\/strong><\/p>\n\n\n\n<p class=\"wp-block-paragraph\">Heute erleben wir den <strong>letzten Sonnenuntergang des Jahres nach 20 Uhr<\/strong>. Mit dem Septemberbeginn verschwindet die Sonne in unserer Region dann bereits vor 20 Uhr hinter dem Horizont.<\/p>\n\n\n\n<p class=\"wp-block-paragraph\"><strong>\ud83c\udf3f Naturbeobachtung des Tages<\/strong><\/p>\n\n\n\n<p class=\"wp-block-paragraph\"><strong>\ud83c\udf3e Der letzte Augusttag<\/strong><\/p>\n\n\n\n<p class=\"wp-block-paragraph\">Heute verabschiedet sich der meteorologische Sommer langsam aus Brachwitz.<\/p>\n\n\n\n<p class=\"wp-block-paragraph\">In der Natur sind die Ver\u00e4nderungen inzwischen deutlich zu erkennen: Viele Felder sind abgeerntet, die N\u00e4chte werden l\u00e4nger und auf Wiesen bildet sich morgens zunehmend Tau.<\/p>\n\n\n\n<p class=\"wp-block-paragraph\">Trotzdem zeigt der Sommer heute noch einmal, dass er nicht ganz verschwunden ist. Temperaturen um <strong>24 \u00b0C<\/strong> sorgen am Nachmittag f\u00fcr ein sp\u00e4tsommerliches Gef\u00fchl.<\/p>\n\n\n\n<p class=\"wp-block-paragraph\">Der kr\u00e4ftige Wind d\u00fcrfte gleichzeitig ordentlich Bewegung in B\u00e4ume und Str\u00e4ucher entlang der Saale bringen.<\/p>\n\n\n\n<p class=\"wp-block-paragraph\"><strong>\ud83c\udf20 Blick zum Himmel<\/strong><\/p>\n\n\n\n<p class=\"wp-block-paragraph\">F\u00fcr astronomische Beobachtungen sind die Bedingungen heute Abend eher durchwachsen.<\/p>\n\n\n\n<p class=\"wp-block-paragraph\">Wolken, einzelne Schauer und der kr\u00e4ftige Wind k\u00f6nnen die Beobachtung erschweren.<\/p>\n\n\n\n<p class=\"wp-block-paragraph\">Sollten sich am sp\u00e4teren Abend gr\u00f6\u00dfere Wolkenl\u00fccken bilden, lohnt sich trotzdem ein Blick nach oben. Ende August wird es inzwischen wieder deutlich fr\u00fcher dunkel \u2013 damit beginnt langsam wieder die angenehmere Jahreszeit f\u00fcr l\u00e4ngere astronomische Beobachtungen.<\/p>\n\n\n\n<p class=\"wp-block-paragraph\"><strong>\ud83d\udccd Hossis Wetterfazit<\/strong><\/p>\n\n\n\n<p class=\"wp-block-paragraph\"><strong>Der August verabschiedet sich heute ziemlich lebhaft. \ud83c\udf26\ufe0f\ud83d\udca8<\/strong><\/p>\n\n\n\n<p class=\"wp-block-paragraph\">Mit etwa <strong>24 bis 25 \u00b0C<\/strong> wird es noch einmal angenehm warm. Sonne und Wolken wechseln sich ab, allerdings m\u00fcssen wir immer wieder mit Schauern und \u00f6rtlich sogar mit einem Gewitter rechnen.<\/p>\n\n\n\n<p class=\"wp-block-paragraph\">Das wichtigste Wetterthema ist heute der <strong>Wind<\/strong>.<\/p>\n\n\n\n<p class=\"wp-block-paragraph\">Von <strong>11 bis 20 Uhr<\/strong> gilt eine amtliche DWD-Warnung vor Windb\u00f6en. Verbreitet sind B\u00f6en bis etwa <strong>60 km\/h<\/strong> m\u00f6glich, in Schauern\u00e4he sogar um <strong>70 km\/h<\/strong>.<\/p>\n\n\n\n<p class=\"wp-block-paragraph\"><strong>Mein Tipp f\u00fcr Brachwitz:<\/strong> Garten und Terrasse noch einmal auf lose Gegenst\u00e4nde kontrollieren. F\u00fcr Aktivit\u00e4ten drau\u00dfen gibt es durchaus brauchbare Zeitfenster \u2013 Regenradar und Himmel sollte man heute aber im Blick behalten.<\/p>\n\n\n\n<p class=\"wp-block-paragraph\">Damit verabschieden wir uns von einem abwechslungsreichen August. Morgen beginnt der meteorologische Herbst \u2013 und auch das Wetter scheint sich langsam darauf einzustellen. \ud83c\udf42\ud83c\udf26\ufe0f<\/p>\n\n\n\n<p class=\"wp-block-paragraph\"><strong>\ud83d\udcf7 Meteogramm:<\/strong> Norwegisches Wetterinstitut (yr.no)<br><strong>\ud83c\udf26\ufe0f Wetterlage und Warninformationen:<\/strong> Deutscher Wetterdienst (DWD)<br><strong>\ud83d\udccd Region:<\/strong> Brachwitz \u2013 Wettin-L\u00f6bej\u00fcn \u2013 Saalekreis \u2013 Halle (Saale)<\/p>\n","protected":false},"excerpt":{"rendered":"<p>Montag, 31. August 2026 \ud83c\udf3e Blick aus Brachwitz Guten Morgen aus Brachwitz! Der letzte Augusttag startet heute mild, aber nass. Am fr\u00fchen Morgen liegen die Temperaturen bei etwa 15 \u00b0C, dazu f\u00e4llt zeitweise leichter Regen. Im weiteren Tagesverlauf lockert die <span class=\"excerpt-dots\">&hellip;<\/span> <a class=\"more-link\" href=\"https:\/\/www.hossi-im-netz.de\/wordpress\/wettervorhersage-fuer-brachwitz-wettin-loebejuen-den-saalekreis-und-halle-saale-31-08-2026\/\"><span class=\"more-msg\">Weiterlesen &rarr;<\/span><\/a><\/p>\n","protected":false},"author":1,"featured_media":0,"comment_status":"open","ping_status":"closed","sticky":false,"template":"","format":"standard","meta":{"_exactmetrics_skip_tracking":false,"_exactmetrics_sitenote_active":false,"_exactmetrics_sitenote_note":"","_exactmetrics_sitenote_category":0,"_jetpack_newsletter_access":"","_jetpack_dont_email_post_to_subs":false,"_jetpack_newsletter_tier_id":0,"_jetpack_memberships_contains_paywalled_content":false,"_jetpack_feature_clip_id":0,"_jetpack_memberships_contains_paid_content":false,"footnotes":"","jetpack_publicize_message":"","jetpack_publicize_feature_enabled":true,"jetpack_social_post_already_shared":true,"jetpack_social_options":{"image_generator_settings":{"template":"highway","default_image_id":0,"font":"","enabled":false},"version":2},"jetpack_post_was_ever_published":false},"categories":[37],"tags":[],"yst_prominent_words":[4403,3124,3824,1410],"class_list":["post-25416","post","type-post","status-publish","format-standard","hentry","category-wetterblog"],"jetpack_publicize_connections":[],"jetpack_featured_media_url":"","jetpack_sharing_enabled":true,"jetpack_shortlink":"https:\/\/wp.me\/p5DnIb-6BW","jetpack-related-posts":[],"jetpack_likes_enabled":true,"_links":{"self":[{"href":"https:\/\/www.hossi-im-netz.de\/wordpress\/wp-json\/wp\/v2\/posts\/25416","targetHints":{"allow":["GET"]}}],"collection":[{"href":"https:\/\/www.hossi-im-netz.de\/wordpress\/wp-json\/wp\/v2\/posts"}],"about":[{"href":"https:\/\/www.hossi-im-netz.de\/wordpress\/wp-json\/wp\/v2\/types\/post"}],"author":[{"embeddable":true,"href":"https:\/\/www.hossi-im-netz.de\/wordpress\/wp-json\/wp\/v2\/users\/1"}],"replies":[{"embeddable":true,"href":"https:\/\/www.hossi-im-netz.de\/wordpress\/wp-json\/wp\/v2\/comments?post=25416"}],"version-history":[{"count":1,"href":"https:\/\/www.hossi-im-netz.de\/wordpress\/wp-json\/wp\/v2\/posts\/25416\/revisions"}],"predecessor-version":[{"id":25418,"href":"https:\/\/www.hossi-im-netz.de\/wordpress\/wp-json\/wp\/v2\/posts\/25416\/revisions\/25418"}],"wp:attachment":[{"href":"https:\/\/www.hossi-im-netz.de\/wordpress\/wp-json\/wp\/v2\/media?parent=25416"}],"wp:term":[{"taxonomy":"category","embeddable":true,"href":"https:\/\/www.hossi-im-netz.de\/wordpress\/wp-json\/wp\/v2\/categories?post=25416"},{"taxonomy":"post_tag","embeddable":true,"href":"https:\/\/www.hossi-im-netz.de\/wordpress\/wp-json\/wp\/v2\/tags?post=25416"},{"taxonomy":"yst_prominent_words","embeddable":true,"href":"https:\/\/www.hossi-im-netz.de\/wordpress\/wp-json\/wp\/v2\/yst_prominent_words?post=25416"}],"curies":[{"name":"wp","href":"https:\/\/api.w.org\/{rel}","templated":true}]}}