{"id":25429,"date":"2026-09-01T04:48:36","date_gmt":"2026-09-01T02:48:36","guid":{"rendered":"https:\/\/www.hossi-im-netz.de\/wordpress\/?p=25429"},"modified":"2026-09-01T04:48:38","modified_gmt":"2026-09-01T02:48:38","slug":"wettervorhersage-fuer-brachwitz-wettin-loebejuen-den-saalekreis-und-halle-saale-01-09-2026","status":"publish","type":"post","link":"https:\/\/www.hossi-im-netz.de\/wordpress\/wettervorhersage-fuer-brachwitz-wettin-loebejuen-den-saalekreis-und-halle-saale-01-09-2026\/","title":{"rendered":"Wettervorhersage f\u00fcr Brachwitz, Wettin-L\u00f6bej\u00fcn, den Saalekreis und Halle (Saale) 01.09.2026"},"content":{"rendered":"\n<p class=\"wp-block-paragraph\"><strong>Dienstag, 1. September 2026<\/strong><\/p>\n\n\n\n<p class=\"wp-block-paragraph\"><strong>\ud83c\udf3e Blick aus Brachwitz<\/strong><\/p>\n\n\n\n<p class=\"wp-block-paragraph\"><strong>Guten Morgen aus Brachwitz!<\/strong><\/p>\n\n\n\n<p class=\"wp-block-paragraph\">Heute beginnt nicht nur ein neuer Monat, sondern auch der <strong>meteorologische Herbst<\/strong>. Und tats\u00e4chlich zeigt sich das Wetter etwas weniger sommerlich als zuletzt.<\/p>\n\n\n\n<p class=\"wp-block-paragraph\">Der Morgen startet in Brachwitz mit ungef\u00e4hr <strong>14 \u00b0C<\/strong> und teilweise bew\u00f6lktem Himmel. Im Tagesverlauf wechseln sich Wolken und sonnige Abschnitte ab.<\/p>\n\n\n\n<p class=\"wp-block-paragraph\">Mit H\u00f6chsttemperaturen um <strong>22 \u00b0C<\/strong> bleibt es angenehm mild. Ganz trocken geht der Dienstag allerdings m\u00f6glicherweise nicht \u00fcber die B\u00fchne: Einzelne kurze Schauer sind m\u00f6glich.<\/p>\n\n\n\n<p class=\"wp-block-paragraph\"><strong>\ud83d\udcf7 Meteogramm des Norwegischen Wetterinstituts (yr.no)<\/strong><\/p>\n\n\n\n<figure class=\"wp-block-image size-large\"><img loading=\"lazy\" decoding=\"async\" width=\"1024\" height=\"522\" data-attachment-id=\"25430\" data-permalink=\"https:\/\/www.hossi-im-netz.de\/wordpress\/wettervorhersage-fuer-brachwitz-wettin-loebejuen-den-saalekreis-und-halle-saale-01-09-2026\/screenshot-870\/\" data-orig-file=\"https:\/\/www.hossi-im-netz.de\/wordpress\/wp-content\/uploads\/2026\/09\/IMG_2027.jpeg\" data-orig-size=\"1898,968\" data-comments-opened=\"1\" data-image-meta=\"{&quot;aperture&quot;:&quot;0&quot;,&quot;credit&quot;:&quot;&quot;,&quot;camera&quot;:&quot;&quot;,&quot;caption&quot;:&quot;Screenshot&quot;,&quot;created_timestamp&quot;:&quot;1788237980&quot;,&quot;copyright&quot;:&quot;&quot;,&quot;focal_length&quot;:&quot;0&quot;,&quot;iso&quot;:&quot;0&quot;,&quot;shutter_speed&quot;:&quot;0&quot;,&quot;title&quot;:&quot;Screenshot&quot;,&quot;orientation&quot;:&quot;1&quot;,&quot;alt&quot;:&quot;&quot;}\" data-image-title=\"Screenshot\" data-image-description=\"\" data-image-caption=\"&lt;p&gt;Screenshot&lt;\/p&gt;\n\" data-large-file=\"https:\/\/www.hossi-im-netz.de\/wordpress\/wp-content\/uploads\/2026\/09\/IMG_2027-1024x522.jpeg\" src=\"https:\/\/www.hossi-im-netz.de\/wordpress\/wp-content\/uploads\/2026\/09\/IMG_2027-1024x522.jpeg\" alt=\"\" class=\"wp-image-25430\" srcset=\"https:\/\/www.hossi-im-netz.de\/wordpress\/wp-content\/uploads\/2026\/09\/IMG_2027-1024x522.jpeg 1024w, https:\/\/www.hossi-im-netz.de\/wordpress\/wp-content\/uploads\/2026\/09\/IMG_2027-300x153.jpeg 300w, https:\/\/www.hossi-im-netz.de\/wordpress\/wp-content\/uploads\/2026\/09\/IMG_2027-768x392.jpeg 768w, https:\/\/www.hossi-im-netz.de\/wordpress\/wp-content\/uploads\/2026\/09\/IMG_2027-1536x783.jpeg 1536w, https:\/\/www.hossi-im-netz.de\/wordpress\/wp-content\/uploads\/2026\/09\/IMG_2027.jpeg 1898w\" sizes=\"auto, (max-width: 1024px) 100vw, 1024px\" \/><figcaption class=\"wp-element-caption\">Screenshot<\/figcaption><\/figure>\n\n\n\n<p class=\"wp-block-paragraph\"><strong>\ud83c\udf24\ufe0f Das Wetter heute<\/strong><\/p>\n\n\n\n<p class=\"wp-block-paragraph\">Der Dienstag bringt einen <strong>Mix aus Sonne und Wolken<\/strong>.<\/p>\n\n\n\n<p class=\"wp-block-paragraph\">Zwischendurch k\u00f6nnen sich einzelne Regenschauer entwickeln, l\u00e4ngere Regenphasen sind aber nicht zu erwarten. Die meiste Zeit d\u00fcrfte es trocken bleiben.<\/p>\n\n\n\n<p class=\"wp-block-paragraph\">Die Temperaturen steigen am Nachmittag in Brachwitz auf ungef\u00e4hr <strong>21 bis 22 \u00b0C<\/strong>.<\/p>\n\n\n\n<p class=\"wp-block-paragraph\">Der Wind kommt \u00fcberwiegend aus <strong>westlichen Richtungen<\/strong> und weht m\u00e4\u00dfig, zeitweise auch etwas frischer.<\/p>\n\n\n\n<p class=\"wp-block-paragraph\">Auch ein einzelnes Gewitter kann heute nicht vollkommen ausgeschlossen werden. Die Gewitterwahrscheinlichkeit ist f\u00fcr unsere Region jedoch gering.<\/p>\n\n\n\n<p class=\"wp-block-paragraph\"><strong>\ud83c\udf21 Wetterdaten f\u00fcr Brachwitz<\/strong><\/p>\n\n\n\n<figure class=\"wp-block-table\"><table class=\"has-fixed-layout\"><tbody><tr><td><strong>Wetterelement<\/strong><\/td><td><strong>Heute<\/strong><\/td><\/tr><tr><td>\ud83c\udf21 H\u00f6chsttemperatur<\/td><td><strong>ca. 21\u201322 \u00b0C<\/strong><\/td><\/tr><tr><td>\ud83c\udf19 Tiefsttemperatur<\/td><td><strong>ca. 12 \u00b0C kommende Nacht<\/strong><\/td><\/tr><tr><td>\ud83c\udf24\ufe0f Wetter<\/td><td><strong>Sonne und Wolken im Wechsel<\/strong><\/td><\/tr><tr><td>\ud83c\udf26\ufe0f Niederschlag<\/td><td><strong>einzelne kurze Schauer m\u00f6glich<\/strong><\/td><\/tr><tr><td>\u26c8\ufe0f Gewitter<\/td><td><strong>geringe Wahrscheinlichkeit<\/strong><\/td><\/tr><tr><td>\ud83d\udca8 Wind<\/td><td><strong>West, m\u00e4\u00dfig bis zeitweise frisch<\/strong><\/td><\/tr><tr><td>\ud83c\udf21 W\u00e4rmegef\u00fchl<\/td><td><strong>angenehm mild<\/strong><\/td><\/tr><\/tbody><\/table><\/figure>\n\n\n\n<p class=\"wp-block-paragraph\"><strong>\u26a0\ufe0f Wetterwarnungen<\/strong><\/p>\n\n\n\n<p class=\"wp-block-paragraph\">F\u00fcr Sachsen-Anhalt stehen heute <strong>keine verbreiteten Unwetterereignisse<\/strong> im Vordergrund.<\/p>\n\n\n\n<p class=\"wp-block-paragraph\">Der Deutsche Wetterdienst weist allerdings darauf hin, dass im Tagesverlauf <strong>vereinzelt Gewitter<\/strong> auftreten k\u00f6nnen. Dabei w\u00e4ren lokal Windb\u00f6en bis etwa <strong>60 km\/h<\/strong> m\u00f6glich.<\/p>\n\n\n\n<p class=\"wp-block-paragraph\">Die Wahrscheinlichkeit daf\u00fcr ist in unserer Region gering \u2013 ausgeschlossen ist ein kurzer kr\u00e4ftiger Schauer oder ein Gewitter aber nicht.<\/p>\n\n\n\n<p class=\"wp-block-paragraph\">Aktuelle DWD-Warnungen sollten deshalb wie gewohnt im Tagesverlauf im Blick behalten werden.<\/p>\n\n\n\n<p class=\"wp-block-paragraph\"><strong>\ud83d\udd2e Ausblick auf Mittwoch<\/strong><\/p>\n\n\n\n<p class=\"wp-block-paragraph\">Am Mittwoch geht es \u00e4hnlich weiter.<\/p>\n\n\n\n<p class=\"wp-block-paragraph\">Uns erwartet ein Mix aus <strong>Wolken und sonnigen Abschnitten<\/strong>, wobei es \u00fcberwiegend trocken bleiben d\u00fcrfte.<\/p>\n\n\n\n<p class=\"wp-block-paragraph\">Die Temperaturen erreichen in Brachwitz ungef\u00e4hr <strong>21 \u00b0C<\/strong>. In der Nacht zuvor sinken sie auf etwa <strong>12 \u00b0C<\/strong>.<\/p>\n\n\n\n<p class=\"wp-block-paragraph\">Der Wind l\u00e4sst gegen\u00fcber heute etwas nach.<\/p>\n\n\n\n<p class=\"wp-block-paragraph\">Interessanter wird dann der Donnerstag: Dort k\u00f6nnen wieder einige Regenschauer auftreten und der Wind nimmt erneut zu.<\/p>\n\n\n\n<p class=\"wp-block-paragraph\"><strong>\ud83c\udf05 Sonnenzeiten f\u00fcr Brachwitz<\/strong><\/p>\n\n\n\n<p class=\"wp-block-paragraph\">\ud83c\udf04 <strong>Sonnenaufgang:<\/strong> ca. <strong>06:24 Uhr<\/strong><br>\ud83c\udf07 <strong>Sonnenuntergang:<\/strong> ca. <strong>19:59 Uhr<\/strong><br>\u2600\ufe0f <strong>Tagesl\u00e4nge:<\/strong> rund <strong>13 Stunden und 35 Minuten<\/strong><\/p>\n\n\n\n<p class=\"wp-block-paragraph\">Damit verschwindet die Sonne heute erstmals seit dem Fr\u00fchjahr wieder <strong>vor 20 Uhr<\/strong> hinter dem Horizont.<\/p>\n\n\n\n<p class=\"wp-block-paragraph\">Der Sp\u00e4tsommer macht sich also nicht nur beim Wetter bemerkbar \u2013 auch die deutlich k\u00fcrzer werdenden Tage sind inzwischen kaum noch zu \u00fcbersehen.<\/p>\n\n\n\n<p class=\"wp-block-paragraph\"><strong>\ud83c\udf3f Naturbeobachtung des Tages<\/strong><\/p>\n\n\n\n<p class=\"wp-block-paragraph\"><strong>\ud83c\udf42 Willkommen im meteorologischen Herbst!<\/strong><\/p>\n\n\n\n<p class=\"wp-block-paragraph\">Heute ist der <strong>1. September<\/strong> und damit beginnt f\u00fcr Meteorologen der Herbst.<\/p>\n\n\n\n<p class=\"wp-block-paragraph\">Der astronomische Herbst beginnt zwar erst einige Wochen sp\u00e4ter, in der Natur lassen sich die ersten Ver\u00e4nderungen aber bereits deutlich erkennen.<\/p>\n\n\n\n<p class=\"wp-block-paragraph\">Die N\u00e4chte werden l\u00e4nger und k\u00fchler, morgens bildet sich h\u00e4ufiger Tau und vereinzelt zeigen B\u00e4ume und Str\u00e4ucher bereits erste herbstliche Farbt\u00f6ne.<\/p>\n\n\n\n<p class=\"wp-block-paragraph\">Rund um Brachwitz und entlang der Saale bleibt die Landschaft trotzdem noch \u00fcberwiegend sp\u00e4tsommerlich.<\/p>\n\n\n\n<p class=\"wp-block-paragraph\"><strong>\ud83c\udf20 Blick zum Himmel<\/strong><\/p>\n\n\n\n<p class=\"wp-block-paragraph\">F\u00fcr astronomische Beobachtungen k\u00f6nnte es heute Abend zeitweise brauchbare Bedingungen geben.<\/p>\n\n\n\n<p class=\"wp-block-paragraph\">Zwischen den Wolkenfeldern sind immer wieder gr\u00f6\u00dfere Auflockerungen m\u00f6glich. Mit Sonnenuntergang bereits kurz vor <strong>20 Uhr<\/strong> beginnt die Dunkelheit inzwischen deutlich fr\u00fcher.<\/p>\n\n\n\n<p class=\"wp-block-paragraph\">Das macht l\u00e4ngere Beobachtungen mit dem Teleskop wieder angenehmer.<\/p>\n\n\n\n<p class=\"wp-block-paragraph\">Entscheidend wird heute Abend allerdings die lokale Bew\u00f6lkung sein \u2013 ein Blick nach drau\u00dfen lohnt sich also.<\/p>\n\n\n\n<p class=\"wp-block-paragraph\"><strong>\ud83d\udccd Hossis Wetterfazit<\/strong><\/p>\n\n\n\n<p class=\"wp-block-paragraph\"><strong>Der meteorologische Herbst startet ziemlich angenehm. \ud83c\udf24\ufe0f\ud83c\udf42<\/strong><\/p>\n\n\n\n<p class=\"wp-block-paragraph\">Mit rund <strong>22 \u00b0C<\/strong> bekommen wir heute weder gro\u00dfe Hitze noch einen echten K\u00e4lteeinbruch. Stattdessen erwartet uns ein typischer \u00dcbergangstag mit <strong>Sonne, Wolken und einzelnen m\u00f6glichen Schauern<\/strong>.<\/p>\n\n\n\n<p class=\"wp-block-paragraph\">Der Westwind bleibt sp\u00fcrbar, insgesamt bietet der Dienstag aber durchaus viele brauchbare Stunden f\u00fcr Aktivit\u00e4ten drau\u00dfen.<\/p>\n\n\n\n<p class=\"wp-block-paragraph\"><strong>Mein Tipp f\u00fcr Brachwitz:<\/strong> Eine leichte Jacke f\u00fcr den Morgen und einen kleinen Regenschirm f\u00fcr unterwegs \u2013 am Nachmittag d\u00fcrfte man beides zeitweise nicht brauchen. \ud83c\udf24\ufe0f<\/p>\n\n\n\n<p class=\"wp-block-paragraph\">Und damit hei\u00dft es heute offiziell:<\/p>\n\n\n\n<p class=\"wp-block-paragraph\"><strong>Willkommen im meteorologischen Herbst 2026! \ud83c\udf42<\/strong><\/p>\n\n\n\n<p class=\"wp-block-paragraph\"><strong>\ud83d\udcf7 Meteogramm:<\/strong> Norwegisches Wetterinstitut (yr.no)<br><strong>\ud83c\udf26\ufe0f Wetterlage und Warninformationen:<\/strong> Deutscher Wetterdienst (DWD)<br><strong>\ud83d\udccd Region:<\/strong> Brachwitz \u2013 Wettin-L\u00f6bej\u00fcn \u2013 Saalekreis \u2013 Halle (Saale)<\/p>\n","protected":false},"excerpt":{"rendered":"<p>Dienstag, 1. September 2026 \ud83c\udf3e Blick aus Brachwitz Guten Morgen aus Brachwitz! Heute beginnt nicht nur ein neuer Monat, sondern auch der meteorologische Herbst. Und tats\u00e4chlich zeigt sich das Wetter etwas weniger sommerlich als zuletzt. Der Morgen startet in Brachwitz <span class=\"excerpt-dots\">&hellip;<\/span> <a class=\"more-link\" href=\"https:\/\/www.hossi-im-netz.de\/wordpress\/wettervorhersage-fuer-brachwitz-wettin-loebejuen-den-saalekreis-und-halle-saale-01-09-2026\/\"><span class=\"more-msg\">Weiterlesen &rarr;<\/span><\/a><\/p>\n","protected":false},"author":1,"featured_media":0,"comment_status":"open","ping_status":"closed","sticky":false,"template":"","format":"standard","meta":{"_exactmetrics_skip_tracking":false,"_exactmetrics_sitenote_active":false,"_exactmetrics_sitenote_note":"","_exactmetrics_sitenote_category":0,"_jetpack_newsletter_access":"","_jetpack_dont_email_post_to_subs":false,"_jetpack_newsletter_tier_id":0,"_jetpack_memberships_contains_paywalled_content":false,"_jetpack_feature_clip_id":0,"_jetpack_memberships_contains_paid_content":false,"footnotes":"","jetpack_publicize_message":"","jetpack_publicize_feature_enabled":true,"jetpack_social_post_already_shared":true,"jetpack_social_options":{"image_generator_settings":{"template":"highway","default_image_id":0,"font":"","enabled":false},"version":2},"jetpack_post_was_ever_published":false},"categories":[37],"tags":[],"yst_prominent_words":[5499,2851,5709,1410,2208,5689,4793,3675],"class_list":["post-25429","post","type-post","status-publish","format-standard","hentry","category-wetterblog"],"jetpack_publicize_connections":[],"jetpack_featured_media_url":"","jetpack_sharing_enabled":true,"jetpack_shortlink":"https:\/\/wp.me\/p5DnIb-6C9","jetpack-related-posts":[],"jetpack_likes_enabled":true,"_links":{"self":[{"href":"https:\/\/www.hossi-im-netz.de\/wordpress\/wp-json\/wp\/v2\/posts\/25429","targetHints":{"allow":["GET"]}}],"collection":[{"href":"https:\/\/www.hossi-im-netz.de\/wordpress\/wp-json\/wp\/v2\/posts"}],"about":[{"href":"https:\/\/www.hossi-im-netz.de\/wordpress\/wp-json\/wp\/v2\/types\/post"}],"author":[{"embeddable":true,"href":"https:\/\/www.hossi-im-netz.de\/wordpress\/wp-json\/wp\/v2\/users\/1"}],"replies":[{"embeddable":true,"href":"https:\/\/www.hossi-im-netz.de\/wordpress\/wp-json\/wp\/v2\/comments?post=25429"}],"version-history":[{"count":1,"href":"https:\/\/www.hossi-im-netz.de\/wordpress\/wp-json\/wp\/v2\/posts\/25429\/revisions"}],"predecessor-version":[{"id":25431,"href":"https:\/\/www.hossi-im-netz.de\/wordpress\/wp-json\/wp\/v2\/posts\/25429\/revisions\/25431"}],"wp:attachment":[{"href":"https:\/\/www.hossi-im-netz.de\/wordpress\/wp-json\/wp\/v2\/media?parent=25429"}],"wp:term":[{"taxonomy":"category","embeddable":true,"href":"https:\/\/www.hossi-im-netz.de\/wordpress\/wp-json\/wp\/v2\/categories?post=25429"},{"taxonomy":"post_tag","embeddable":true,"href":"https:\/\/www.hossi-im-netz.de\/wordpress\/wp-json\/wp\/v2\/tags?post=25429"},{"taxonomy":"yst_prominent_words","embeddable":true,"href":"https:\/\/www.hossi-im-netz.de\/wordpress\/wp-json\/wp\/v2\/yst_prominent_words?post=25429"}],"curies":[{"name":"wp","href":"https:\/\/api.w.org\/{rel}","templated":true}]}}