{"id":25432,"date":"2026-09-01T20:10:35","date_gmt":"2026-09-01T18:10:35","guid":{"rendered":"https:\/\/www.hossi-im-netz.de\/wordpress\/?p=25432"},"modified":"2026-09-01T20:10:37","modified_gmt":"2026-09-01T18:10:37","slug":"brachwitzer-wetterjournal-august-2026","status":"publish","type":"post","link":"https:\/\/www.hossi-im-netz.de\/wordpress\/brachwitzer-wetterjournal-august-2026\/","title":{"rendered":"Brachwitzer Wetterjournal \u2013 August 2026"},"content":{"rendered":"\n<p class=\"wp-block-paragraph\"><\/p>\n\n\n\n<h1 class=\"wp-block-heading\"><\/h1>\n\n\n\n<h2 class=\"wp-block-heading\">Zwischen Hochsommer, Regenbogen und st\u00fcrmischem Finale<\/h2>\n\n\n\n<p class=\"wp-block-paragraph\"><strong>36,5 \u00b0C H\u00f6chsttemperatur \u00b7 22 Sommertage \u00b7 37,4 l\/m\u00b2 Regen \u00b7 83,7 km\/h st\u00e4rkste B\u00f6e<\/strong><\/p>\n\n\n\n<p class=\"wp-block-paragraph\">Der August 2026 zeigte in Brachwitz viele Gesichter des Sommers. Sonnige Hochsommertage und eine ausgepr\u00e4gte Hitzephase wechselten sich mit k\u00fchleren Abschnitten, Niederschlag und Wetterwechseln ab. Am Monatsende setzte kr\u00e4ftiger Wind schlie\u00dflich einen markanten Schlusspunkt.<\/p>\n\n\n\n<p class=\"wp-block-paragraph\">Mit einer Mitteltemperatur von&nbsp;<strong>19,92 \u00b0C<\/strong>&nbsp;lag der Monat&nbsp;<strong>2,22 K \u00fcber dem f\u00fcr August hinterlegten Normalwert von 17,70 \u00b0C<\/strong>. Gleichzeitig blieb es mit&nbsp;<strong>37,4 l\/m\u00b2 Niederschlag<\/strong>&nbsp;deutlich zu trocken. Bemerkenswert waren au\u00dferdem&nbsp;<strong>349 Stunden und 15 Minuten Sonnenschein<\/strong>.<\/p>\n\n\n\n<p class=\"wp-block-paragraph\">Und auch optisch hatte der Monat einiges zu bieten: Ein eindrucksvoller Regenbogen \u00fcber der Landschaft bei Brachwitz liefert das passende Bild f\u00fcr einen August zwischen Sonne und Regen.<\/p>\n\n\n\n<hr class=\"wp-block-separator has-alpha-channel-opacity\"\/>\n\n\n\n<h2 class=\"wp-block-heading\">\ud83c\udf21\ufe0f Der Monat in Zahlen<\/h2>\n\n\n\n<figure class=\"wp-block-table\"><table class=\"has-fixed-layout\"><thead><tr><th>Wetterwert<\/th><th>August 2026<\/th><\/tr><\/thead><tbody><tr><td>Durchschnittstemperatur<\/td><td><strong>19,92 \u00b0C<\/strong><\/td><\/tr><tr><td>Abweichung<\/td><td><strong>+2,22 K<\/strong><\/td><\/tr><tr><td>H\u00f6chsttemperatur<\/td><td><strong>36,5 \u00b0C<\/strong><\/td><\/tr><tr><td>Tiefsttemperatur<\/td><td><strong>6,7 \u00b0C<\/strong><\/td><\/tr><tr><td>\u00d8 Tagesmaximum<\/td><td><strong>27,3 \u00b0C<\/strong><\/td><\/tr><tr><td>\u00d8 Tagesminimum<\/td><td><strong>12,7 \u00b0C<\/strong><\/td><\/tr><tr><td>Warme Tage \u2265 20 \u00b0C<\/td><td><strong>30<\/strong><\/td><\/tr><tr><td>Sommertage \u2265 25 \u00b0C<\/td><td><strong>22<\/strong><\/td><\/tr><tr><td>Hei\u00dfe Tage \u2265 30 \u00b0C<\/td><td><strong>8<\/strong><\/td><\/tr><tr><td>Niederschlag<\/td><td><strong>37,4 l\/m\u00b2<\/strong><\/td><\/tr><tr><td>Regentage<\/td><td><strong>13<\/strong><\/td><\/tr><tr><td>Sonnenschein<\/td><td><strong>349:15 h<\/strong><\/td><\/tr><tr><td>st\u00e4rkste Windb\u00f6e<\/td><td><strong>83,7 km\/h<\/strong><\/td><\/tr><\/tbody><\/table><\/figure>\n\n\n\n<p class=\"wp-block-paragraph\">Damit erreichten\u00a0<strong>30 der 31 Augusttage mindestens 20 \u00b0C<\/strong>. An 22 Tagen wurden mindestens 25 \u00b0C erreicht, achtmal stieg die Temperatur sogar auf mindestens 30 \u00b0C.<\/p>\n\n\n\n<figure class=\"wp-block-image size-full\"><img loading=\"lazy\" decoding=\"async\" width=\"1021\" height=\"581\" data-attachment-id=\"25433\" data-permalink=\"https:\/\/www.hossi-im-netz.de\/wordpress\/brachwitzer-wetterjournal-august-2026\/m202608\/\" data-orig-file=\"https:\/\/www.hossi-im-netz.de\/wordpress\/wp-content\/uploads\/2026\/09\/m202608.gif\" data-orig-size=\"1021,581\" data-comments-opened=\"1\" data-image-meta=\"{&quot;aperture&quot;:&quot;0&quot;,&quot;credit&quot;:&quot;&quot;,&quot;camera&quot;:&quot;&quot;,&quot;caption&quot;:&quot;&quot;,&quot;created_timestamp&quot;:&quot;0&quot;,&quot;copyright&quot;:&quot;&quot;,&quot;focal_length&quot;:&quot;0&quot;,&quot;iso&quot;:&quot;0&quot;,&quot;shutter_speed&quot;:&quot;0&quot;,&quot;title&quot;:&quot;&quot;,&quot;orientation&quot;:&quot;0&quot;,&quot;alt&quot;:&quot;&quot;}\" data-image-title=\"m202608\" data-image-description=\"\" data-image-caption=\"\" data-large-file=\"https:\/\/www.hossi-im-netz.de\/wordpress\/wp-content\/uploads\/2026\/09\/m202608.gif\" src=\"https:\/\/www.hossi-im-netz.de\/wordpress\/wp-content\/uploads\/2026\/09\/m202608.gif\" alt=\"\" class=\"wp-image-25433\"\/><\/figure>\n\n\n\n<p class=\"wp-block-paragraph\"><\/p>\n\n\n\n<hr class=\"wp-block-separator has-alpha-channel-opacity\"\/>\n\n\n\n<h2 class=\"wp-block-heading\">\ud83c\udf21\ufe0f Temperatur \u2013 Hochsommer mit deutlichen Gegens\u00e4tzen<\/h2>\n\n\n\n<p class=\"wp-block-paragraph\">Mit&nbsp;<strong>19,92 \u00b0C<\/strong>&nbsp;war der August in Brachwitz deutlich w\u00e4rmer als der hinterlegte Normalwert von 17,70 \u00b0C. Die positive Abweichung betrug&nbsp;<strong>2,22 Kelvin<\/strong>.<\/p>\n\n\n\n<p class=\"wp-block-paragraph\">Das Temperaturmaximum wurde am\u00a0<strong>15. August um 15:16 Uhr mit 36,5 \u00b0C<\/strong>\u00a0registriert. Nur neun Tage sp\u00e4ter zeigte der Monat seine andere Seite: Am\u00a0<strong>24. August um 05:39 Uhr<\/strong>\u00a0sank die Temperatur auf lediglich\u00a0<strong>6,7 \u00b0C<\/strong>. Innerhalb des Monats lag zwischen den beiden Extremwerten damit eine Spanne von fast 30 Grad.\u00a0<\/p>\n\n\n\n<p class=\"wp-block-paragraph\">Besonders eindrucksvoll war die Hitze um die Monatsmitte. Bereits am 14. August herrschte sonniges und trockenes Hochsommerwetter; am folgenden Tag erreichte die Station schlie\u00dflich das Monatsmaximum. Gleichzeitig k\u00fcndigte sich bereits ein Luftmassenwechsel mit deutlich k\u00fchlerer Luft an.&nbsp;<a href=\"https:\/\/www.hossi-im-netz.de\/wordpress\/wettervorhersage-fuer-brachwitz-wettin-loebejuen-den-saalekreis-und-halle-saale-14-08-2026\/?utm_source=chatgpt.com\">Hossi im Netz<\/a><\/p>\n\n\n\n<hr class=\"wp-block-separator has-alpha-channel-opacity\"\/>\n\n\n\n<h2 class=\"wp-block-heading\">\u2600\ufe0f Ein ausgesprochen sonniger August<\/h2>\n\n\n\n<p class=\"wp-block-paragraph\">WSWin weist f\u00fcr den August&nbsp;<strong>349 Stunden und 15 Minuten Sonnenschein<\/strong>&nbsp;aus. Der h\u00f6chste Tageswert lag bei&nbsp;<strong>13 Stunden und 10 Minuten am 5. August<\/strong>. Die maximale Solarstrahlung erreichte am 7. August&nbsp;<strong>1.129 W\/m\u00b2<\/strong>.&nbsp;minmax202608.htmHTM<\/p>\n\n\n\n<p class=\"wp-block-paragraph\">Die Sonnenscheingrafik zeigt sehr sch\u00f6n, dass sonniges Wetter nicht auf eine einzelne Sch\u00f6nwetterperiode beschr\u00e4nkt blieb. \u00dcber weite Teile des Monats wurden hohe Tageswerte registriert.<\/p>\n\n\n\n<figure class=\"wp-block-image size-full\"><img loading=\"lazy\" decoding=\"async\" width=\"1021\" height=\"549\" data-attachment-id=\"25434\" data-permalink=\"https:\/\/www.hossi-im-netz.de\/wordpress\/brachwitzer-wetterjournal-august-2026\/m202608st\/\" data-orig-file=\"https:\/\/www.hossi-im-netz.de\/wordpress\/wp-content\/uploads\/2026\/09\/m202608st.gif\" data-orig-size=\"1021,549\" data-comments-opened=\"1\" data-image-meta=\"{&quot;aperture&quot;:&quot;0&quot;,&quot;credit&quot;:&quot;&quot;,&quot;camera&quot;:&quot;&quot;,&quot;caption&quot;:&quot;&quot;,&quot;created_timestamp&quot;:&quot;0&quot;,&quot;copyright&quot;:&quot;&quot;,&quot;focal_length&quot;:&quot;0&quot;,&quot;iso&quot;:&quot;0&quot;,&quot;shutter_speed&quot;:&quot;0&quot;,&quot;title&quot;:&quot;&quot;,&quot;orientation&quot;:&quot;0&quot;,&quot;alt&quot;:&quot;&quot;}\" data-image-title=\"m202608st\" data-image-description=\"\" data-image-caption=\"\" data-large-file=\"https:\/\/www.hossi-im-netz.de\/wordpress\/wp-content\/uploads\/2026\/09\/m202608st.gif\" src=\"https:\/\/www.hossi-im-netz.de\/wordpress\/wp-content\/uploads\/2026\/09\/m202608st.gif\" alt=\"\" class=\"wp-image-25434\"\/><\/figure>\n\n\n\n<hr class=\"wp-block-separator has-alpha-channel-opacity\"\/>\n\n\n\n<h2 class=\"wp-block-heading\">\ud83c\udf27\ufe0f Zu wenig Regen \u2013 trotz 13 Regentagen<\/h2>\n\n\n\n<p class=\"wp-block-paragraph\">Interessant ist der Blick auf den Niederschlag. An&nbsp;<strong>13 Tagen<\/strong>&nbsp;registrierte die Station Niederschlag, die Gesamtmenge erreichte dennoch lediglich&nbsp;<strong>37,4 l\/m\u00b2<\/strong>.<\/p>\n\n\n\n<p class=\"wp-block-paragraph\">Der f\u00fcr August hinterlegte Normalwert betr\u00e4gt&nbsp;<strong>50,2 l\/m\u00b2<\/strong>. Damit wurden nur&nbsp;<strong>74,5 Prozent<\/strong>&nbsp;des Solls erreicht \u2013 es fehlten&nbsp;<strong>12,8 l\/m\u00b2<\/strong>&nbsp;beziehungsweise rund ein Viertel der \u00fcblichen Monatsmenge.&nbsp;minmax202608.htmHTM<\/p>\n\n\n\n<p class=\"wp-block-paragraph\">Die gr\u00f6\u00dfte Tagesmenge fiel ausgerechnet gleich zu Monatsbeginn: Am&nbsp;<strong>1. August wurden 12,8 l\/m\u00b2<\/strong>&nbsp;registriert. Viele der \u00fcbrigen Niederschlagsereignisse brachten dagegen nur geringe Mengen.&nbsp;minmax202608.htmHTM<\/p>\n\n\n\n<figure class=\"wp-block-image size-full\"><img loading=\"lazy\" decoding=\"async\" width=\"1021\" height=\"549\" data-attachment-id=\"25435\" data-permalink=\"https:\/\/www.hossi-im-netz.de\/wordpress\/brachwitzer-wetterjournal-august-2026\/m202608r\/\" data-orig-file=\"https:\/\/www.hossi-im-netz.de\/wordpress\/wp-content\/uploads\/2026\/09\/m202608r.gif\" data-orig-size=\"1021,549\" data-comments-opened=\"1\" data-image-meta=\"{&quot;aperture&quot;:&quot;0&quot;,&quot;credit&quot;:&quot;&quot;,&quot;camera&quot;:&quot;&quot;,&quot;caption&quot;:&quot;&quot;,&quot;created_timestamp&quot;:&quot;0&quot;,&quot;copyright&quot;:&quot;&quot;,&quot;focal_length&quot;:&quot;0&quot;,&quot;iso&quot;:&quot;0&quot;,&quot;shutter_speed&quot;:&quot;0&quot;,&quot;title&quot;:&quot;&quot;,&quot;orientation&quot;:&quot;0&quot;,&quot;alt&quot;:&quot;&quot;}\" data-image-title=\"m202608r\" data-image-description=\"\" data-image-caption=\"\" data-large-file=\"https:\/\/www.hossi-im-netz.de\/wordpress\/wp-content\/uploads\/2026\/09\/m202608r.gif\" src=\"https:\/\/www.hossi-im-netz.de\/wordpress\/wp-content\/uploads\/2026\/09\/m202608r.gif\" alt=\"\" class=\"wp-image-25435\"\/><\/figure>\n\n\n\n<p class=\"wp-block-paragraph\">Das ist ein sch\u00f6nes Beispiel daf\u00fcr, warum die Zahl der Regentage allein wenig \u00fcber die tats\u00e4chliche Wasserversorgung aussagt:&nbsp;<strong>13 Regentage k\u00f6nnen nach viel klingen \u2013 37,4 l\/m\u00b2 Monatsniederschlag sind dennoch vergleichsweise wenig.<\/strong><\/p>\n\n\n\n<hr class=\"wp-block-separator has-alpha-channel-opacity\"\/>\n\n\n\n<h2 class=\"wp-block-heading\">\ud83d\udca8 Ein st\u00fcrmischer Abschied vom August<\/h2>\n\n\n\n<p class=\"wp-block-paragraph\">Den spektakul\u00e4rsten Messwert hob sich der August f\u00fcr seinen letzten Abend auf.<\/p>\n\n\n\n<p class=\"wp-block-paragraph\">Am&nbsp;<strong>31. August um 19:25 Uhr<\/strong>&nbsp;registrierte die Wetterstation eine Windgeschwindigkeit von&nbsp;<strong>51,1 km\/h<\/strong>. Gleichzeitig erreichte eine B\u00f6e aus S\u00fcdwest&nbsp;<strong>83,7 km\/h<\/strong>.<\/p>\n\n\n\n<p class=\"wp-block-paragraph\">Die mittlere Windgeschwindigkeit des Monats betrug 5,9 km\/h, der Windlauf summierte sich auf&nbsp;<strong>4.417 Kilometer<\/strong>.&nbsp;minmax202608.htmHTM<\/p>\n\n\n\n<p class=\"wp-block-paragraph\">Das Ereignis kam nicht v\u00f6llig \u00fcberraschend. F\u00fcr den letzten Augusttag war vor kr\u00e4ftigem S\u00fcdwest- bis Westwind sowie m\u00f6glichen Schauern und Gewittern gewarnt worden. Tats\u00e4chlich fiel die an der Wetterstation gemessene Spitzenb\u00f6e mit 83,7 km\/h sogar st\u00e4rker aus als die zuvor f\u00fcr die Region genannten typischen Warnwerte.&nbsp;<a href=\"https:\/\/www.hossi-im-netz.de\/wordpress\/wettervorhersage-fuer-brachwitz-wettin-loebejuen-den-saalekreis-und-halle-saale-31-08-2026\/?utm_source=chatgpt.com\">Hossi im Netz<\/a><\/p>\n\n\n\n<p class=\"wp-block-paragraph\">Besonders bemerkenswert: Der bisherige Stationsrekord liegt bei&nbsp;<strong>90,1 km\/h vom 21. Oktober 2021<\/strong>. Die Augustb\u00f6e erreichte damit rund&nbsp;<strong>93 Prozent des absoluten Rekordwertes<\/strong>&nbsp;der Wetterstation.<\/p>\n\n\n\n<figure class=\"wp-block-image size-full\"><img loading=\"lazy\" decoding=\"async\" width=\"1021\" height=\"549\" data-attachment-id=\"25436\" data-permalink=\"https:\/\/www.hossi-im-netz.de\/wordpress\/brachwitzer-wetterjournal-august-2026\/m202608w\/\" data-orig-file=\"https:\/\/www.hossi-im-netz.de\/wordpress\/wp-content\/uploads\/2026\/09\/m202608w.gif\" data-orig-size=\"1021,549\" data-comments-opened=\"1\" data-image-meta=\"{&quot;aperture&quot;:&quot;0&quot;,&quot;credit&quot;:&quot;&quot;,&quot;camera&quot;:&quot;&quot;,&quot;caption&quot;:&quot;&quot;,&quot;created_timestamp&quot;:&quot;0&quot;,&quot;copyright&quot;:&quot;&quot;,&quot;focal_length&quot;:&quot;0&quot;,&quot;iso&quot;:&quot;0&quot;,&quot;shutter_speed&quot;:&quot;0&quot;,&quot;title&quot;:&quot;&quot;,&quot;orientation&quot;:&quot;0&quot;,&quot;alt&quot;:&quot;&quot;}\" data-image-title=\"m202608w\" data-image-description=\"\" data-image-caption=\"\" data-large-file=\"https:\/\/www.hossi-im-netz.de\/wordpress\/wp-content\/uploads\/2026\/09\/m202608w.gif\" src=\"https:\/\/www.hossi-im-netz.de\/wordpress\/wp-content\/uploads\/2026\/09\/m202608w.gif\" alt=\"\" class=\"wp-image-25436\"\/><\/figure>\n\n\n\n<figure class=\"wp-block-image size-full\"><img loading=\"lazy\" decoding=\"async\" width=\"1021\" height=\"549\" data-attachment-id=\"25437\" data-permalink=\"https:\/\/www.hossi-im-netz.de\/wordpress\/brachwitzer-wetterjournal-august-2026\/m202608wb\/\" data-orig-file=\"https:\/\/www.hossi-im-netz.de\/wordpress\/wp-content\/uploads\/2026\/09\/m202608wb.gif\" data-orig-size=\"1021,549\" data-comments-opened=\"1\" data-image-meta=\"{&quot;aperture&quot;:&quot;0&quot;,&quot;credit&quot;:&quot;&quot;,&quot;camera&quot;:&quot;&quot;,&quot;caption&quot;:&quot;&quot;,&quot;created_timestamp&quot;:&quot;0&quot;,&quot;copyright&quot;:&quot;&quot;,&quot;focal_length&quot;:&quot;0&quot;,&quot;iso&quot;:&quot;0&quot;,&quot;shutter_speed&quot;:&quot;0&quot;,&quot;title&quot;:&quot;&quot;,&quot;orientation&quot;:&quot;0&quot;,&quot;alt&quot;:&quot;&quot;}\" data-image-title=\"m202608wb\" data-image-description=\"\" data-image-caption=\"\" data-large-file=\"https:\/\/www.hossi-im-netz.de\/wordpress\/wp-content\/uploads\/2026\/09\/m202608wb.gif\" src=\"https:\/\/www.hossi-im-netz.de\/wordpress\/wp-content\/uploads\/2026\/09\/m202608wb.gif\" alt=\"\" class=\"wp-image-25437\"\/><\/figure>\n\n\n\n<figure class=\"wp-block-image size-full\"><img loading=\"lazy\" decoding=\"async\" width=\"592\" height=\"408\" data-attachment-id=\"25438\" data-permalink=\"https:\/\/www.hossi-im-netz.de\/wordpress\/brachwitzer-wetterjournal-august-2026\/ddis_f_m202608\/\" data-orig-file=\"https:\/\/www.hossi-im-netz.de\/wordpress\/wp-content\/uploads\/2026\/09\/ddis_f_m202608.gif\" data-orig-size=\"592,408\" data-comments-opened=\"1\" data-image-meta=\"{&quot;aperture&quot;:&quot;0&quot;,&quot;credit&quot;:&quot;&quot;,&quot;camera&quot;:&quot;&quot;,&quot;caption&quot;:&quot;&quot;,&quot;created_timestamp&quot;:&quot;0&quot;,&quot;copyright&quot;:&quot;&quot;,&quot;focal_length&quot;:&quot;0&quot;,&quot;iso&quot;:&quot;0&quot;,&quot;shutter_speed&quot;:&quot;0&quot;,&quot;title&quot;:&quot;&quot;,&quot;orientation&quot;:&quot;0&quot;,&quot;alt&quot;:&quot;&quot;}\" data-image-title=\"ddis_f_m202608\" data-image-description=\"\" data-image-caption=\"\" data-large-file=\"https:\/\/www.hossi-im-netz.de\/wordpress\/wp-content\/uploads\/2026\/09\/ddis_f_m202608.gif\" src=\"https:\/\/www.hossi-im-netz.de\/wordpress\/wp-content\/uploads\/2026\/09\/ddis_f_m202608.gif\" alt=\"\" class=\"wp-image-25438\"\/><\/figure>\n\n\n\n<p class=\"wp-block-paragraph\"><\/p>\n\n\n\n<p class=\"wp-block-paragraph\"><\/p>\n\n\n\n<p class=\"wp-block-paragraph\"><\/p>\n\n\n\n<hr class=\"wp-block-separator has-alpha-channel-opacity\"\/>\n\n\n\n<h2 class=\"wp-block-heading\">\ud83d\udca7 Von sehr trockener bis sehr feuchter Luft<\/h2>\n\n\n\n<p class=\"wp-block-paragraph\">Auch bei der Luftfeuchtigkeit zeigte der August gro\u00dfe Unterschiede. Das Minimum lag bei lediglich&nbsp;<strong>21 % am 14. August<\/strong>, w\u00e4hrend am Morgen des 4. August&nbsp;<strong>97 %<\/strong>&nbsp;erreicht wurden. Der Monatsdurchschnitt betrug 71 %.&nbsp;minmax202608.htmHTM<\/p>\n\n\n\n<p class=\"wp-block-paragraph\">Beim Taupunkt reichte die Spanne von&nbsp;<strong>5,6 \u00b0C am 24. August<\/strong>&nbsp;bis zu bemerkenswerten&nbsp;<strong>24,3 \u00b0C am 4. August<\/strong>. Der durchschnittliche Taupunkt lag bei 13,8 \u00b0C.&nbsp;minmax202608.htmHTM<\/p>\n\n\n\n<p class=\"wp-block-paragraph\">Gerade der Taupunkt zeigt sehr sch\u00f6n, wie unterschiedlich sich sommerliche W\u00e4rme anf\u00fchlen kann: Trockene Hitze und feucht-schw\u00fcle Luft k\u00f6nnen bei \u00e4hnlichen Temperaturen v\u00f6llig unterschiedlich wahrgenommen werden.<\/p>\n\n\n\n<p class=\"wp-block-paragraph\"><\/p>\n\n\n\n<hr class=\"wp-block-separator has-alpha-channel-opacity\"\/>\n\n\n\n<h1 class=\"wp-block-heading\">\ud83d\udcc5 Die Wetterchronik des August 2026<\/h1>\n\n\n\n<p class=\"wp-block-paragraph\">Der&nbsp;<strong>Monatsbeginn<\/strong>&nbsp;verlief zun\u00e4chst wechselhaft und brachte gleich am 1. August die gr\u00f6\u00dfte Tagesniederschlagsmenge des gesamten Monats.<\/p>\n\n\n\n<p class=\"wp-block-paragraph\">In der Zeit um den&nbsp;<strong>11. und 12. August<\/strong>&nbsp;setzte sich freundliches und trockenes Sommerwetter durch. Der 12. August wurde dabei zu einem ganz besonderen Tag: Die g\u00fcnstigen Wetterbedingungen erm\u00f6glichten in Brachwitz die Beobachtung der partiellen Sonnenfinsternis. Viel Sonne, kaum Bew\u00f6lkung und trockenes Wetter sorgten f\u00fcr ausgesprochen gute Voraussetzungen.&nbsp;<a href=\"https:\/\/www.hossi-im-netz.de\/wordpress\/wettervorhersage-fuer-brachwitz-wettin-loebejuen-den-saalekreis-und-halle-saale-11-08-2026\/?utm_source=chatgpt.com\">Hossi im Netz<\/a><\/p>\n\n\n\n<p class=\"wp-block-paragraph\">Zur&nbsp;<strong>Monatsmitte<\/strong>&nbsp;folgte die hei\u00dfeste Phase. Am 14. August herrschte bereits ausgepr\u00e4gtes Hochsommerwetter; am 15. August wurden schlie\u00dflich&nbsp;<strong>36,5 \u00b0C<\/strong>&nbsp;gemessen. Anschlie\u00dfend leitete ein Luftmassenwechsel einen deutlichen Temperaturr\u00fcckgang ein.&nbsp;<a href=\"https:\/\/www.hossi-im-netz.de\/wordpress\/wettervorhersage-fuer-brachwitz-wettin-loebejuen-den-saalekreis-und-halle-saale-14-08-2026\/?utm_source=chatgpt.com\">Hossi im Netz<\/a><\/p>\n\n\n\n<p class=\"wp-block-paragraph\">Am&nbsp;<strong>24. August<\/strong>&nbsp;folgte mit nur&nbsp;<strong>6,7 \u00b0C<\/strong>&nbsp;der k\u00fchlste Morgen des gesamten Monats. Danach meldete sich der Sp\u00e4tsommer noch einmal zur\u00fcck. Ende August gelangte erneut warme, zunehmend feuchte Luft in die Region, bevor die Atmosph\u00e4re wieder unbest\u00e4ndiger wurde.&nbsp;<a href=\"https:\/\/www.hossi-im-netz.de\/wordpress\/wetterblog\/?utm_source=chatgpt.com\">Hossi im Netz<\/a><\/p>\n\n\n\n<p class=\"wp-block-paragraph\">Der&nbsp;<strong>31. August<\/strong>&nbsp;verabschiedete schlie\u00dflich nicht nur den Monat, sondern auch den meteorologischen Sommer ausgesprochen turbulent. Schauer, m\u00f6gliche Gewitter und kr\u00e4ftiger S\u00fcdwestwind bestimmten die Wetterlage. Um 19:25 Uhr registrierte die Wetterstation die Monatsb\u00f6e von&nbsp;<strong>83,7 km\/h<\/strong>.&nbsp;<a href=\"https:\/\/www.hossi-im-netz.de\/wordpress\/wettervorhersage-fuer-brachwitz-wettin-loebejuen-den-saalekreis-und-halle-saale-31-08-2026\/?utm_source=chatgpt.com\">Hossi im Netz<\/a><\/p>\n\n\n\n<hr class=\"wp-block-separator has-alpha-channel-opacity\"\/>\n\n\n\n<h1 class=\"wp-block-heading\">\ud83d\udcca Klima-Check: August 2026<\/h1>\n\n\n\n<p class=\"wp-block-paragraph\">Eine besonders interessante Erg\u00e4nzung liefern deine Langzeitstatistiken seit Beginn der Wetteraufzeichnungen 2009.<\/p>\n\n\n\n<p class=\"wp-block-paragraph\">Der August 2026 war mit&nbsp;<strong>19,92 \u00b0C<\/strong>&nbsp;deutlich w\u00e4rmer als der f\u00fcr diesen Monat verwendete Normalwert von 17,70 \u00b0C. Die Abweichung von&nbsp;<strong>+2,22 K<\/strong>&nbsp;geh\u00f6rt damit zu den auff\u00e4lligen Merkmalen des Monats.&nbsp;minmax202608.htmHTM<\/p>\n\n\n\n<p class=\"wp-block-paragraph\">Auch die Zahl der Sommertage unterstreicht den Charakter des Monats:&nbsp;<strong>22 Sommertage und acht hei\u00dfe Tage allein im August<\/strong>&nbsp;trugen wesentlich zur hohen Sommerbilanz 2026 bei.<\/p>\n\n\n\n<p class=\"wp-block-paragraph\">Nach Abschluss des August weist deine aktualisierte Langzeitgrafik f\u00fcr&nbsp;<strong>2026 insgesamt bereits 114 warme Tage, 67 Sommertage und 26 hei\u00dfe Tage<\/strong>&nbsp;aus.<\/p>\n\n\n\n<p class=\"wp-block-paragraph\">Beim Niederschlag bleibt 2026 dagegen bislang auf der trockenen Seite. Bis Ende August zeigt die Langzeitgrafik eine Jahressumme von rund&nbsp;<strong>268,8 l\/m\u00b2<\/strong>.<\/p>\n\n\n\n<p class=\"wp-block-paragraph\">Interessant ist au\u00dferdem der bisherige Temperaturverlauf des Gesamtjahres: Die Langzeitgrafik weist f\u00fcr Januar bis August 2026 aktuell einen Mittelwert von rund&nbsp;<strong>11,8 \u00b0C<\/strong>&nbsp;aus. Damit lohnt es sich besonders, die weitere Entwicklung im Herbst zu verfolgen.<\/p>\n\n\n\n<figure class=\"wp-block-image size-full\"><img loading=\"lazy\" decoding=\"async\" width=\"1008\" height=\"451\" data-attachment-id=\"25439\" data-permalink=\"https:\/\/www.hossi-im-netz.de\/wordpress\/brachwitzer-wetterjournal-august-2026\/long_temp\/\" data-orig-file=\"https:\/\/www.hossi-im-netz.de\/wordpress\/wp-content\/uploads\/2026\/09\/long_temp.gif\" data-orig-size=\"1008,451\" data-comments-opened=\"1\" data-image-meta=\"{&quot;aperture&quot;:&quot;0&quot;,&quot;credit&quot;:&quot;&quot;,&quot;camera&quot;:&quot;&quot;,&quot;caption&quot;:&quot;&quot;,&quot;created_timestamp&quot;:&quot;0&quot;,&quot;copyright&quot;:&quot;&quot;,&quot;focal_length&quot;:&quot;0&quot;,&quot;iso&quot;:&quot;0&quot;,&quot;shutter_speed&quot;:&quot;0&quot;,&quot;title&quot;:&quot;&quot;,&quot;orientation&quot;:&quot;0&quot;,&quot;alt&quot;:&quot;&quot;}\" data-image-title=\"long_temp\" data-image-description=\"\" data-image-caption=\"\" data-large-file=\"https:\/\/www.hossi-im-netz.de\/wordpress\/wp-content\/uploads\/2026\/09\/long_temp.gif\" src=\"https:\/\/www.hossi-im-netz.de\/wordpress\/wp-content\/uploads\/2026\/09\/long_temp.gif\" alt=\"\" class=\"wp-image-25439\"\/><\/figure>\n\n\n\n<figure class=\"wp-block-image size-full\"><img loading=\"lazy\" decoding=\"async\" width=\"1008\" height=\"451\" data-attachment-id=\"25440\" data-permalink=\"https:\/\/www.hossi-im-netz.de\/wordpress\/brachwitzer-wetterjournal-august-2026\/long_rain\/\" data-orig-file=\"https:\/\/www.hossi-im-netz.de\/wordpress\/wp-content\/uploads\/2026\/09\/long_rain.gif\" data-orig-size=\"1008,451\" data-comments-opened=\"1\" data-image-meta=\"{&quot;aperture&quot;:&quot;0&quot;,&quot;credit&quot;:&quot;&quot;,&quot;camera&quot;:&quot;&quot;,&quot;caption&quot;:&quot;&quot;,&quot;created_timestamp&quot;:&quot;0&quot;,&quot;copyright&quot;:&quot;&quot;,&quot;focal_length&quot;:&quot;0&quot;,&quot;iso&quot;:&quot;0&quot;,&quot;shutter_speed&quot;:&quot;0&quot;,&quot;title&quot;:&quot;&quot;,&quot;orientation&quot;:&quot;0&quot;,&quot;alt&quot;:&quot;&quot;}\" data-image-title=\"long_rain\" data-image-description=\"\" data-image-caption=\"\" data-large-file=\"https:\/\/www.hossi-im-netz.de\/wordpress\/wp-content\/uploads\/2026\/09\/long_rain.gif\" src=\"https:\/\/www.hossi-im-netz.de\/wordpress\/wp-content\/uploads\/2026\/09\/long_rain.gif\" alt=\"\" class=\"wp-image-25440\"\/><\/figure>\n\n\n\n<figure class=\"wp-block-image size-full\"><img loading=\"lazy\" decoding=\"async\" width=\"1008\" height=\"451\" data-attachment-id=\"25441\" data-permalink=\"https:\/\/www.hossi-im-netz.de\/wordpress\/brachwitzer-wetterjournal-august-2026\/long_warmday\/\" data-orig-file=\"https:\/\/www.hossi-im-netz.de\/wordpress\/wp-content\/uploads\/2026\/09\/long_warmday.gif\" data-orig-size=\"1008,451\" data-comments-opened=\"1\" data-image-meta=\"{&quot;aperture&quot;:&quot;0&quot;,&quot;credit&quot;:&quot;&quot;,&quot;camera&quot;:&quot;&quot;,&quot;caption&quot;:&quot;&quot;,&quot;created_timestamp&quot;:&quot;0&quot;,&quot;copyright&quot;:&quot;&quot;,&quot;focal_length&quot;:&quot;0&quot;,&quot;iso&quot;:&quot;0&quot;,&quot;shutter_speed&quot;:&quot;0&quot;,&quot;title&quot;:&quot;&quot;,&quot;orientation&quot;:&quot;0&quot;,&quot;alt&quot;:&quot;&quot;}\" data-image-title=\"long_warmday\" data-image-description=\"\" data-image-caption=\"\" data-large-file=\"https:\/\/www.hossi-im-netz.de\/wordpress\/wp-content\/uploads\/2026\/09\/long_warmday.gif\" src=\"https:\/\/www.hossi-im-netz.de\/wordpress\/wp-content\/uploads\/2026\/09\/long_warmday.gif\" alt=\"\" class=\"wp-image-25441\"\/><\/figure>\n\n\n\n<p class=\"wp-block-paragraph\"><\/p>\n\n\n\n<p class=\"wp-block-paragraph\"><\/p>\n\n\n\n<p class=\"wp-block-paragraph\"><\/p>\n\n\n\n<hr class=\"wp-block-separator has-alpha-channel-opacity\"\/>\n\n\n\n<h1 class=\"wp-block-heading\">\ud83c\udfc6 Rekord-Check<\/h1>\n\n\n\n<p class=\"wp-block-paragraph\">Der August stellte nach den vorliegenden Langzeitdaten&nbsp;<strong>keinen neuen absoluten Stationsrekord<\/strong>&nbsp;auf \u2013 kam bei den Windb\u00f6en aber bemerkenswert nahe heran.<\/p>\n\n\n\n<p class=\"wp-block-paragraph\">Der absolute Temperaturrekord der Wetterstation liegt bei&nbsp;<strong>39,9 \u00b0C vom 27. Juni 2026<\/strong>. Mit 36,5 \u00b0C blieb der August darunter.<\/p>\n\n\n\n<p class=\"wp-block-paragraph\">Noch enger wurde es beim Wind:&nbsp;<strong>83,7 km\/h am 31. August<\/strong>&nbsp;standen dem Stationsrekord von&nbsp;<strong>90,1 km\/h vom 21. Oktober 2021<\/strong>&nbsp;gegen\u00fcber.<\/p>\n\n\n\n<p class=\"wp-block-paragraph\">Damit erreichte die st\u00e4rkste Augustb\u00f6e etwa&nbsp;<strong>93 % des bisherigen Stationsrekords<\/strong>.<\/p>\n\n\n\n<hr class=\"wp-block-separator has-alpha-channel-opacity\"\/>\n\n\n\n<h1 class=\"wp-block-heading\">\ud83c\udf08 Wetterwissen des Monats: Wie entsteht ein Regenbogen?<\/h1>\n\n\n\n<p class=\"wp-block-paragraph\">Das Bild des Monats liefert diesmal gleichzeitig unser Wetterthema.<\/p>\n\n\n\n<p class=\"wp-block-paragraph\">Ein Regenbogen entsteht, wenn&nbsp;<strong>Sonnenlicht auf Regentropfen trifft<\/strong>. Beim Eintritt in einen Tropfen wird das Licht gebrochen, im Tropfen reflektiert und beim Austritt erneut gebrochen. Dabei zerlegt sich das urspr\u00fcnglich wei\u00df erscheinende Sonnenlicht in seine verschiedenen Farben.<\/p>\n\n\n\n<p class=\"wp-block-paragraph\">Deshalb braucht man f\u00fcr einen Regenbogen eine ganz bestimmte Konstellation:&nbsp;<strong>Sonne auf der einen Seite \u2013 Regentropfen auf der gegen\u00fcberliegenden Seite.<\/strong>&nbsp;Der Beobachter steht gewisserma\u00dfen dazwischen und blickt vom Sonnenstand weg in Richtung des Niederschlags.<\/p>\n\n\n\n<p class=\"wp-block-paragraph\">Und auf unserem Augustfoto gibt es noch etwas Besonderes zu entdecken:<\/p>\n\n\n\n<p class=\"wp-block-paragraph\"><strong>Neben dem kr\u00e4ftigen Hauptregenbogen ist rechts ein wesentlich schw\u00e4cherer zweiter Regenbogen erkennbar.<\/strong><\/p>\n\n\n\n<p class=\"wp-block-paragraph\">Beim sogenannten Nebenregenbogen wird das Licht innerhalb der Regentropfen zweimal reflektiert. Dadurch ist er lichtschw\u00e4cher \u2013 und die Reihenfolge seiner Farben ist gegen\u00fcber dem Hauptregenbogen umgekehrt.<\/p>\n\n\n\n<hr class=\"wp-block-separator has-alpha-channel-opacity\"\/>\n\n\n\n<h1 class=\"wp-block-heading\">\ud83d\udcf7 Bild des Monats<\/h1>\n\n\n\n<figure class=\"wp-block-image size-large\"><img loading=\"lazy\" decoding=\"async\" width=\"1024\" height=\"768\" data-attachment-id=\"25442\" data-permalink=\"https:\/\/www.hossi-im-netz.de\/wordpress\/brachwitzer-wetterjournal-august-2026\/benutzeranhang-1\/\" data-orig-file=\"https:\/\/www.hossi-im-netz.de\/wordpress\/wp-content\/uploads\/2026\/09\/Benutzeranhang-1.jpeg\" data-orig-size=\"1536,1152\" data-comments-opened=\"1\" data-image-meta=\"{&quot;aperture&quot;:&quot;0&quot;,&quot;credit&quot;:&quot;&quot;,&quot;camera&quot;:&quot;&quot;,&quot;caption&quot;:&quot;&quot;,&quot;created_timestamp&quot;:&quot;0&quot;,&quot;copyright&quot;:&quot;&quot;,&quot;focal_length&quot;:&quot;0&quot;,&quot;iso&quot;:&quot;0&quot;,&quot;shutter_speed&quot;:&quot;0&quot;,&quot;title&quot;:&quot;&quot;,&quot;orientation&quot;:&quot;1&quot;,&quot;alt&quot;:&quot;&quot;}\" data-image-title=\"Benutzeranhang (1)\" data-image-description=\"\" data-image-caption=\"\" data-large-file=\"https:\/\/www.hossi-im-netz.de\/wordpress\/wp-content\/uploads\/2026\/09\/Benutzeranhang-1-1024x768.jpeg\" src=\"https:\/\/www.hossi-im-netz.de\/wordpress\/wp-content\/uploads\/2026\/09\/Benutzeranhang-1-1024x768.jpeg\" alt=\"\" class=\"wp-image-25442\" srcset=\"https:\/\/www.hossi-im-netz.de\/wordpress\/wp-content\/uploads\/2026\/09\/Benutzeranhang-1-1024x768.jpeg 1024w, https:\/\/www.hossi-im-netz.de\/wordpress\/wp-content\/uploads\/2026\/09\/Benutzeranhang-1-300x225.jpeg 300w, https:\/\/www.hossi-im-netz.de\/wordpress\/wp-content\/uploads\/2026\/09\/Benutzeranhang-1-768x576.jpeg 768w, https:\/\/www.hossi-im-netz.de\/wordpress\/wp-content\/uploads\/2026\/09\/Benutzeranhang-1.jpeg 1536w\" sizes=\"auto, (max-width: 1024px) 100vw, 1024px\" \/><\/figure>\n\n\n\n<h3 class=\"wp-block-heading\">Doppelter Regenbogen \u00fcber Brachwitz<\/h3>\n\n\n\n<p class=\"wp-block-paragraph\">Ein eindrucksvoller Regenbogen spannt sich im warmen Licht \u00fcber die Landschaft bei Brachwitz. Rechts neben dem kr\u00e4ftigen Hauptbogen l\u00e4sst sich sogar ein schwacher zweiter Regenbogen erkennen.<\/p>\n\n\n\n<p class=\"wp-block-paragraph\">Das Motiv passt hervorragend zum August 2026: Sonne, W\u00e4rme, Feuchtigkeit und Wetterwechsel vereint in einem einzigen Augenblick.<\/p>\n\n\n\n<hr class=\"wp-block-separator has-alpha-channel-opacity\"\/>\n\n\n\n<h1 class=\"wp-block-heading\">\ud83d\udccd Hossis Wetterfazit<\/h1>\n\n\n\n<p class=\"wp-block-paragraph\">Der August 2026 war in Brachwitz ein&nbsp;<strong>warmer und ausgesprochen sommerlicher Monat<\/strong>, ohne dabei durchgehend gleichf\u00f6rmig zu verlaufen.<\/p>\n\n\n\n<p class=\"wp-block-paragraph\">Mit&nbsp;<strong>19,92 \u00b0C Monatsmittel und einer Abweichung von +2,22 K<\/strong>&nbsp;war es deutlich w\u00e4rmer als der hinterlegte Normalwert. 22 Sommertage und acht hei\u00dfe Tage zeigen, wie pr\u00e4sent der Hochsommer blieb.<\/p>\n\n\n\n<p class=\"wp-block-paragraph\">Gleichzeitig fiel mit&nbsp;<strong>37,4 l\/m\u00b2 nur etwa drei Viertel der normalen Niederschlagsmenge<\/strong>. Bemerkenswert waren au\u00dferdem die gro\u00dfen Gegens\u00e4tze zwischen&nbsp;<strong>36,5 \u00b0C Hitze am 15. August und nur 6,7 \u00b0C am Morgen des 24. August<\/strong>.<\/p>\n\n\n\n<p class=\"wp-block-paragraph\">Der 12. August bescherte Brachwitz mit hervorragenden Bedingungen zur Sonnenfinsternis einen besonderen astronomischen H\u00f6hepunkt. Und schlie\u00dflich setzte der 31. August mit einer&nbsp;<strong>83,7-km\/h-B\u00f6e<\/strong>&nbsp;einen ausgesprochen turbulenten Schlusspunkt.<\/p>\n\n\n\n<p class=\"wp-block-paragraph\">Der Regenbogen unseres Monatsfotos k\u00f6nnte deshalb kaum besser passen:&nbsp;<strong>Der August 2026 war sonnig, warm und trocken \u2013 hatte aber auch gen\u00fcgend Wetterwechsel im Gep\u00e4ck, um immer wieder f\u00fcr \u00dcberraschungen zu sorgen.<\/strong><\/p>\n\n\n\n<hr class=\"wp-block-separator has-alpha-channel-opacity\"\/>\n\n\n\n<p class=\"wp-block-paragraph\"><strong>Brachwitzer Wetterjournal<\/strong><br><em>Monatliche Wetter- und Klimachronik der Wetterstation Brachwitz<\/em><\/p>\n\n\n\n<p class=\"wp-block-paragraph\"><strong>Wetter beobachten. Klima verstehen. Brachwitz erleben.<\/strong><\/p>\n\n\n\n<p class=\"wp-block-paragraph\"><em>Messdaten: Wetterstation Brachwitz \/ WSWin \u00b7 Messreihe seit 2009<\/em><\/p>\n","protected":false},"excerpt":{"rendered":"<p>Zwischen Hochsommer, Regenbogen und st\u00fcrmischem Finale 36,5 \u00b0C H\u00f6chsttemperatur \u00b7 22 Sommertage \u00b7 37,4 l\/m\u00b2 Regen \u00b7 83,7 km\/h st\u00e4rkste B\u00f6e Der August 2026 zeigte in Brachwitz viele Gesichter des Sommers. Sonnige Hochsommertage und eine ausgepr\u00e4gte Hitzephase wechselten sich mit <span class=\"excerpt-dots\">&hellip;<\/span> <a class=\"more-link\" href=\"https:\/\/www.hossi-im-netz.de\/wordpress\/brachwitzer-wetterjournal-august-2026\/\"><span class=\"more-msg\">Weiterlesen &rarr;<\/span><\/a><\/p>\n","protected":false},"author":1,"featured_media":0,"comment_status":"open","ping_status":"closed","sticky":false,"template":"","format":"standard","meta":{"_exactmetrics_skip_tracking":false,"_exactmetrics_sitenote_active":false,"_exactmetrics_sitenote_note":"","_exactmetrics_sitenote_category":0,"_jetpack_newsletter_access":"","_jetpack_dont_email_post_to_subs":false,"_jetpack_newsletter_tier_id":0,"_jetpack_memberships_contains_paywalled_content":false,"_jetpack_feature_clip_id":0,"_jetpack_memberships_contains_paid_content":false,"footnotes":"","jetpack_publicize_message":"","jetpack_publicize_feature_enabled":true,"jetpack_social_post_already_shared":true,"jetpack_social_options":{"image_generator_settings":{"template":"highway","default_image_id":0,"font":"","enabled":false},"version":2},"jetpack_post_was_ever_published":false},"categories":[37],"tags":[],"yst_prominent_words":[5499],"class_list":["post-25432","post","type-post","status-publish","format-standard","hentry","category-wetterblog"],"jetpack_publicize_connections":[],"jetpack_featured_media_url":"","jetpack_sharing_enabled":true,"jetpack_shortlink":"https:\/\/wp.me\/p5DnIb-6Cc","jetpack-related-posts":[],"jetpack_likes_enabled":true,"_links":{"self":[{"href":"https:\/\/www.hossi-im-netz.de\/wordpress\/wp-json\/wp\/v2\/posts\/25432","targetHints":{"allow":["GET"]}}],"collection":[{"href":"https:\/\/www.hossi-im-netz.de\/wordpress\/wp-json\/wp\/v2\/posts"}],"about":[{"href":"https:\/\/www.hossi-im-netz.de\/wordpress\/wp-json\/wp\/v2\/types\/post"}],"author":[{"embeddable":true,"href":"https:\/\/www.hossi-im-netz.de\/wordpress\/wp-json\/wp\/v2\/users\/1"}],"replies":[{"embeddable":true,"href":"https:\/\/www.hossi-im-netz.de\/wordpress\/wp-json\/wp\/v2\/comments?post=25432"}],"version-history":[{"count":1,"href":"https:\/\/www.hossi-im-netz.de\/wordpress\/wp-json\/wp\/v2\/posts\/25432\/revisions"}],"predecessor-version":[{"id":25443,"href":"https:\/\/www.hossi-im-netz.de\/wordpress\/wp-json\/wp\/v2\/posts\/25432\/revisions\/25443"}],"wp:attachment":[{"href":"https:\/\/www.hossi-im-netz.de\/wordpress\/wp-json\/wp\/v2\/media?parent=25432"}],"wp:term":[{"taxonomy":"category","embeddable":true,"href":"https:\/\/www.hossi-im-netz.de\/wordpress\/wp-json\/wp\/v2\/categories?post=25432"},{"taxonomy":"post_tag","embeddable":true,"href":"https:\/\/www.hossi-im-netz.de\/wordpress\/wp-json\/wp\/v2\/tags?post=25432"},{"taxonomy":"yst_prominent_words","embeddable":true,"href":"https:\/\/www.hossi-im-netz.de\/wordpress\/wp-json\/wp\/v2\/yst_prominent_words?post=25432"}],"curies":[{"name":"wp","href":"https:\/\/api.w.org\/{rel}","templated":true}]}}