{"id":25447,"date":"2026-09-02T04:46:32","date_gmt":"2026-09-02T02:46:32","guid":{"rendered":"https:\/\/www.hossi-im-netz.de\/wordpress\/?p=25447"},"modified":"2026-09-02T04:46:33","modified_gmt":"2026-09-02T02:46:33","slug":"wettervorhersage-fuer-brachwitz-wettin-loebejuen-den-saalekreis-und-halle-saale-02-09-2026","status":"publish","type":"post","link":"https:\/\/www.hossi-im-netz.de\/wordpress\/wettervorhersage-fuer-brachwitz-wettin-loebejuen-den-saalekreis-und-halle-saale-02-09-2026\/","title":{"rendered":"Wettervorhersage f\u00fcr Brachwitz, Wettin-L\u00f6bej\u00fcn, den Saalekreis und Halle (Saale) 02.09.2026"},"content":{"rendered":"\n<p class=\"wp-block-paragraph\"><strong>Mittwoch, 2. September 2026<\/strong><\/p>\n\n\n\n<p class=\"wp-block-paragraph\"><strong>\ud83c\udf3e Blick aus Brachwitz<\/strong><\/p>\n\n\n\n<p class=\"wp-block-paragraph\"><strong>Guten Morgen aus Brachwitz!<\/strong><\/p>\n\n\n\n<p class=\"wp-block-paragraph\">Der Mittwoch beginnt ruhig und recht frisch. Am fr\u00fchen Morgen liegen die Temperaturen in Brachwitz bei etwa <strong>12 bis 13 \u00b0C<\/strong>, dazu ist der Himmel teilweise klar.<\/p>\n\n\n\n<p class=\"wp-block-paragraph\">Im Tagesverlauf wechseln sich <strong>Sonne und Wolken<\/strong> ab. Dabei bleibt es weitgehend trocken und die Temperaturen steigen am Nachmittag auf angenehme <strong>22 bis 23 \u00b0C<\/strong>.<\/p>\n\n\n\n<p class=\"wp-block-paragraph\">Nach den windigeren und wechselhafteren Tagen zuletzt erwartet uns damit heute ein ziemlich entspannter Fr\u00fchherbsttag.<\/p>\n\n\n\n<p class=\"wp-block-paragraph\"><strong>\ud83d\udcf7 Meteogramm des Norwegischen Wetterinstituts (yr.no)<\/strong><\/p>\n\n\n\n<figure class=\"wp-block-image size-large\"><img loading=\"lazy\" decoding=\"async\" width=\"1024\" height=\"537\" data-attachment-id=\"25448\" data-permalink=\"https:\/\/www.hossi-im-netz.de\/wordpress\/wettervorhersage-fuer-brachwitz-wettin-loebejuen-den-saalekreis-und-halle-saale-02-09-2026\/screenshot-871\/\" data-orig-file=\"https:\/\/www.hossi-im-netz.de\/wordpress\/wp-content\/uploads\/2026\/09\/IMG_2032.jpeg\" data-orig-size=\"1889,990\" data-comments-opened=\"1\" data-image-meta=\"{&quot;aperture&quot;:&quot;0&quot;,&quot;credit&quot;:&quot;&quot;,&quot;camera&quot;:&quot;&quot;,&quot;caption&quot;:&quot;Screenshot&quot;,&quot;created_timestamp&quot;:&quot;1788324105&quot;,&quot;copyright&quot;:&quot;&quot;,&quot;focal_length&quot;:&quot;0&quot;,&quot;iso&quot;:&quot;0&quot;,&quot;shutter_speed&quot;:&quot;0&quot;,&quot;title&quot;:&quot;Screenshot&quot;,&quot;orientation&quot;:&quot;1&quot;,&quot;alt&quot;:&quot;&quot;}\" data-image-title=\"Screenshot\" data-image-description=\"\" data-image-caption=\"&lt;p&gt;Screenshot&lt;\/p&gt;\n\" data-large-file=\"https:\/\/www.hossi-im-netz.de\/wordpress\/wp-content\/uploads\/2026\/09\/IMG_2032-1024x537.jpeg\" src=\"https:\/\/www.hossi-im-netz.de\/wordpress\/wp-content\/uploads\/2026\/09\/IMG_2032-1024x537.jpeg\" alt=\"\" class=\"wp-image-25448\" srcset=\"https:\/\/www.hossi-im-netz.de\/wordpress\/wp-content\/uploads\/2026\/09\/IMG_2032-1024x537.jpeg 1024w, https:\/\/www.hossi-im-netz.de\/wordpress\/wp-content\/uploads\/2026\/09\/IMG_2032-300x157.jpeg 300w, https:\/\/www.hossi-im-netz.de\/wordpress\/wp-content\/uploads\/2026\/09\/IMG_2032-768x402.jpeg 768w, https:\/\/www.hossi-im-netz.de\/wordpress\/wp-content\/uploads\/2026\/09\/IMG_2032-1536x805.jpeg 1536w, https:\/\/www.hossi-im-netz.de\/wordpress\/wp-content\/uploads\/2026\/09\/IMG_2032.jpeg 1889w\" sizes=\"auto, (max-width: 1024px) 100vw, 1024px\" \/><figcaption class=\"wp-element-caption\">Screenshot<\/figcaption><\/figure>\n\n\n\n<p class=\"wp-block-paragraph\"><strong>\ud83c\udf24\ufe0f Das Wetter heute<\/strong><\/p>\n\n\n\n<p class=\"wp-block-paragraph\">Am Vormittag ziehen einige Wolkenfelder \u00fcber die Region, dazwischen zeigt sich aber immer wieder die Sonne.<\/p>\n\n\n\n<p class=\"wp-block-paragraph\">Auch am Nachmittag bleibt es <strong>wolkig mit heiteren Abschnitten<\/strong>. Niederschlag ist kaum ein Thema \u2013 die Wahrscheinlichkeit f\u00fcr Regen liegt nur bei etwa <strong>20 Prozent<\/strong>.<\/p>\n\n\n\n<p class=\"wp-block-paragraph\">Die Temperaturen erreichen in Brachwitz ungef\u00e4hr <strong>22 bis 23 \u00b0C<\/strong>.<\/p>\n\n\n\n<p class=\"wp-block-paragraph\">Der Wind weht schwach aus <strong>West bis S\u00fcdwest<\/strong>. Mit etwa 5 bis 10 km\/h ist er heute deutlich weniger auff\u00e4llig als in den vergangenen Tagen.<\/p>\n\n\n\n<p class=\"wp-block-paragraph\"><strong>\ud83c\udf21 Wetterdaten f\u00fcr Brachwitz<\/strong><\/p>\n\n\n\n<figure class=\"wp-block-table\"><table class=\"has-fixed-layout\"><tbody><tr><td><strong>Wetterelement<\/strong><\/td><td><strong>Heute<\/strong><\/td><\/tr><tr><td>\ud83c\udf21 H\u00f6chsttemperatur<\/td><td><strong>ca. 22\u201323 \u00b0C<\/strong><\/td><\/tr><tr><td>\ud83c\udf19 Tiefsttemperatur<\/td><td><strong>ca. 12\u201313 \u00b0C<\/strong><\/td><\/tr><tr><td>\ud83c\udf24\ufe0f Wetter<\/td><td><strong>Wolken und sonnige Abschnitte<\/strong><\/td><\/tr><tr><td>\ud83c\udf27\ufe0f Niederschlag<\/td><td><strong>weitgehend trocken<\/strong><\/td><\/tr><tr><td>\ud83c\udf27\ufe0f Regenwahrscheinlichkeit<\/td><td><strong>ca. 20 %<\/strong><\/td><\/tr><tr><td>\ud83d\udca8 Wind<\/td><td><strong>West bis S\u00fcdwest, schwach<\/strong><\/td><\/tr><tr><td>\u2600\ufe0f Sonne<\/td><td><strong>mehrere freundliche Abschnitte<\/strong><\/td><\/tr><tr><td>\ud83c\udf21 W\u00e4rmegef\u00fchl<\/td><td><strong>angenehm mild<\/strong><\/td><\/tr><\/tbody><\/table><\/figure>\n\n\n\n<p class=\"wp-block-paragraph\"><strong>\u26a0\ufe0f Wetterwarnungen<\/strong><\/p>\n\n\n\n<p class=\"wp-block-paragraph\"><strong>F\u00fcr Wettin-L\u00f6bej\u00fcn und Brachwitz bestehen aktuell keine Wetterwarnungen.<\/strong><\/p>\n\n\n\n<p class=\"wp-block-paragraph\">Auch aus meteorologischer Sicht ist heute kein gr\u00f6\u00dferes Warnereignis zu erwarten.<\/p>\n\n\n\n<p class=\"wp-block-paragraph\">Die Gewitterneigung der vergangenen Tage ist abgeklungen. Starkregen, Sturm oder Gewitter spielen heute in unserer Region voraussichtlich keine Rolle.<\/p>\n\n\n\n<p class=\"wp-block-paragraph\">Damit bekommen wir einen der ruhigeren Wettertage dieser Woche.<\/p>\n\n\n\n<p class=\"wp-block-paragraph\"><strong>\ud83d\udd2e Ausblick auf Donnerstag<\/strong><\/p>\n\n\n\n<p class=\"wp-block-paragraph\">Am Donnerstag nimmt die Bew\u00f6lkung wieder zu.<\/p>\n\n\n\n<p class=\"wp-block-paragraph\">Die Temperaturen erreichen in Brachwitz ungef\u00e4hr <strong>22 bis 24 \u00b0C<\/strong>. Damit bleibt es weiterhin angenehm mild.<\/p>\n\n\n\n<p class=\"wp-block-paragraph\">Der S\u00fcdwestwind wird allerdings wieder deutlich lebhafter und kann zeitweise kr\u00e4ftig auffrischen.<\/p>\n\n\n\n<p class=\"wp-block-paragraph\">In der Nacht zum Donnerstag kann von Nordwesten etwas Regen aufziehen. Tags\u00fcber d\u00fcrfte es anschlie\u00dfend \u00fcberwiegend trocken bleiben.<\/p>\n\n\n\n<p class=\"wp-block-paragraph\">Noch w\u00e4rmer k\u00f6nnte es am <strong>Freitag<\/strong> werden: Aktuell sind f\u00fcr Brachwitz etwa <strong>25 bis 27 \u00b0C<\/strong> m\u00f6glich.<\/p>\n\n\n\n<p class=\"wp-block-paragraph\"><strong>\ud83c\udf05 Sonnenzeiten f\u00fcr Brachwitz<\/strong><\/p>\n\n\n\n<p class=\"wp-block-paragraph\">\ud83c\udf04 <strong>Sonnenaufgang:<\/strong> ca. <strong>06:26 Uhr<\/strong><br>\ud83c\udf07 <strong>Sonnenuntergang:<\/strong> ca. <strong>19:56 Uhr<\/strong><br>\u2600\ufe0f <strong>Tagesl\u00e4nge:<\/strong> rund <strong>13 Stunden und 30 Minuten<\/strong><\/p>\n\n\n\n<p class=\"wp-block-paragraph\">Jetzt geht es schnell: Innerhalb weniger Tage verlieren wir rund eine Viertelstunde Tageslicht.<\/p>\n\n\n\n<p class=\"wp-block-paragraph\">Besonders am Abend ist inzwischen deutlich zu merken, dass wir im September angekommen sind.<\/p>\n\n\n\n<p class=\"wp-block-paragraph\"><strong>\ud83c\udf3f Naturbeobachtung des Tages<\/strong><\/p>\n\n\n\n<p class=\"wp-block-paragraph\"><strong>\ud83d\udca7 Die Zeit des Morgentaus beginnt<\/strong><\/p>\n\n\n\n<p class=\"wp-block-paragraph\">Mit l\u00e4ngeren N\u00e4chten und Temperaturen um <strong>12 \u00b0C<\/strong> wird morgens wieder h\u00e4ufiger Tau auf Wiesen, Autos und Pflanzen zu beobachten sein.<\/p>\n\n\n\n<p class=\"wp-block-paragraph\">Der Grund: W\u00e4hrend der l\u00e4ngeren Nacht k\u00f6nnen Oberfl\u00e4chen st\u00e4rker ausk\u00fchlen. Erreichen sie den sogenannten <strong>Taupunkt<\/strong>, kondensiert die Feuchtigkeit aus der Luft zu kleinen Wassertr\u00f6pfchen.<\/p>\n\n\n\n<p class=\"wp-block-paragraph\">Besonders auf den Wiesen entlang der Saale d\u00fcrfte dieses typische Fr\u00fchherbstph\u00e4nomen in den kommenden Wochen immer h\u00e4ufiger zu sehen sein.<\/p>\n\n\n\n<p class=\"wp-block-paragraph\"><strong>\ud83c\udf20 Blick zum Himmel<\/strong><\/p>\n\n\n\n<p class=\"wp-block-paragraph\">Heute Abend k\u00f6nnten sich durchaus brauchbare Beobachtungsfenster ergeben.<\/p>\n\n\n\n<p class=\"wp-block-paragraph\">Der Himmel bleibt zwar teilweise bew\u00f6lkt, zwischen den Wolkenfeldern sind aber gr\u00f6\u00dfere Auflockerungen m\u00f6glich.<\/p>\n\n\n\n<p class=\"wp-block-paragraph\">Der <strong>abnehmende Mond<\/strong> geht heute Abend gegen <strong>21:23 Uhr<\/strong> auf. Durch die inzwischen deutlich fr\u00fcher einsetzende Dunkelheit werden astronomische Beobachtungen wieder angenehmer.<\/p>\n\n\n\n<p class=\"wp-block-paragraph\">Wer heute das Teleskop aufbauen m\u00f6chte, sollte deshalb am Abend einen Blick auf die aktuelle Bew\u00f6lkung werfen.<\/p>\n\n\n\n<p class=\"wp-block-paragraph\"><strong>\ud83d\udccd Hossis Wetterfazit<\/strong><\/p>\n\n\n\n<p class=\"wp-block-paragraph\"><strong>Heute bekommen wir einen richtig angenehmen Fr\u00fchherbsttag. \ud83c\udf24\ufe0f<\/strong><\/p>\n\n\n\n<p class=\"wp-block-paragraph\">Nach einem frischen Start mit etwa <strong>12 bis 13 \u00b0C<\/strong> steigen die Temperaturen am Nachmittag auf <strong>22 bis 23 \u00b0C<\/strong>.<\/p>\n\n\n\n<p class=\"wp-block-paragraph\">Sonne und Wolken wechseln sich ab, Regen ist kaum ein Thema und auch der Wind h\u00e4lt sich heute angenehm zur\u00fcck.<\/p>\n\n\n\n<p class=\"wp-block-paragraph\"><strong>Mein Tipp f\u00fcr Brachwitz:<\/strong> Heute ist ein sehr guter Tag f\u00fcr Gartenarbeit, Fahrradtour oder einen Spaziergang entlang der Saale. \ud83d\udeb2\ud83c\udf3f<\/p>\n\n\n\n<p class=\"wp-block-paragraph\">Und wer noch einmal richtig sommerliche Temperaturen m\u00f6chte, sollte den <strong>Freitag im Blick behalten \u2013 dann k\u00f6nnten wieder 25 \u00b0C und mehr erreicht werden. \u2600\ufe0f<\/strong><\/p>\n\n\n\n<p class=\"wp-block-paragraph\"><strong>\ud83d\udcf7 Meteogramm:<\/strong> Norwegisches Wetterinstitut (yr.no)<br><strong>\ud83c\udf26\ufe0f Wetterlage und Warninformationen:<\/strong> Deutscher Wetterdienst (DWD)<br><strong>\ud83d\udccd Region:<\/strong> Brachwitz \u2013 Wettin-L\u00f6bej\u00fcn \u2013 Saalekreis \u2013 Halle (Saale)<\/p>\n","protected":false},"excerpt":{"rendered":"<p>Mittwoch, 2. September 2026 \ud83c\udf3e Blick aus Brachwitz Guten Morgen aus Brachwitz! Der Mittwoch beginnt ruhig und recht frisch. Am fr\u00fchen Morgen liegen die Temperaturen in Brachwitz bei etwa 12 bis 13 \u00b0C, dazu ist der Himmel teilweise klar. Im <span class=\"excerpt-dots\">&hellip;<\/span> <a class=\"more-link\" href=\"https:\/\/www.hossi-im-netz.de\/wordpress\/wettervorhersage-fuer-brachwitz-wettin-loebejuen-den-saalekreis-und-halle-saale-02-09-2026\/\"><span class=\"more-msg\">Weiterlesen &rarr;<\/span><\/a><\/p>\n","protected":false},"author":1,"featured_media":0,"comment_status":"open","ping_status":"closed","sticky":false,"template":"","format":"standard","meta":{"_exactmetrics_skip_tracking":false,"_exactmetrics_sitenote_active":false,"_exactmetrics_sitenote_note":"","_exactmetrics_sitenote_category":0,"_jetpack_newsletter_access":"","_jetpack_dont_email_post_to_subs":false,"_jetpack_newsletter_tier_id":0,"_jetpack_memberships_contains_paywalled_content":false,"_jetpack_feature_clip_id":0,"_jetpack_memberships_contains_paid_content":false,"footnotes":"","jetpack_publicize_message":"","jetpack_publicize_feature_enabled":true,"jetpack_social_post_already_shared":true,"jetpack_social_options":{"image_generator_settings":{"template":"highway","default_image_id":0,"font":"","enabled":false},"version":2},"jetpack_post_was_ever_published":false},"categories":[37],"tags":[],"yst_prominent_words":[5499,1410,4793,4641,12068],"class_list":["post-25447","post","type-post","status-publish","format-standard","hentry","category-wetterblog"],"jetpack_publicize_connections":[],"jetpack_featured_media_url":"","jetpack_sharing_enabled":true,"jetpack_shortlink":"https:\/\/wp.me\/p5DnIb-6Cr","jetpack-related-posts":[],"jetpack_likes_enabled":true,"_links":{"self":[{"href":"https:\/\/www.hossi-im-netz.de\/wordpress\/wp-json\/wp\/v2\/posts\/25447","targetHints":{"allow":["GET"]}}],"collection":[{"href":"https:\/\/www.hossi-im-netz.de\/wordpress\/wp-json\/wp\/v2\/posts"}],"about":[{"href":"https:\/\/www.hossi-im-netz.de\/wordpress\/wp-json\/wp\/v2\/types\/post"}],"author":[{"embeddable":true,"href":"https:\/\/www.hossi-im-netz.de\/wordpress\/wp-json\/wp\/v2\/users\/1"}],"replies":[{"embeddable":true,"href":"https:\/\/www.hossi-im-netz.de\/wordpress\/wp-json\/wp\/v2\/comments?post=25447"}],"version-history":[{"count":1,"href":"https:\/\/www.hossi-im-netz.de\/wordpress\/wp-json\/wp\/v2\/posts\/25447\/revisions"}],"predecessor-version":[{"id":25449,"href":"https:\/\/www.hossi-im-netz.de\/wordpress\/wp-json\/wp\/v2\/posts\/25447\/revisions\/25449"}],"wp:attachment":[{"href":"https:\/\/www.hossi-im-netz.de\/wordpress\/wp-json\/wp\/v2\/media?parent=25447"}],"wp:term":[{"taxonomy":"category","embeddable":true,"href":"https:\/\/www.hossi-im-netz.de\/wordpress\/wp-json\/wp\/v2\/categories?post=25447"},{"taxonomy":"post_tag","embeddable":true,"href":"https:\/\/www.hossi-im-netz.de\/wordpress\/wp-json\/wp\/v2\/tags?post=25447"},{"taxonomy":"yst_prominent_words","embeddable":true,"href":"https:\/\/www.hossi-im-netz.de\/wordpress\/wp-json\/wp\/v2\/yst_prominent_words?post=25447"}],"curies":[{"name":"wp","href":"https:\/\/api.w.org\/{rel}","templated":true}]}}