{"id":25450,"date":"2026-09-02T20:06:57","date_gmt":"2026-09-02T18:06:57","guid":{"rendered":"https:\/\/www.hossi-im-netz.de\/wordpress\/?p=25450"},"modified":"2026-09-02T20:06:59","modified_gmt":"2026-09-02T18:06:59","slug":"wetterthema-des-tages-02-09-2026","status":"publish","type":"post","link":"https:\/\/www.hossi-im-netz.de\/wordpress\/wetterthema-des-tages-02-09-2026\/","title":{"rendered":"Wetterthema des Tages &#8211; 02.09.2026"},"content":{"rendered":"\n<p class=\"wp-block-paragraph\">Wetterfronten \u2013 die Grenzbereiche zwischen unterschiedlichen Luftmassen<\/p>\n\n\n\n<figure class=\"wp-block-image size-large\"><img loading=\"lazy\" decoding=\"async\" width=\"1024\" height=\"576\" data-attachment-id=\"25451\" data-permalink=\"https:\/\/www.hossi-im-netz.de\/wordpress\/wetterthema-des-tages-02-09-2026\/1e4917fd-d9aa-4b9a-ba28-dbd952f51897\/\" data-orig-file=\"https:\/\/www.hossi-im-netz.de\/wordpress\/wp-content\/uploads\/2026\/09\/1E4917FD-D9AA-4B9A-BA28-DBD952F51897.png\" data-orig-size=\"1672,941\" data-comments-opened=\"1\" data-image-meta=\"{&quot;aperture&quot;:&quot;0&quot;,&quot;credit&quot;:&quot;&quot;,&quot;camera&quot;:&quot;&quot;,&quot;caption&quot;:&quot;&quot;,&quot;created_timestamp&quot;:&quot;0&quot;,&quot;copyright&quot;:&quot;&quot;,&quot;focal_length&quot;:&quot;0&quot;,&quot;iso&quot;:&quot;0&quot;,&quot;shutter_speed&quot;:&quot;0&quot;,&quot;title&quot;:&quot;&quot;,&quot;orientation&quot;:&quot;0&quot;,&quot;alt&quot;:&quot;&quot;}\" data-image-title=\"1E4917FD-D9AA-4B9A-BA28-DBD952F51897\" data-image-description=\"\" data-image-caption=\"\" data-large-file=\"https:\/\/www.hossi-im-netz.de\/wordpress\/wp-content\/uploads\/2026\/09\/1E4917FD-D9AA-4B9A-BA28-DBD952F51897-1024x576.png\" src=\"https:\/\/www.hossi-im-netz.de\/wordpress\/wp-content\/uploads\/2026\/09\/1E4917FD-D9AA-4B9A-BA28-DBD952F51897-1024x576.png\" alt=\"\" class=\"wp-image-25451\" srcset=\"https:\/\/www.hossi-im-netz.de\/wordpress\/wp-content\/uploads\/2026\/09\/1E4917FD-D9AA-4B9A-BA28-DBD952F51897-1024x576.png 1024w, https:\/\/www.hossi-im-netz.de\/wordpress\/wp-content\/uploads\/2026\/09\/1E4917FD-D9AA-4B9A-BA28-DBD952F51897-300x169.png 300w, https:\/\/www.hossi-im-netz.de\/wordpress\/wp-content\/uploads\/2026\/09\/1E4917FD-D9AA-4B9A-BA28-DBD952F51897-768x432.png 768w, https:\/\/www.hossi-im-netz.de\/wordpress\/wp-content\/uploads\/2026\/09\/1E4917FD-D9AA-4B9A-BA28-DBD952F51897-1536x864.png 1536w, https:\/\/www.hossi-im-netz.de\/wordpress\/wp-content\/uploads\/2026\/09\/1E4917FD-D9AA-4B9A-BA28-DBD952F51897.png 1672w\" sizes=\"auto, (max-width: 1024px) 100vw, 1024px\" \/><\/figure>\n\n\n\n<p class=\"wp-block-paragraph\">Auf Wetterkarten geh\u00f6ren rote Halbkreise und blaue Dreiecke zu den auff\u00e4lligsten Symbolen. Sie kennzeichnen Warm- und Kaltfronten und zeigen damit Bereiche an, in denen Luftmassen mit unterschiedlichen Eigenschaften aufeinandertreffen. Umgangssprachlich wird h\u00e4ufig von einer \u201eGrenzlinie\u201c gesprochen. Meteorologisch handelt es sich jedoch nicht um eine messerscharfe Trennwand, sondern um eine r\u00e4umliche \u00dcbergangszone, in der sich Temperatur, Feuchtigkeit, Wind und Luftdruck ver\u00e4ndern.<\/p>\n\n\n\n<p class=\"wp-block-paragraph\">Fronten geh\u00f6ren vor allem in den mittleren Breiten zu den wichtigsten Wetterproduzenten. Viele l\u00e4nger anhaltende Regengebiete, abrupte Temperatur\u00e4nderungen, Winddrehungen und manche Gewitterlage stehen unmittelbar mit ihnen in Verbindung. Besonders interessant ist, dass sich Warm- und Kaltfronten trotz ihres gemeinsamen Ursprungs sehr unterschiedlich bemerkbar machen k\u00f6nnen.<\/p>\n\n\n\n<p class=\"wp-block-paragraph\">Kernaussagen<\/p>\n\n\n\n<p class=\"wp-block-paragraph\">Eine Warmfront entsteht, wenn w\u00e4rmere Luft gegen eine k\u00e4ltere Luftmasse vorr\u00fcckt. Weil warme Luft eine geringere Dichte besitzt, gleitet sie vergleichsweise langsam \u00fcber die k\u00e4ltere Luft hinweg. Dieser Aufgleitvorgang beginnt h\u00e4ufig weit vor der eigentlichen Bodenfront. Deshalb kann sich eine Warmfront schon viele Stunden vorher durch eine charakteristische Abfolge zunehmend dichter werdender Wolken ank\u00fcndigen.<\/p>\n\n\n\n<p class=\"wp-block-paragraph\">Eine Kaltfront funktioniert anders. Hier r\u00fcckt dichtere kalte Luft vor und schiebt sich am Boden unter die w\u00e4rmere Luft. Die Warmluft wird dadurch wesentlich kr\u00e4ftiger angehoben. H\u00e4ufig entstehen Quellwolken, Schauer und \u2013 bei ausreichend instabiler Atmosph\u00e4re \u2013 Gewitter. Nach dem Frontdurchgang dreht oftmals der Wind und die Temperatur geht merklich zur\u00fcck.<\/p>\n\n\n\n<p class=\"wp-block-paragraph\">Eine dritte wichtige Frontart ist die Okklusion. Sie entsteht im Laufe der Entwicklung vieler Tiefdruckgebiete, wenn die schneller ziehende Kaltfront die vorauslaufende Warmfront einholt. Die warme Luft wird dabei zunehmend vom Boden abgehoben.<\/p>\n\n\n\n<p class=\"wp-block-paragraph\">Fronten erkl\u00e4ren deshalb einen erheblichen Teil der Wetterwechsel, die wir in Mitteleuropa erleben.<\/p>\n\n\n\n<p class=\"wp-block-paragraph\">Meteorologischer Hintergrund<\/p>\n\n\n\n<p class=\"wp-block-paragraph\">Die Atmosph\u00e4re versucht st\u00e4ndig, Temperaturunterschiede auszugleichen. Besonders gro\u00df sind diese Unterschiede zwischen den kalten Polarregionen und den w\u00e4rmeren subtropischen Gebieten.<\/p>\n\n\n\n<p class=\"wp-block-paragraph\">Dadurch entstehen gro\u00dfr\u00e4umige Luftstr\u00f6mungen. In den mittleren Breiten treffen immer wieder Luftmassen unterschiedlicher Herkunft aufeinander.<\/p>\n\n\n\n<p class=\"wp-block-paragraph\">Eine Luftmasse kann beispielsweise \u00fcber dem Nordatlantik entstanden sein und k\u00fchl sowie feucht sein. Eine andere stammt m\u00f6glicherweise aus subtropischen Regionen und besitzt deutlich h\u00f6here Temperaturen.<\/p>\n\n\n\n<p class=\"wp-block-paragraph\">Treffen solche Luftmassen aufeinander, vermischen sie sich nicht sofort vollst\u00e4ndig.<\/p>\n\n\n\n<p class=\"wp-block-paragraph\">Der \u00dcbergangsbereich kann sich \u00fcber hunderte oder sogar tausende Kilometer erstrecken. Gleichzeitig k\u00f6nnen innerhalb relativ kurzer Entfernungen deutliche Temperaturunterschiede auftreten.<\/p>\n\n\n\n<p class=\"wp-block-paragraph\">Entlang solcher Zonen k\u00f6nnen sich Tiefdruckgebiete entwickeln.<\/p>\n\n\n\n<p class=\"wp-block-paragraph\">Bei einem jungen Tief beginnt die urspr\u00fcnglich relativ geradlinige Luftmassengrenze wellenf\u00f6rmig auszuschlagen. Auf der Vorderseite des Tiefs wird warme Luft nach Norden gef\u00fchrt, w\u00e4hrend auf seiner R\u00fcckseite kalte Luft nach S\u00fcden str\u00f6mt.<\/p>\n\n\n\n<p class=\"wp-block-paragraph\">Dadurch entstehen Warm- und Kaltfront.<\/p>\n\n\n\n<p class=\"wp-block-paragraph\">Vor einer Warmfront gleitet die warme Luft sehr flach \u00fcber die davorliegende Kaltluft. Der Aufstieg erfolgt deshalb langsam und \u00fcber eine gro\u00dfe Entfernung.<\/p>\n\n\n\n<p class=\"wp-block-paragraph\">Die typische Wolkenentwicklung kann bereits weit vor der Front beginnen. Zun\u00e4chst erscheinen hohe Cirruswolken. Sp\u00e4ter folgen Cirrostratus und Altostratus. Schlie\u00dflich kann sich eine geschlossene Nimbostratusdecke entwickeln, aus der l\u00e4nger anhaltender Regen oder Schnee f\u00e4llt.<\/p>\n\n\n\n<p class=\"wp-block-paragraph\">Bei einer Kaltfront ist die Frontfl\u00e4che meist deutlich steiler.<\/p>\n\n\n\n<p class=\"wp-block-paragraph\">Die vorsto\u00dfende kalte Luft wirkt wie ein Keil und hebt die warme Luft vergleichsweise schnell an. Dadurch k\u00f6nnen kr\u00e4ftige vertikale Luftbewegungen entstehen.<\/p>\n\n\n\n<p class=\"wp-block-paragraph\">Statt ausgedehnter Schichtwolken treten deshalb h\u00e4ufiger Quellwolken auf. Bei entsprechender Feuchtigkeit und Instabilit\u00e4t entwickeln sich Cumulonimbuswolken mit Schauern und Gewittern.<\/p>\n\n\n\n<p class=\"wp-block-paragraph\">Nach dem Durchzug der Kaltfront gelangt k\u00fchlere Luft in das Gebiet.<\/p>\n\n\n\n<p class=\"wp-block-paragraph\">Doch damit endet der Lebenszyklus eines Tiefdruckgebietes noch nicht.<\/p>\n\n\n\n<p class=\"wp-block-paragraph\">Kaltfronten bewegen sich h\u00e4ufig schneller als Warmfronten. Im Laufe der Zeit n\u00e4hert sich die Kaltfront deshalb der Warmfront immer weiter an.<\/p>\n\n\n\n<p class=\"wp-block-paragraph\">Schlie\u00dflich holt sie diese ein.<\/p>\n\n\n\n<p class=\"wp-block-paragraph\">Die urspr\u00fcnglich zwischen beiden Fronten liegende warme Luft wird dabei vom Boden abgehoben. Am Boden treffen nun k\u00fchlere Luftmassen aufeinander.<\/p>\n\n\n\n<p class=\"wp-block-paragraph\">Diese neu entstandene Front bezeichnet man als Okklusion.<\/p>\n\n\n\n<p class=\"wp-block-paragraph\">Mit fortschreitender Okklusion verliert das Tief h\u00e4ufig einen wichtigen Teil seines Temperaturgegensatzes und damit langfristig auch einen Teil seiner Energie. Das Tief beginnt sich allm\u00e4hlich aufzuf\u00fcllen.<\/p>\n\n\n\n<p class=\"wp-block-paragraph\">Der gesamte Vorgang kann mehrere Tage dauern und sich \u00fcber weite Teile Europas erstrecken.<\/p>\n\n\n\n<p class=\"wp-block-paragraph\">Schon gewusst?<\/p>\n\n\n\n<p class=\"wp-block-paragraph\">Wetterfronten existieren nicht nur auf Wetterkarten.<\/p>\n\n\n\n<p class=\"wp-block-paragraph\">Manchmal kann man ihren Durchgang unmittelbar beobachten.<\/p>\n\n\n\n<p class=\"wp-block-paragraph\">Vor einer Warmfront wird die Wolkendecke h\u00e4ufig \u00fcber Stunden immer dichter. Gleichzeitig kann der Luftdruck fallen und der Wind allm\u00e4hlich seine Richtung ver\u00e4ndern. Nach dem Durchgang steigt die Temperatur oftmals an.<\/p>\n\n\n\n<p class=\"wp-block-paragraph\">Eine Kaltfront kann wesentlich spektakul\u00e4rer auftreten.<\/p>\n\n\n\n<p class=\"wp-block-paragraph\">An manchen Tagen erscheint am Horizont eine dunkle, scharf begrenzte Wolkenlinie. Kurz darauf frischt der Wind kr\u00e4ftig auf, die Temperatur f\u00e4llt innerhalb weniger Minuten und ein Schauer oder Gewitter zieht durch.<\/p>\n\n\n\n<p class=\"wp-block-paragraph\">Besonders spannend ist dabei die Winddrehung.<\/p>\n\n\n\n<p class=\"wp-block-paragraph\">Sie verr\u00e4t Meteorologen oft ebenso viel \u00fcber einen Frontdurchgang wie Temperatur oder Niederschlag.<\/p>\n\n\n\n<p class=\"wp-block-paragraph\">Eine Front ist deshalb weit mehr als eine rote oder blaue Linie auf einer Wetterkarte.<\/p>\n\n\n\n<p class=\"wp-block-paragraph\">Sie ist der sicht- und messbare Ausdruck davon, dass riesige Luftmassen unterschiedlicher Herkunft miteinander in Wechselwirkung treten \u2013 und geh\u00f6rt damit zu den wichtigsten Motoren unseres wechselhaften mitteleurop\u00e4ischen Wetters.<\/p>\n","protected":false},"excerpt":{"rendered":"<p>Wetterfronten \u2013 die Grenzbereiche zwischen unterschiedlichen Luftmassen Auf Wetterkarten geh\u00f6ren rote Halbkreise und blaue Dreiecke zu den auff\u00e4lligsten Symbolen. Sie kennzeichnen Warm- und Kaltfronten und zeigen damit Bereiche an, in denen Luftmassen mit unterschiedlichen Eigenschaften aufeinandertreffen. Umgangssprachlich wird h\u00e4ufig von <span class=\"excerpt-dots\">&hellip;<\/span> <a class=\"more-link\" href=\"https:\/\/www.hossi-im-netz.de\/wordpress\/wetterthema-des-tages-02-09-2026\/\"><span class=\"more-msg\">Weiterlesen &rarr;<\/span><\/a><\/p>\n","protected":false},"author":1,"featured_media":0,"comment_status":"open","ping_status":"closed","sticky":false,"template":"","format":"standard","meta":{"_exactmetrics_skip_tracking":false,"_exactmetrics_sitenote_active":false,"_exactmetrics_sitenote_note":"","_exactmetrics_sitenote_category":0,"_jetpack_newsletter_access":"","_jetpack_dont_email_post_to_subs":false,"_jetpack_newsletter_tier_id":0,"_jetpack_memberships_contains_paywalled_content":false,"_jetpack_feature_clip_id":0,"_jetpack_memberships_contains_paid_content":false,"footnotes":"","jetpack_publicize_message":"","jetpack_publicize_feature_enabled":true,"jetpack_social_post_already_shared":true,"jetpack_social_options":{"image_generator_settings":{"template":"highway","default_image_id":0,"font":"","enabled":false},"version":2},"jetpack_post_was_ever_published":false},"categories":[37],"tags":[],"yst_prominent_words":[1939,7740,3518,3078,5510,2220,6134,1629,3185,8040,4369,6637,5436],"class_list":["post-25450","post","type-post","status-publish","format-standard","hentry","category-wetterblog"],"jetpack_publicize_connections":[],"jetpack_featured_media_url":"","jetpack_sharing_enabled":true,"jetpack_shortlink":"https:\/\/wp.me\/p5DnIb-6Cu","jetpack-related-posts":[],"jetpack_likes_enabled":true,"_links":{"self":[{"href":"https:\/\/www.hossi-im-netz.de\/wordpress\/wp-json\/wp\/v2\/posts\/25450","targetHints":{"allow":["GET"]}}],"collection":[{"href":"https:\/\/www.hossi-im-netz.de\/wordpress\/wp-json\/wp\/v2\/posts"}],"about":[{"href":"https:\/\/www.hossi-im-netz.de\/wordpress\/wp-json\/wp\/v2\/types\/post"}],"author":[{"embeddable":true,"href":"https:\/\/www.hossi-im-netz.de\/wordpress\/wp-json\/wp\/v2\/users\/1"}],"replies":[{"embeddable":true,"href":"https:\/\/www.hossi-im-netz.de\/wordpress\/wp-json\/wp\/v2\/comments?post=25450"}],"version-history":[{"count":1,"href":"https:\/\/www.hossi-im-netz.de\/wordpress\/wp-json\/wp\/v2\/posts\/25450\/revisions"}],"predecessor-version":[{"id":25452,"href":"https:\/\/www.hossi-im-netz.de\/wordpress\/wp-json\/wp\/v2\/posts\/25450\/revisions\/25452"}],"wp:attachment":[{"href":"https:\/\/www.hossi-im-netz.de\/wordpress\/wp-json\/wp\/v2\/media?parent=25450"}],"wp:term":[{"taxonomy":"category","embeddable":true,"href":"https:\/\/www.hossi-im-netz.de\/wordpress\/wp-json\/wp\/v2\/categories?post=25450"},{"taxonomy":"post_tag","embeddable":true,"href":"https:\/\/www.hossi-im-netz.de\/wordpress\/wp-json\/wp\/v2\/tags?post=25450"},{"taxonomy":"yst_prominent_words","embeddable":true,"href":"https:\/\/www.hossi-im-netz.de\/wordpress\/wp-json\/wp\/v2\/yst_prominent_words?post=25450"}],"curies":[{"name":"wp","href":"https:\/\/api.w.org\/{rel}","templated":true}]}}