{"id":25454,"date":"2026-09-03T04:47:47","date_gmt":"2026-09-03T02:47:47","guid":{"rendered":"https:\/\/www.hossi-im-netz.de\/wordpress\/?p=25454"},"modified":"2026-09-03T04:47:49","modified_gmt":"2026-09-03T02:47:49","slug":"wettervorhersage-fuer-brachwitz-wettin-loebejuen-den-saalekreis-und-halle-saale-03-09-2026","status":"publish","type":"post","link":"https:\/\/www.hossi-im-netz.de\/wordpress\/wettervorhersage-fuer-brachwitz-wettin-loebejuen-den-saalekreis-und-halle-saale-03-09-2026\/","title":{"rendered":"Wettervorhersage f\u00fcr Brachwitz, Wettin-L\u00f6bej\u00fcn, den Saalekreis und Halle (Saale) 03.09.2026"},"content":{"rendered":"\n<p class=\"wp-block-paragraph\"><strong>Donnerstag, 3. September 2026<\/strong><\/p>\n\n\n\n<p class=\"wp-block-paragraph\"><strong>\ud83c\udf3e Blick aus Brachwitz<\/strong><\/p>\n\n\n\n<p class=\"wp-block-paragraph\"><strong>Guten Morgen aus Brachwitz!<\/strong><\/p>\n\n\n\n<p class=\"wp-block-paragraph\">Der Donnerstag beginnt recht k\u00fchl und stark bew\u00f6lkt. Am fr\u00fchen Morgen liegen die Temperaturen in Brachwitz bei etwa <strong>12 bis 14 \u00b0C<\/strong>.<\/p>\n\n\n\n<p class=\"wp-block-paragraph\">Im Laufe des Vormittags ziehen viele Wolken \u00fcber die Region. Einzelne Regenschauer sind m\u00f6glich, zwischendurch kann sich aber auch die Sonne zeigen.<\/p>\n\n\n\n<p class=\"wp-block-paragraph\">Am Nachmittag erreichen wir ungef\u00e4hr <strong>22 bis 24 \u00b0C<\/strong>. Auff\u00e4llig wird heute vor allem der zunehmend kr\u00e4ftige <strong>S\u00fcdwestwind<\/strong>.<\/p>\n\n\n\n<p class=\"wp-block-paragraph\">Au\u00dferdem steigt am Nachmittag und Abend das Risiko f\u00fcr einzelne kurze Gewitter.<\/p>\n\n\n\n<p class=\"wp-block-paragraph\"><strong>\ud83d\udcf7 Meteogramm des Norwegischen Wetterinstituts (yr.no)<\/strong><\/p>\n\n\n\n<figure class=\"wp-block-image size-large\"><img loading=\"lazy\" decoding=\"async\" width=\"1024\" height=\"531\" data-attachment-id=\"25456\" data-permalink=\"https:\/\/www.hossi-im-netz.de\/wordpress\/wettervorhersage-fuer-brachwitz-wettin-loebejuen-den-saalekreis-und-halle-saale-03-09-2026\/screenshot-872\/\" data-orig-file=\"https:\/\/www.hossi-im-netz.de\/wordpress\/wp-content\/uploads\/2026\/09\/IMG_2039.jpeg\" data-orig-size=\"1874,972\" data-comments-opened=\"1\" data-image-meta=\"{&quot;aperture&quot;:&quot;0&quot;,&quot;credit&quot;:&quot;&quot;,&quot;camera&quot;:&quot;&quot;,&quot;caption&quot;:&quot;Screenshot&quot;,&quot;created_timestamp&quot;:&quot;1788410703&quot;,&quot;copyright&quot;:&quot;&quot;,&quot;focal_length&quot;:&quot;0&quot;,&quot;iso&quot;:&quot;0&quot;,&quot;shutter_speed&quot;:&quot;0&quot;,&quot;title&quot;:&quot;Screenshot&quot;,&quot;orientation&quot;:&quot;1&quot;,&quot;alt&quot;:&quot;&quot;}\" data-image-title=\"Screenshot\" data-image-description=\"\" data-image-caption=\"&lt;p&gt;Screenshot&lt;\/p&gt;\n\" data-large-file=\"https:\/\/www.hossi-im-netz.de\/wordpress\/wp-content\/uploads\/2026\/09\/IMG_2039-1024x531.jpeg\" src=\"https:\/\/www.hossi-im-netz.de\/wordpress\/wp-content\/uploads\/2026\/09\/IMG_2039-1024x531.jpeg\" alt=\"\" class=\"wp-image-25456\" srcset=\"https:\/\/www.hossi-im-netz.de\/wordpress\/wp-content\/uploads\/2026\/09\/IMG_2039-1024x531.jpeg 1024w, https:\/\/www.hossi-im-netz.de\/wordpress\/wp-content\/uploads\/2026\/09\/IMG_2039-300x156.jpeg 300w, https:\/\/www.hossi-im-netz.de\/wordpress\/wp-content\/uploads\/2026\/09\/IMG_2039-768x398.jpeg 768w, https:\/\/www.hossi-im-netz.de\/wordpress\/wp-content\/uploads\/2026\/09\/IMG_2039-1536x797.jpeg 1536w, https:\/\/www.hossi-im-netz.de\/wordpress\/wp-content\/uploads\/2026\/09\/IMG_2039.jpeg 1874w\" sizes=\"auto, (max-width: 1024px) 100vw, 1024px\" \/><figcaption class=\"wp-element-caption\">Screenshot<\/figcaption><\/figure>\n\n\n\n<p class=\"wp-block-paragraph\"><strong>\ud83c\udf26\ufe0f Das Wetter heute<\/strong><\/p>\n\n\n\n<p class=\"wp-block-paragraph\">Der Vormittag pr\u00e4sentiert sich \u00fcberwiegend wolkig bis stark bew\u00f6lkt. Einzelne Schauer k\u00f6nnen durchziehen.<\/p>\n\n\n\n<p class=\"wp-block-paragraph\">Im weiteren Tagesverlauf gibt es auch einige freundlichere Abschnitte. Die Temperaturen steigen am Nachmittag auf etwa <strong>22 bis 24 \u00b0C<\/strong>.<\/p>\n\n\n\n<p class=\"wp-block-paragraph\">Der S\u00fcdwestwind nimmt dabei deutlich zu. Im normalen Tagesverlauf sind B\u00f6en um <strong>40 bis 55 km\/h<\/strong> m\u00f6glich.<\/p>\n\n\n\n<p class=\"wp-block-paragraph\">Interessant wird es besonders am Nachmittag und Abend: Der Deutsche Wetterdienst erwartet in Sachsen-Anhalt vereinzelt <strong>kurze Gewitter<\/strong>.<\/p>\n\n\n\n<p class=\"wp-block-paragraph\"><strong>\ud83c\udf21 Wetterdaten f\u00fcr Brachwitz<\/strong><\/p>\n\n\n\n<figure class=\"wp-block-table\"><table class=\"has-fixed-layout\"><tbody><tr><td><strong>Wetterelement<\/strong><\/td><td><strong>Heute<\/strong><\/td><\/tr><tr><td>\ud83c\udf21 H\u00f6chsttemperatur<\/td><td><strong>ca. 22\u201324 \u00b0C<\/strong><\/td><\/tr><tr><td>\ud83c\udf19 Tiefsttemperatur<\/td><td><strong>ca. 16 \u00b0C kommende Nacht<\/strong><\/td><\/tr><tr><td>\ud83c\udf25\ufe0f Wetter<\/td><td><strong>viele Wolken, zeitweise Sonne<\/strong><\/td><\/tr><tr><td>\ud83c\udf26\ufe0f Niederschlag<\/td><td><strong>einzelne Schauer m\u00f6glich<\/strong><\/td><\/tr><tr><td>\u26c8\ufe0f Gewitter<\/td><td><strong>nachmittags und abends vereinzelt m\u00f6glich<\/strong><\/td><\/tr><tr><td>\ud83d\udca8 Wind<\/td><td><strong>S\u00fcdwest bis West, zunehmend kr\u00e4ftig<\/strong><\/td><\/tr><tr><td>\ud83d\udca8 Windb\u00f6en<\/td><td><strong>zeitweise um 40\u201355 km\/h<\/strong><\/td><\/tr><tr><td>\u26a0\ufe0f Gewitterb\u00f6en<\/td><td><strong>lokal 60\u201385 km\/h m\u00f6glich<\/strong><\/td><\/tr><\/tbody><\/table><\/figure>\n\n\n\n<p class=\"wp-block-paragraph\"><strong>\u26a0\ufe0f Wetterwarnungen<\/strong><\/p>\n\n\n\n<p class=\"wp-block-paragraph\"><strong>\ud83d\udca8 Wind und \u00f6rtliche Gewitter beachten<\/strong><\/p>\n\n\n\n<p class=\"wp-block-paragraph\">Heute wird die Wetterlage wieder etwas lebhafter.<\/p>\n\n\n\n<p class=\"wp-block-paragraph\">Der Deutsche Wetterdienst erwartet ab dem Nachmittag zeit- und gebietsweise <strong>Windb\u00f6en um 55 km\/h<\/strong> aus S\u00fcdwest bis West.<\/p>\n\n\n\n<p class=\"wp-block-paragraph\">Zus\u00e4tzlich k\u00f6nnen sich am Nachmittag und Abend einzelne kurze Gewitter entwickeln.<\/p>\n\n\n\n<p class=\"wp-block-paragraph\">Dabei sind lokal eng begrenzt:<\/p>\n\n\n\n<p class=\"wp-block-paragraph\">\ud83d\udca8 <strong>Wind- und Sturmb\u00f6en zwischen 60 und 85 km\/h<\/strong><\/p>\n\n\n\n<p class=\"wp-block-paragraph\">m\u00f6glich.<\/p>\n\n\n\n<p class=\"wp-block-paragraph\">Ob Brachwitz tats\u00e4chlich von einem Gewitter getroffen wird, l\u00e4sst sich am Morgen noch nicht sicher vorhersagen. Die Gewitter d\u00fcrften nur \u00f6rtlich auftreten.<\/p>\n\n\n\n<p class=\"wp-block-paragraph\"><strong>Deshalb heute Nachmittag und Abend Regenradar und aktuelle DWD-Warnungen im Blick behalten.<\/strong><\/p>\n\n\n\n<p class=\"wp-block-paragraph\"><strong>\ud83d\udd2e Ausblick auf Freitag<\/strong><\/p>\n\n\n\n<p class=\"wp-block-paragraph\">Am Freitag wird es noch einmal <strong>w\u00e4rmer, aber gleichzeitig deutlich windiger und wechselhafter<\/strong>.<\/p>\n\n\n\n<p class=\"wp-block-paragraph\">Die Temperaturen k\u00f6nnen in Brachwitz auf etwa <strong>24 bis 27 \u00b0C<\/strong> steigen.<\/p>\n\n\n\n<p class=\"wp-block-paragraph\">Der S\u00fcdwest- bis Westwind frischt kr\u00e4ftig auf. Gebietsweise sind <strong>Wind- und Sturmb\u00f6en zwischen 50 und 70 km\/h<\/strong> m\u00f6glich.<\/p>\n\n\n\n<p class=\"wp-block-paragraph\">Zus\u00e4tzlich k\u00f6nnen am Nachmittag einzelne Regenschauer und kurze Gewitter auftreten.<\/p>\n\n\n\n<p class=\"wp-block-paragraph\">Am Samstag wird es anschlie\u00dfend mit etwa <strong>21 bis 23 \u00b0C<\/strong> wieder etwas k\u00fchler.<\/p>\n\n\n\n<p class=\"wp-block-paragraph\"><strong>\ud83c\udf05 Sonnenzeiten f\u00fcr Brachwitz<\/strong><\/p>\n\n\n\n<p class=\"wp-block-paragraph\">\ud83c\udf04 <strong>Sonnenaufgang:<\/strong> ca. <strong>06:28 Uhr<\/strong><br>\ud83c\udf07 <strong>Sonnenuntergang:<\/strong> ca. <strong>19:54 Uhr<\/strong><br>\u2600\ufe0f <strong>Tagesl\u00e4nge:<\/strong> rund <strong>13 Stunden und 26 Minuten<\/strong><\/p>\n\n\n\n<p class=\"wp-block-paragraph\">Wir verlieren momentan t\u00e4glich rund vier Minuten Tageslicht.<\/p>\n\n\n\n<p class=\"wp-block-paragraph\">Besonders am Abend ist inzwischen deutlich zu merken, dass der meteorologische Herbst begonnen hat.<\/p>\n\n\n\n<p class=\"wp-block-paragraph\"><strong>\ud83c\udf3f Naturbeobachtung des Tages<\/strong><\/p>\n\n\n\n<p class=\"wp-block-paragraph\"><strong>\ud83d\udca8 Wenn der Wind den Wetterwechsel ank\u00fcndigt<\/strong><\/p>\n\n\n\n<p class=\"wp-block-paragraph\">Heute l\u00e4sst sich ein Wetterwechsel besonders gut beobachten.<\/p>\n\n\n\n<p class=\"wp-block-paragraph\">Der zunehmende S\u00fcdwestwind transportiert m\u00e4\u00dfig warme Luft nach Sachsen-Anhalt. Gleichzeitig ziehen Frontensysteme \u00fcber Deutschland hinweg.<\/p>\n\n\n\n<p class=\"wp-block-paragraph\">Das Ergebnis erleben wir direkt vor der Haust\u00fcr: rasch wechselnde Wolkenbilder, kurze sonnige Abschnitte und m\u00f6glicherweise einzelne Schauer.<\/p>\n\n\n\n<p class=\"wp-block-paragraph\">Gerade entlang der Saale d\u00fcrfte der kr\u00e4ftigere Wind heute deutlich zu sp\u00fcren sein.<\/p>\n\n\n\n<p class=\"wp-block-paragraph\"><strong>\ud83c\udf20 Blick zum Himmel<\/strong><\/p>\n\n\n\n<p class=\"wp-block-paragraph\">F\u00fcr astronomische Beobachtungen sieht es heute Abend eher durchwachsen aus.<\/p>\n\n\n\n<p class=\"wp-block-paragraph\">Viele Wolken und m\u00f6gliche Schauer oder Gewitter k\u00f6nnen die Sicht einschr\u00e4nken.<\/p>\n\n\n\n<p class=\"wp-block-paragraph\">Der <strong>abnehmende Mond<\/strong> geht gegen <strong>21:54 Uhr<\/strong> auf.<\/p>\n\n\n\n<p class=\"wp-block-paragraph\">Sollten sich sp\u00e4ter gr\u00f6\u00dfere Wolkenl\u00fccken entwickeln, kann sich ein Blick nach drau\u00dfen trotzdem lohnen. Die Dunkelheit setzt Anfang September inzwischen wieder angenehm fr\u00fch ein.<\/p>\n\n\n\n<p class=\"wp-block-paragraph\"><strong>\ud83d\udccd Hossis Wetterfazit<\/strong><\/p>\n\n\n\n<p class=\"wp-block-paragraph\"><strong>Heute wird das Wetter wieder deutlich lebhafter. \ud83c\udf26\ufe0f\ud83d\udca8<\/strong><\/p>\n\n\n\n<p class=\"wp-block-paragraph\">Mit etwa <strong>22 bis 24 \u00b0C<\/strong> bleibt es angenehm mild. Sonne und Wolken wechseln sich ab und einzelne Schauer sind m\u00f6glich.<\/p>\n\n\n\n<p class=\"wp-block-paragraph\">Das wichtigste Wetterthema ist heute allerdings der <strong>Wind<\/strong>.<\/p>\n\n\n\n<p class=\"wp-block-paragraph\">Ab dem Nachmittag k\u00f6nnen B\u00f6en um <strong>55 km\/h<\/strong> auftreten. Zus\u00e4tzlich sind einzelne kurze Gewitter m\u00f6glich, bei denen lokal sogar <strong>Sturmb\u00f6en zwischen 60 und 85 km\/h<\/strong> auftreten k\u00f6nnen.<\/p>\n\n\n\n<p class=\"wp-block-paragraph\"><strong>Mein Tipp f\u00fcr Brachwitz:<\/strong> Vormittag und fr\u00fchen Nachmittag f\u00fcr Aktivit\u00e4ten drau\u00dfen nutzen. Sp\u00e4ter am Tag Regenradar und DWD-Warnungen im Auge behalten \u2013 besonders wenn sich dunkle Quellwolken entwickeln oder der Wind pl\u00f6tzlich kr\u00e4ftig auffrischt.<\/p>\n\n\n\n<p class=\"wp-block-paragraph\">Morgen wird es noch einmal w\u00e4rmer \u2013 allerdings auch deutlich windiger. \ud83c\udf26\ufe0f\ud83d\udca8<\/p>\n\n\n\n<p class=\"wp-block-paragraph\"><strong>\ud83d\udcf7 Meteogramm:<\/strong> Norwegisches Wetterinstitut (yr.no)<br><strong>\ud83c\udf26\ufe0f Wetterlage und Warninformationen:<\/strong> Deutscher Wetterdienst (DWD)<br><strong>\ud83d\udccd Region:<\/strong> Brachwitz \u2013 Wettin-L\u00f6bej\u00fcn \u2013 Saalekreis \u2013 Halle (Saale)<\/p>\n","protected":false},"excerpt":{"rendered":"<p>Donnerstag, 3. September 2026 \ud83c\udf3e Blick aus Brachwitz Guten Morgen aus Brachwitz! Der Donnerstag beginnt recht k\u00fchl und stark bew\u00f6lkt. Am fr\u00fchen Morgen liegen die Temperaturen in Brachwitz bei etwa 12 bis 14 \u00b0C. Im Laufe des Vormittags ziehen viele <span class=\"excerpt-dots\">&hellip;<\/span> <a class=\"more-link\" href=\"https:\/\/www.hossi-im-netz.de\/wordpress\/wettervorhersage-fuer-brachwitz-wettin-loebejuen-den-saalekreis-und-halle-saale-03-09-2026\/\"><span class=\"more-msg\">Weiterlesen &rarr;<\/span><\/a><\/p>\n","protected":false},"author":1,"featured_media":0,"comment_status":"open","ping_status":"closed","sticky":false,"template":"","format":"standard","meta":{"_exactmetrics_skip_tracking":false,"_exactmetrics_sitenote_active":false,"_exactmetrics_sitenote_note":"","_exactmetrics_sitenote_category":0,"_jetpack_newsletter_access":"","_jetpack_dont_email_post_to_subs":false,"_jetpack_newsletter_tier_id":0,"_jetpack_memberships_contains_paywalled_content":false,"_jetpack_feature_clip_id":0,"_jetpack_memberships_contains_paid_content":false,"footnotes":"","jetpack_publicize_message":"","jetpack_publicize_feature_enabled":true,"jetpack_social_post_already_shared":true,"jetpack_social_options":{"image_generator_settings":{"template":"highway","default_image_id":0,"font":"","enabled":false},"version":2},"jetpack_post_was_ever_published":false},"categories":[37],"tags":[],"yst_prominent_words":[7375,5491,4299,3267,5749,4100,4398,3026,10527],"class_list":["post-25454","post","type-post","status-publish","format-standard","hentry","category-wetterblog"],"jetpack_publicize_connections":[],"jetpack_featured_media_url":"","jetpack_sharing_enabled":true,"jetpack_shortlink":"https:\/\/wp.me\/p5DnIb-6Cy","jetpack-related-posts":[],"jetpack_likes_enabled":true,"_links":{"self":[{"href":"https:\/\/www.hossi-im-netz.de\/wordpress\/wp-json\/wp\/v2\/posts\/25454","targetHints":{"allow":["GET"]}}],"collection":[{"href":"https:\/\/www.hossi-im-netz.de\/wordpress\/wp-json\/wp\/v2\/posts"}],"about":[{"href":"https:\/\/www.hossi-im-netz.de\/wordpress\/wp-json\/wp\/v2\/types\/post"}],"author":[{"embeddable":true,"href":"https:\/\/www.hossi-im-netz.de\/wordpress\/wp-json\/wp\/v2\/users\/1"}],"replies":[{"embeddable":true,"href":"https:\/\/www.hossi-im-netz.de\/wordpress\/wp-json\/wp\/v2\/comments?post=25454"}],"version-history":[{"count":2,"href":"https:\/\/www.hossi-im-netz.de\/wordpress\/wp-json\/wp\/v2\/posts\/25454\/revisions"}],"predecessor-version":[{"id":25457,"href":"https:\/\/www.hossi-im-netz.de\/wordpress\/wp-json\/wp\/v2\/posts\/25454\/revisions\/25457"}],"wp:attachment":[{"href":"https:\/\/www.hossi-im-netz.de\/wordpress\/wp-json\/wp\/v2\/media?parent=25454"}],"wp:term":[{"taxonomy":"category","embeddable":true,"href":"https:\/\/www.hossi-im-netz.de\/wordpress\/wp-json\/wp\/v2\/categories?post=25454"},{"taxonomy":"post_tag","embeddable":true,"href":"https:\/\/www.hossi-im-netz.de\/wordpress\/wp-json\/wp\/v2\/tags?post=25454"},{"taxonomy":"yst_prominent_words","embeddable":true,"href":"https:\/\/www.hossi-im-netz.de\/wordpress\/wp-json\/wp\/v2\/yst_prominent_words?post=25454"}],"curies":[{"name":"wp","href":"https:\/\/api.w.org\/{rel}","templated":true}]}}