{"id":25458,"date":"2026-09-03T16:09:20","date_gmt":"2026-09-03T14:09:20","guid":{"rendered":"https:\/\/www.hossi-im-netz.de\/wordpress\/?p=25458"},"modified":"2026-09-03T16:09:22","modified_gmt":"2026-09-03T14:09:22","slug":"wetterthema-des-tages-03-09-2026","status":"publish","type":"post","link":"https:\/\/www.hossi-im-netz.de\/wordpress\/wetterthema-des-tages-03-09-2026\/","title":{"rendered":"Wetterthema des Tages &#8211; 03.09.2026"},"content":{"rendered":"\n<p class=\"wp-block-paragraph\"><strong>Nebel \u2013 eine Wolke am Boden und eines der spannendsten Ph\u00e4nomene des Herbstes<\/strong><\/p>\n\n\n\n<figure class=\"wp-block-image size-large\"><img loading=\"lazy\" decoding=\"async\" width=\"1024\" height=\"576\" data-attachment-id=\"25459\" data-permalink=\"https:\/\/www.hossi-im-netz.de\/wordpress\/wetterthema-des-tages-03-09-2026\/599fc55f-9018-4cc4-bac5-8c5f0e47ed64\/\" data-orig-file=\"https:\/\/www.hossi-im-netz.de\/wordpress\/wp-content\/uploads\/2026\/09\/599FC55F-9018-4CC4-BAC5-8C5F0E47ED64.png\" data-orig-size=\"1672,941\" data-comments-opened=\"1\" data-image-meta=\"{&quot;aperture&quot;:&quot;0&quot;,&quot;credit&quot;:&quot;&quot;,&quot;camera&quot;:&quot;&quot;,&quot;caption&quot;:&quot;&quot;,&quot;created_timestamp&quot;:&quot;0&quot;,&quot;copyright&quot;:&quot;&quot;,&quot;focal_length&quot;:&quot;0&quot;,&quot;iso&quot;:&quot;0&quot;,&quot;shutter_speed&quot;:&quot;0&quot;,&quot;title&quot;:&quot;&quot;,&quot;orientation&quot;:&quot;0&quot;,&quot;alt&quot;:&quot;&quot;}\" data-image-title=\"599FC55F-9018-4CC4-BAC5-8C5F0E47ED64\" data-image-description=\"\" data-image-caption=\"\" data-large-file=\"https:\/\/www.hossi-im-netz.de\/wordpress\/wp-content\/uploads\/2026\/09\/599FC55F-9018-4CC4-BAC5-8C5F0E47ED64-1024x576.png\" src=\"https:\/\/www.hossi-im-netz.de\/wordpress\/wp-content\/uploads\/2026\/09\/599FC55F-9018-4CC4-BAC5-8C5F0E47ED64-1024x576.png\" alt=\"\" class=\"wp-image-25459\" srcset=\"https:\/\/www.hossi-im-netz.de\/wordpress\/wp-content\/uploads\/2026\/09\/599FC55F-9018-4CC4-BAC5-8C5F0E47ED64-1024x576.png 1024w, https:\/\/www.hossi-im-netz.de\/wordpress\/wp-content\/uploads\/2026\/09\/599FC55F-9018-4CC4-BAC5-8C5F0E47ED64-300x169.png 300w, https:\/\/www.hossi-im-netz.de\/wordpress\/wp-content\/uploads\/2026\/09\/599FC55F-9018-4CC4-BAC5-8C5F0E47ED64-768x432.png 768w, https:\/\/www.hossi-im-netz.de\/wordpress\/wp-content\/uploads\/2026\/09\/599FC55F-9018-4CC4-BAC5-8C5F0E47ED64-1536x864.png 1536w, https:\/\/www.hossi-im-netz.de\/wordpress\/wp-content\/uploads\/2026\/09\/599FC55F-9018-4CC4-BAC5-8C5F0E47ED64.png 1672w\" sizes=\"auto, (max-width: 1024px) 100vw, 1024px\" \/><\/figure>\n\n\n\n<p class=\"wp-block-paragraph\">Wenn sich Landschaften am Morgen pl\u00f6tzlich in ein milchiges Grau verwandeln, B\u00e4ume nur noch schemenhaft zu erkennen sind und selbst vertraute Wege v\u00f6llig anders wirken, hat sich Nebel gebildet. Meteorologisch betrachtet ist Nebel nichts anderes als eine Wolke, die unmittelbar am Erdboden entsteht oder diesen ber\u00fchrt.<\/p>\n\n\n\n<p class=\"wp-block-paragraph\">Gerade mit dem \u00dcbergang vom Sommer zum Herbst werden die Voraussetzungen f\u00fcr Nebel in Mitteleuropa zunehmend g\u00fcnstiger. Die N\u00e4chte werden l\u00e4nger, der Boden besitzt mehr Zeit zum Ausk\u00fchlen und gleichzeitig kann die bodennahe Luft noch relativ viel Feuchtigkeit enthalten. Besonders in Flussniederungen, Senken und T\u00e4lern entstehen dann h\u00e4ufig ausgedehnte Nebelfelder.<\/p>\n\n\n\n<p class=\"wp-block-paragraph\">Auch die Saale und ihre Auen bieten daf\u00fcr g\u00fcnstige Voraussetzungen. Wasserfl\u00e4chen und feuchte B\u00f6den liefern Wasserdampf, w\u00e4hrend sich die Luft in klaren und windschwachen N\u00e4chten stark abk\u00fchlen kann.<\/p>\n\n\n\n<p class=\"wp-block-paragraph\">Doch Nebel entsteht nicht immer auf dieselbe Weise. Entscheidend ist letztlich nur, dass feuchte Luft ihren S\u00e4ttigungszustand erreicht. Der Weg dorthin kann jedoch sehr unterschiedlich sein.<\/p>\n\n\n\n<p class=\"wp-block-paragraph\">Kernaussagen<\/p>\n\n\n\n<p class=\"wp-block-paragraph\">Luft enth\u00e4lt st\u00e4ndig unsichtbaren Wasserdampf. Wie viel davon sie aufnehmen kann, h\u00e4ngt stark von ihrer Temperatur ab. Warme Luft kann wesentlich mehr Wasserdampf enthalten als kalte.<\/p>\n\n\n\n<p class=\"wp-block-paragraph\">K\u00fchlt feuchte Luft ab, steigt deshalb ihre relative Luftfeuchtigkeit. Wird schlie\u00dflich eine relative Feuchte von ann\u00e4hernd 100 Prozent erreicht, liegt die Lufttemperatur am Taupunkt.<\/p>\n\n\n\n<p class=\"wp-block-paragraph\">Nun beginnt Wasserdampf an mikroskopisch kleinen Schwebeteilchen zu kondensieren. Milliarden winziger Wassertr\u00f6pfchen entstehen.<\/p>\n\n\n\n<p class=\"wp-block-paragraph\">Befindet sich dieser Vorgang unmittelbar am Boden, sprechen wir von Nebel.<\/p>\n\n\n\n<p class=\"wp-block-paragraph\">Eine besonders h\u00e4ufige Form ist der Strahlungsnebel. Er entsteht bevorzugt w\u00e4hrend klarer und windschwacher N\u00e4chte, wenn der Boden durch W\u00e4rmeabstrahlung stark ausk\u00fchlt.<\/p>\n\n\n\n<p class=\"wp-block-paragraph\">Beim Advektionsnebel wird dagegen warme und feuchte Luft \u00fcber eine deutlich k\u00e4ltere Oberfl\u00e4che transportiert. Die untersten Luftschichten k\u00fchlen dadurch bis zum Taupunkt ab.<\/p>\n\n\n\n<p class=\"wp-block-paragraph\">Dar\u00fcber hinaus k\u00f6nnen Luftmassen miteinander vermischt oder an Bergh\u00e4ngen zum Aufsteigen gezwungen werden. Auch dadurch kann S\u00e4ttigung erreicht und Nebel erzeugt werden.<\/p>\n\n\n\n<p class=\"wp-block-paragraph\">Meteorologischer Hintergrund<\/p>\n\n\n\n<p class=\"wp-block-paragraph\">F\u00fcr die Entstehung von Nebel ist der Taupunkt eine der wichtigsten meteorologischen Gr\u00f6\u00dfen.<\/p>\n\n\n\n<p class=\"wp-block-paragraph\">Angenommen, die Lufttemperatur betr\u00e4gt am Abend 15 Grad und der Taupunkt 10 Grad. Dann muss sich die Luft noch ungef\u00e4hr um f\u00fcnf Grad abk\u00fchlen, bevor S\u00e4ttigung erreicht wird.<\/p>\n\n\n\n<p class=\"wp-block-paragraph\">Ist der Himmel klar, kann der Boden nach Sonnenuntergang besonders effektiv langwellige W\u00e4rmestrahlung in Richtung Atmosph\u00e4re und Weltraum abgeben.<\/p>\n\n\n\n<p class=\"wp-block-paragraph\">Die Erdoberfl\u00e4che k\u00fchlt aus.<\/p>\n\n\n\n<p class=\"wp-block-paragraph\">Anschlie\u00dfend k\u00fchlt sie auch die unmittelbar dar\u00fcberliegende Luft ab.<\/p>\n\n\n\n<p class=\"wp-block-paragraph\">Sinkt deren Temperatur bis auf den Taupunkt, beginnt die Kondensation. Zun\u00e4chst k\u00f6nnen sich einzelne flache Nebelschwaden bilden. Bei weiterer Abk\u00fchlung w\u00e4chst daraus m\u00f6glicherweise eine geschlossene Nebeldecke.<\/p>\n\n\n\n<p class=\"wp-block-paragraph\">Dieser sogenannte Strahlungsnebel tritt besonders h\u00e4ufig in Senken und T\u00e4lern auf.<\/p>\n\n\n\n<p class=\"wp-block-paragraph\">Daf\u00fcr gibt es einen zus\u00e4tzlichen Grund: Kalte Luft besitzt eine h\u00f6here Dichte als warme Luft und flie\u00dft deshalb an H\u00e4ngen nach unten. In tiefer gelegenen Bereichen sammelt sich diese Kaltluft.<\/p>\n\n\n\n<p class=\"wp-block-paragraph\">Es entstehen regelrechte Kaltluftseen.<\/p>\n\n\n\n<p class=\"wp-block-paragraph\">Flussniederungen sind zus\u00e4tzlich beg\u00fcnstigt, weil dort h\u00e4ufig ausreichend Feuchtigkeit vorhanden ist. Deshalb k\u00f6nnen Fl\u00fcsse, Wiesen und Felder im Tal bereits unter dichtem Nebel liegen, w\u00e4hrend wenige Dutzend Meter h\u00f6her noch klarer Himmel herrscht.<\/p>\n\n\n\n<p class=\"wp-block-paragraph\">Eine v\u00f6llig andere Entstehung besitzt Advektionsnebel.<\/p>\n\n\n\n<p class=\"wp-block-paragraph\">Hier wird feuchte Luft durch Wind \u00fcber eine k\u00e4ltere Oberfl\u00e4che transportiert. Die Luft wird von unten abgek\u00fchlt und kann dadurch ihren Taupunkt erreichen.<\/p>\n\n\n\n<p class=\"wp-block-paragraph\">Diese Nebelart tritt beispielsweise h\u00e4ufig an K\u00fcsten auf, kann aber auch \u00fcber kalten Landfl\u00e4chen oder gr\u00f6\u00dferen Gew\u00e4ssern entstehen.<\/p>\n\n\n\n<p class=\"wp-block-paragraph\">Noch interessanter ist Mischungsnebel.<\/p>\n\n\n\n<p class=\"wp-block-paragraph\">Treffen zwei Luftmassen mit unterschiedlichen Temperaturen und hoher Feuchtigkeit aufeinander und vermischen sich, kann die entstehende Mischluft ges\u00e4ttigt sein. Wasserdampf kondensiert und Nebel entsteht.<\/p>\n\n\n\n<p class=\"wp-block-paragraph\">Auch Berge k\u00f6nnen Nebel erzeugen. Wird feuchte Luft an einem Hang zum Aufsteigen gezwungen, dehnt sie sich mit abnehmendem Luftdruck aus und k\u00fchlt ab. Erreicht sie dabei den Taupunkt, entsteht eine Wolke.<\/p>\n\n\n\n<p class=\"wp-block-paragraph\">F\u00fcr einen Beobachter auf dem Berg befindet sich diese Wolke jedoch direkt am Boden \u2013 er erlebt sie als Nebel.<\/p>\n\n\n\n<p class=\"wp-block-paragraph\">Nach Sonnenaufgang beginnt h\u00e4ufig der umgekehrte Prozess.<\/p>\n\n\n\n<p class=\"wp-block-paragraph\">Die Sonnenstrahlung erw\u00e4rmt den Boden. Dieser erw\u00e4rmt wiederum die dar\u00fcberliegende Luft. Mit steigender Temperatur kann die Luft mehr Wasserdampf aufnehmen und die relative Luftfeuchtigkeit sinkt.<\/p>\n\n\n\n<p class=\"wp-block-paragraph\">Die Nebeltr\u00f6pfchen verdunsten.<\/p>\n\n\n\n<p class=\"wp-block-paragraph\">Deshalb l\u00f6sen sich viele n\u00e4chtliche Nebelfelder am Vormittag auf.<\/p>\n\n\n\n<p class=\"wp-block-paragraph\">Das funktioniert allerdings nicht immer. Ist die Nebelschicht m\u00e4chtig genug, erreicht nur wenig Sonnenenergie den Boden. Dann kann sich die Erw\u00e4rmung erheblich verz\u00f6gern und der Nebel bis zum Mittag oder sogar den ganzen Tag bestehen bleiben.<\/p>\n\n\n\n<p class=\"wp-block-paragraph\">Schon gewusst?<\/p>\n\n\n\n<p class=\"wp-block-paragraph\">Meteorologen unterscheiden Nebel und Dunst anhand der Sichtweite.<\/p>\n\n\n\n<p class=\"wp-block-paragraph\">Liegt die horizontale Sichtweite durch winzige Wassertr\u00f6pfchen unter einem Kilometer, spricht man meteorologisch von Nebel. Bei gr\u00f6\u00dferen Sichtweiten handelt es sich in der Regel um feuchten Dunst.<\/p>\n\n\n\n<p class=\"wp-block-paragraph\">Besonders dichter Nebel kann die Sicht sogar auf wenige Dutzend Meter reduzieren.<\/p>\n\n\n\n<p class=\"wp-block-paragraph\">Dabei besteht ein Kubikmeter Nebelluft nur aus einer erstaunlich kleinen Menge fl\u00fcssigen Wassers. Die Wirkung entsteht vor allem deshalb, weil Milliarden mikroskopischer Tr\u00f6pfchen das Licht in unterschiedlichste Richtungen streuen.<\/p>\n\n\n\n<p class=\"wp-block-paragraph\">Und noch etwas macht Nebel besonders interessant:<\/p>\n\n\n\n<p class=\"wp-block-paragraph\">Wer auf einem H\u00fcgel \u00fcber einem Nebelmeer steht, blickt nicht auf ein grunds\u00e4tzlich anderes Wetterph\u00e4nomen als bei einer geschlossenen Wolkendecke.<\/p>\n\n\n\n<p class=\"wp-block-paragraph\"><strong>Er betrachtet lediglich eine Wolke von oben, deren Unterseite zuf\u00e4llig bis zum Boden reicht.<\/strong><\/p>\n","protected":false},"excerpt":{"rendered":"<p>Nebel \u2013 eine Wolke am Boden und eines der spannendsten Ph\u00e4nomene des Herbstes Wenn sich Landschaften am Morgen pl\u00f6tzlich in ein milchiges Grau verwandeln, B\u00e4ume nur noch schemenhaft zu erkennen sind und selbst vertraute Wege v\u00f6llig anders wirken, hat sich <span class=\"excerpt-dots\">&hellip;<\/span> <a class=\"more-link\" href=\"https:\/\/www.hossi-im-netz.de\/wordpress\/wetterthema-des-tages-03-09-2026\/\"><span class=\"more-msg\">Weiterlesen &rarr;<\/span><\/a><\/p>\n","protected":false},"author":1,"featured_media":0,"comment_status":"open","ping_status":"closed","sticky":false,"template":"","format":"standard","meta":{"_exactmetrics_skip_tracking":false,"_exactmetrics_sitenote_active":false,"_exactmetrics_sitenote_note":"","_exactmetrics_sitenote_category":0,"_jetpack_newsletter_access":"","_jetpack_dont_email_post_to_subs":false,"_jetpack_newsletter_tier_id":0,"_jetpack_memberships_contains_paywalled_content":false,"_jetpack_feature_clip_id":0,"_jetpack_memberships_contains_paid_content":false,"footnotes":"","jetpack_publicize_message":"","jetpack_publicize_feature_enabled":true,"jetpack_social_post_already_shared":true,"jetpack_social_options":{"image_generator_settings":{"template":"highway","default_image_id":0,"font":"","enabled":false},"version":2},"jetpack_post_was_ever_published":false},"categories":[37],"tags":[],"yst_prominent_words":[1939,5634,2751,2056,5510,2507,10981,9623,8040,6725],"class_list":["post-25458","post","type-post","status-publish","format-standard","hentry","category-wetterblog"],"jetpack_publicize_connections":[],"jetpack_featured_media_url":"","jetpack_sharing_enabled":true,"jetpack_shortlink":"https:\/\/wp.me\/p5DnIb-6CC","jetpack-related-posts":[],"jetpack_likes_enabled":true,"_links":{"self":[{"href":"https:\/\/www.hossi-im-netz.de\/wordpress\/wp-json\/wp\/v2\/posts\/25458","targetHints":{"allow":["GET"]}}],"collection":[{"href":"https:\/\/www.hossi-im-netz.de\/wordpress\/wp-json\/wp\/v2\/posts"}],"about":[{"href":"https:\/\/www.hossi-im-netz.de\/wordpress\/wp-json\/wp\/v2\/types\/post"}],"author":[{"embeddable":true,"href":"https:\/\/www.hossi-im-netz.de\/wordpress\/wp-json\/wp\/v2\/users\/1"}],"replies":[{"embeddable":true,"href":"https:\/\/www.hossi-im-netz.de\/wordpress\/wp-json\/wp\/v2\/comments?post=25458"}],"version-history":[{"count":1,"href":"https:\/\/www.hossi-im-netz.de\/wordpress\/wp-json\/wp\/v2\/posts\/25458\/revisions"}],"predecessor-version":[{"id":25460,"href":"https:\/\/www.hossi-im-netz.de\/wordpress\/wp-json\/wp\/v2\/posts\/25458\/revisions\/25460"}],"wp:attachment":[{"href":"https:\/\/www.hossi-im-netz.de\/wordpress\/wp-json\/wp\/v2\/media?parent=25458"}],"wp:term":[{"taxonomy":"category","embeddable":true,"href":"https:\/\/www.hossi-im-netz.de\/wordpress\/wp-json\/wp\/v2\/categories?post=25458"},{"taxonomy":"post_tag","embeddable":true,"href":"https:\/\/www.hossi-im-netz.de\/wordpress\/wp-json\/wp\/v2\/tags?post=25458"},{"taxonomy":"yst_prominent_words","embeddable":true,"href":"https:\/\/www.hossi-im-netz.de\/wordpress\/wp-json\/wp\/v2\/yst_prominent_words?post=25458"}],"curies":[{"name":"wp","href":"https:\/\/api.w.org\/{rel}","templated":true}]}}