{"id":25461,"date":"2026-09-04T04:44:40","date_gmt":"2026-09-04T02:44:40","guid":{"rendered":"https:\/\/www.hossi-im-netz.de\/wordpress\/?p=25461"},"modified":"2026-09-04T04:44:41","modified_gmt":"2026-09-04T02:44:41","slug":"wettervorhersage-fuer-brachwitz-wettin-loebejuen-den-saalekreis-und-halle-saale-04-09-2026","status":"publish","type":"post","link":"https:\/\/www.hossi-im-netz.de\/wordpress\/wettervorhersage-fuer-brachwitz-wettin-loebejuen-den-saalekreis-und-halle-saale-04-09-2026\/","title":{"rendered":"Wettervorhersage f\u00fcr Brachwitz, Wettin-L\u00f6bej\u00fcn, den Saalekreis und Halle (Saale) 04.09.2026"},"content":{"rendered":"\n<p class=\"wp-block-paragraph\"><strong>Freitag, 4. September 2026<\/strong><\/p>\n\n\n\n<p class=\"wp-block-paragraph\"><strong>\ud83c\udf3e Blick aus Brachwitz<\/strong><\/p>\n\n\n\n<p class=\"wp-block-paragraph\"><strong>Guten Morgen aus Brachwitz!<\/strong><\/p>\n\n\n\n<p class=\"wp-block-paragraph\">Der Freitag beginnt heute <strong>mild, nass und windig<\/strong>. Am fr\u00fchen Morgen liegen die Temperaturen bei etwa <strong>17 bis 18 \u00b0C<\/strong>, dazu f\u00e4llt zeitweise leichter Regen.<\/p>\n\n\n\n<p class=\"wp-block-paragraph\">Im Tagesverlauf wird es ungew\u00f6hnlich warm. Trotz vieler Wolken k\u00f6nnen die Temperaturen in Brachwitz auf etwa <strong>25 bis 27 \u00b0C<\/strong> steigen.<\/p>\n\n\n\n<p class=\"wp-block-paragraph\">Das wichtigste Wetterthema ist heute allerdings eindeutig der <strong>Wind<\/strong>. Ab dem sp\u00e4ten Vormittag nimmt der S\u00fcdwestwind kr\u00e4ftig zu. Zus\u00e4tzlich ziehen immer wieder Schauer durch und am Nachmittag ist auch ein einzelnes Gewitter nicht ausgeschlossen.<\/p>\n\n\n\n<p class=\"wp-block-paragraph\"><strong>\ud83d\udcf7 Meteogramm des Norwegischen Wetterinstituts (yr.no)<\/strong><\/p>\n\n\n\n<figure class=\"wp-block-image size-large\"><img loading=\"lazy\" decoding=\"async\" width=\"1024\" height=\"539\" data-attachment-id=\"25462\" data-permalink=\"https:\/\/www.hossi-im-netz.de\/wordpress\/wettervorhersage-fuer-brachwitz-wettin-loebejuen-den-saalekreis-und-halle-saale-04-09-2026\/screenshot-873\/\" data-orig-file=\"https:\/\/www.hossi-im-netz.de\/wordpress\/wp-content\/uploads\/2026\/09\/IMG_2052.jpeg\" data-orig-size=\"1886,992\" data-comments-opened=\"1\" data-image-meta=\"{&quot;aperture&quot;:&quot;0&quot;,&quot;credit&quot;:&quot;&quot;,&quot;camera&quot;:&quot;&quot;,&quot;caption&quot;:&quot;Screenshot&quot;,&quot;created_timestamp&quot;:&quot;1788496852&quot;,&quot;copyright&quot;:&quot;&quot;,&quot;focal_length&quot;:&quot;0&quot;,&quot;iso&quot;:&quot;0&quot;,&quot;shutter_speed&quot;:&quot;0&quot;,&quot;title&quot;:&quot;Screenshot&quot;,&quot;orientation&quot;:&quot;1&quot;,&quot;alt&quot;:&quot;&quot;}\" data-image-title=\"Screenshot\" data-image-description=\"\" data-image-caption=\"&lt;p&gt;Screenshot&lt;\/p&gt;\n\" data-large-file=\"https:\/\/www.hossi-im-netz.de\/wordpress\/wp-content\/uploads\/2026\/09\/IMG_2052-1024x539.jpeg\" src=\"https:\/\/www.hossi-im-netz.de\/wordpress\/wp-content\/uploads\/2026\/09\/IMG_2052-1024x539.jpeg\" alt=\"\" class=\"wp-image-25462\" srcset=\"https:\/\/www.hossi-im-netz.de\/wordpress\/wp-content\/uploads\/2026\/09\/IMG_2052-1024x539.jpeg 1024w, https:\/\/www.hossi-im-netz.de\/wordpress\/wp-content\/uploads\/2026\/09\/IMG_2052-300x158.jpeg 300w, https:\/\/www.hossi-im-netz.de\/wordpress\/wp-content\/uploads\/2026\/09\/IMG_2052-768x404.jpeg 768w, https:\/\/www.hossi-im-netz.de\/wordpress\/wp-content\/uploads\/2026\/09\/IMG_2052-1536x808.jpeg 1536w, https:\/\/www.hossi-im-netz.de\/wordpress\/wp-content\/uploads\/2026\/09\/IMG_2052.jpeg 1886w\" sizes=\"auto, (max-width: 1024px) 100vw, 1024px\" \/><figcaption class=\"wp-element-caption\">Screenshot<\/figcaption><\/figure>\n\n\n\n<p class=\"wp-block-paragraph\"><strong>\ud83c\udf27\ufe0f Das Wetter heute<\/strong><\/p>\n\n\n\n<p class=\"wp-block-paragraph\">Der Vormittag verl\u00e4uft \u00fcberwiegend stark bew\u00f6lkt. Zeitweise f\u00e4llt Regen oder es ziehen einzelne Schauer durch.<\/p>\n\n\n\n<p class=\"wp-block-paragraph\">Zwischendurch kann es auch trockene Abschnitte geben und gelegentlich sind kurze Auflockerungen m\u00f6glich.<\/p>\n\n\n\n<p class=\"wp-block-paragraph\">Mit etwa <strong>25 bis 27 \u00b0C<\/strong> wird es f\u00fcr Anfang September noch einmal \u00fcberraschend warm.<\/p>\n\n\n\n<p class=\"wp-block-paragraph\">Am Nachmittag bleibt die Atmosph\u00e4re unbest\u00e4ndig. Neben weiteren Schauern kann sich vereinzelt auch ein <strong>kurzes Gewitter<\/strong> entwickeln. Lokal ist dabei Starkregen m\u00f6glich.<\/p>\n\n\n\n<p class=\"wp-block-paragraph\">Gleichzeitig erreicht der Wind seinen H\u00f6hepunkt.<\/p>\n\n\n\n<p class=\"wp-block-paragraph\"><strong>\ud83c\udf21 Wetterdaten f\u00fcr Brachwitz<\/strong><\/p>\n\n\n\n<figure class=\"wp-block-table\"><table class=\"has-fixed-layout\"><tbody><tr><td><strong>Wetterelement<\/strong><\/td><td><strong>Heute<\/strong><\/td><\/tr><tr><td>\ud83c\udf21 H\u00f6chsttemperatur<\/td><td><strong>ca. 25\u201327 \u00b0C<\/strong><\/td><\/tr><tr><td>\ud83c\udf19 Tiefsttemperatur<\/td><td><strong>ca. 13 \u00b0C kommende Nacht<\/strong><\/td><\/tr><tr><td>\ud83c\udf27\ufe0f Wetter<\/td><td><strong>stark bew\u00f6lkt, Regen und Schauer<\/strong><\/td><\/tr><tr><td>\ud83c\udf26\ufe0f Niederschlag<\/td><td><strong>wiederholt m\u00f6glich<\/strong><\/td><\/tr><tr><td>\u26c8\ufe0f Gewitter<\/td><td><strong>am Nachmittag vereinzelt m\u00f6glich<\/strong><\/td><\/tr><tr><td>\ud83d\udca8 Wind<\/td><td><strong>S\u00fcdwest bis West, kr\u00e4ftig<\/strong><\/td><\/tr><tr><td>\ud83d\udca8 Sturmb\u00f6en<\/td><td><strong>bis etwa 70 km\/h<\/strong><\/td><\/tr><tr><td>\u26a0\ufe0f st\u00e4rkste B\u00f6en<\/td><td><strong>in Schauern\u00e4he bis etwa 85 km\/h<\/strong><\/td><\/tr><tr><td>\ud83c\udf21 W\u00e4rmegef\u00fchl<\/td><td><strong>mild bis ungew\u00f6hnlich warm<\/strong><\/td><\/tr><\/tbody><\/table><\/figure>\n\n\n\n<p class=\"wp-block-paragraph\"><strong>\u26a0\ufe0f Wetterwarnungen<\/strong><\/p>\n\n\n\n<p class=\"wp-block-paragraph\"><strong>\ud83d\udca8 Amtliche DWD-Warnung vor STURMB\u00d6EN<\/strong><\/p>\n\n\n\n<p class=\"wp-block-paragraph\">F\u00fcr <strong>Wettin-L\u00f6bej\u00fcn und damit auch Brachwitz<\/strong> besteht heute eine amtliche Warnung vor Sturmb\u00f6en.<\/p>\n\n\n\n<p class=\"wp-block-paragraph\">\ud83d\udd5a <strong>Warnzeitraum: 11:00 bis 17:00 Uhr<\/strong><\/p>\n\n\n\n<p class=\"wp-block-paragraph\">Erwartet werden:<\/p>\n\n\n\n<p class=\"wp-block-paragraph\">\ud83d\udca8 <strong>Sturmb\u00f6en bis etwa 70 km\/h (Bft 8)<\/strong> aus S\u00fcdwest.<\/p>\n\n\n\n<p class=\"wp-block-paragraph\">\u26a0\ufe0f In Schauern\u00e4he sowie in exponierten Lagen sind sogar <strong>Sturmb\u00f6en bis etwa 85 km\/h (Bft 9)<\/strong> m\u00f6glich.<\/p>\n\n\n\n<p class=\"wp-block-paragraph\">Dabei besteht Gefahr durch herabfallende \u00c4ste und umherfliegende Gegenst\u00e4nde.<\/p>\n\n\n\n<p class=\"wp-block-paragraph\"><strong>\ud83d\udca8 Anschlie\u00dfend Warnung vor Windb\u00f6en<\/strong><\/p>\n\n\n\n<p class=\"wp-block-paragraph\">\ud83d\udd54 <strong>17:00 bis 20:00 Uhr<\/strong><\/p>\n\n\n\n<p class=\"wp-block-paragraph\">Auch danach bleibt es windig. Erwartet werden noch B\u00f6en bis etwa <strong>60 km\/h<\/strong>, in exponierten Lagen bis ungef\u00e4hr <strong>70 km\/h<\/strong>.<\/p>\n\n\n\n<p class=\"wp-block-paragraph\"><strong>Heute deshalb unbedingt lose Gegenst\u00e4nde im Garten und auf der Terrasse sichern.<\/strong><\/p>\n\n\n\n<p class=\"wp-block-paragraph\">Sonnenschirme, Gartenm\u00f6bel, Abdeckungen und andere leichte Gegenst\u00e4nde sollten sp\u00e4testens am Vormittag windfest verstaut oder befestigt werden.<\/p>\n\n\n\n<p class=\"wp-block-paragraph\"><strong>\ud83d\udd2e Ausblick auf Samstag<\/strong><\/p>\n\n\n\n<p class=\"wp-block-paragraph\">Am Samstag wird es <strong>deutlich k\u00fchler<\/strong>.<\/p>\n\n\n\n<p class=\"wp-block-paragraph\">Nach den heutigen bis zu 27 \u00b0C erreichen wir morgen nur noch ungef\u00e4hr <strong>20 bis 22 \u00b0C<\/strong>.<\/p>\n\n\n\n<p class=\"wp-block-paragraph\">Dabei wechseln sich Wolken und sonnige Abschnitte ab. Einzelne kurze Regenschauer sind weiterhin m\u00f6glich.<\/p>\n\n\n\n<p class=\"wp-block-paragraph\">Auch der Westwind bleibt lebhaft und kann zeitweise kr\u00e4ftig auffrischen.<\/p>\n\n\n\n<p class=\"wp-block-paragraph\">Die gute Nachricht: Am Sonntag beruhigt sich das Wetter deutlich. Dann sieht es nach einem trockenen und zunehmend sonnigen Tag bei etwa <strong>20 \u00b0C<\/strong> aus.<\/p>\n\n\n\n<p class=\"wp-block-paragraph\"><strong>\ud83c\udf05 Sonnenzeiten f\u00fcr Brachwitz<\/strong><\/p>\n\n\n\n<p class=\"wp-block-paragraph\">\ud83c\udf04 <strong>Sonnenaufgang:<\/strong> ca. <strong>06:29 Uhr<\/strong><br>\ud83c\udf07 <strong>Sonnenuntergang:<\/strong> ca. <strong>19:52 Uhr<\/strong><br>\u2600\ufe0f <strong>Tagesl\u00e4nge:<\/strong> rund <strong>13 Stunden und 23 Minuten<\/strong><\/p>\n\n\n\n<p class=\"wp-block-paragraph\">Der Verlust an Tageslicht schreitet Anfang September schnell voran. Besonders am Abend ist inzwischen deutlich zu merken, dass der meteorologische Herbst begonnen hat.<\/p>\n\n\n\n<p class=\"wp-block-paragraph\"><strong>\ud83c\udf3f Naturbeobachtung des Tages<\/strong><\/p>\n\n\n\n<p class=\"wp-block-paragraph\"><strong>\ud83d\udca8 Ein Tag f\u00fcr Wolkenbeobachter<\/strong><\/p>\n\n\n\n<p class=\"wp-block-paragraph\">Heute lohnt sich ein Blick zum Himmel besonders.<\/p>\n\n\n\n<p class=\"wp-block-paragraph\">Durch den kr\u00e4ftigen S\u00fcdwestwind ziehen die Wolken schnell \u00fcber das Saaletal. Zwischen Regengebieten und Schauern k\u00f6nnen sich immer wieder interessante Wolkenstrukturen entwickeln.<\/p>\n\n\n\n<p class=\"wp-block-paragraph\">Bei st\u00e4rkeren Schauern kann sich das Wetter innerhalb weniger Minuten ver\u00e4ndern: Windzunahme, dunkler Himmel und kr\u00e4ftiger Regen k\u00f6nnen heute eng beieinanderliegen.<\/p>\n\n\n\n<p class=\"wp-block-paragraph\">Wer an der Saale unterwegs ist, sollte wegen der m\u00f6glichen Sturmb\u00f6en besonders unter gr\u00f6\u00dferen B\u00e4umen vorsichtig sein.<\/p>\n\n\n\n<p class=\"wp-block-paragraph\"><strong>\ud83c\udf20 Blick zum Himmel<\/strong><\/p>\n\n\n\n<p class=\"wp-block-paragraph\">F\u00fcr astronomische Beobachtungen sind die Bedingungen heute Abend eher schlecht.<\/p>\n\n\n\n<p class=\"wp-block-paragraph\">Viele Wolken, Schauer und der kr\u00e4ftige Wind machen einen l\u00e4ngeren Einsatz des Teleskops wenig attraktiv.<\/p>\n\n\n\n<p class=\"wp-block-paragraph\">Sollten sich sp\u00e4ter am Abend gr\u00f6\u00dfere Wolkenl\u00fccken entwickeln, kann sich ein kurzer Blick nat\u00fcrlich trotzdem lohnen.<\/p>\n\n\n\n<p class=\"wp-block-paragraph\">Die besseren Chancen f\u00fcr einen klaren Sternenhimmel zeichnen sich derzeit f\u00fcr <strong>Sonntagabend<\/strong> ab.<\/p>\n\n\n\n<p class=\"wp-block-paragraph\"><strong>\ud83d\udccd Hossis Wetterfazit<\/strong><\/p>\n\n\n\n<p class=\"wp-block-paragraph\"><strong>Heute wird es richtig turbulent. \ud83c\udf27\ufe0f\ud83d\udca8<\/strong><\/p>\n\n\n\n<p class=\"wp-block-paragraph\">Mit bis zu <strong>25 bis 27 \u00b0C<\/strong> wird es noch einmal erstaunlich warm. Gleichzeitig bekommen wir aber einen sehr wechselhaften Tag mit Regen, Schauern und m\u00f6glicherweise einem einzelnen Gewitter.<\/p>\n\n\n\n<p class=\"wp-block-paragraph\">Das wichtigste Thema ist der <strong>Sturm<\/strong>.<\/p>\n\n\n\n<p class=\"wp-block-paragraph\">Zwischen <strong>11 und 17 Uhr<\/strong> gilt f\u00fcr Wettin-L\u00f6bej\u00fcn eine amtliche DWD-Warnung vor Sturmb\u00f6en bis <strong>70 km\/h<\/strong>. In Schauern\u00e4he k\u00f6nnen sogar <strong>85 km\/h<\/strong> erreicht werden.<\/p>\n\n\n\n<p class=\"wp-block-paragraph\">Bis 20 Uhr bleibt es anschlie\u00dfend weiterhin stark b\u00f6ig.<\/p>\n\n\n\n<p class=\"wp-block-paragraph\"><strong>Mein Tipp f\u00fcr Brachwitz:<\/strong> Heute Morgen noch einmal Garten und Terrasse kontrollieren und alles sichern, was der Wind mitnehmen k\u00f6nnte. Unter gr\u00f6\u00dferen B\u00e4umen sollte man am Nachmittag vorsichtig sein.<\/p>\n\n\n\n<p class=\"wp-block-paragraph\">Am Wochenende wird es dann deutlich k\u00fchler \u2013 aber besonders der Sonntag verspricht wieder wesentlich ruhigeres Wetter. \ud83c\udf24\ufe0f<\/p>\n\n\n\n<p class=\"wp-block-paragraph\"><strong>\ud83d\udcf7 Meteogramm:<\/strong> Norwegisches Wetterinstitut (yr.no)<br><strong>\ud83c\udf26\ufe0f Wetterlage und Warninformationen:<\/strong> Deutscher Wetterdienst (DWD)<br><strong>\ud83d\udccd Region:<\/strong> Brachwitz \u2013 Wettin-L\u00f6bej\u00fcn \u2013 Saalekreis \u2013 Halle (Saale)<\/p>\n","protected":false},"excerpt":{"rendered":"<p>Freitag, 4. September 2026 \ud83c\udf3e Blick aus Brachwitz Guten Morgen aus Brachwitz! Der Freitag beginnt heute mild, nass und windig. Am fr\u00fchen Morgen liegen die Temperaturen bei etwa 17 bis 18 \u00b0C, dazu f\u00e4llt zeitweise leichter Regen. Im Tagesverlauf wird <span class=\"excerpt-dots\">&hellip;<\/span> <a class=\"more-link\" href=\"https:\/\/www.hossi-im-netz.de\/wordpress\/wettervorhersage-fuer-brachwitz-wettin-loebejuen-den-saalekreis-und-halle-saale-04-09-2026\/\"><span class=\"more-msg\">Weiterlesen &rarr;<\/span><\/a><\/p>\n","protected":false},"author":1,"featured_media":0,"comment_status":"open","ping_status":"closed","sticky":false,"template":"","format":"standard","meta":{"_exactmetrics_skip_tracking":false,"_exactmetrics_sitenote_active":false,"_exactmetrics_sitenote_note":"","_exactmetrics_sitenote_category":0,"_jetpack_newsletter_access":"","_jetpack_dont_email_post_to_subs":false,"_jetpack_newsletter_tier_id":0,"_jetpack_memberships_contains_paywalled_content":false,"_jetpack_feature_clip_id":0,"_jetpack_memberships_contains_paid_content":false,"footnotes":"","jetpack_publicize_message":"","jetpack_publicize_feature_enabled":true,"jetpack_social_post_already_shared":true,"jetpack_social_options":{"image_generator_settings":{"template":"highway","default_image_id":0,"font":"","enabled":false},"version":2},"jetpack_post_was_ever_published":false},"categories":[37],"tags":[],"yst_prominent_words":[5499,11555,3824,2390,10442],"class_list":["post-25461","post","type-post","status-publish","format-standard","hentry","category-wetterblog"],"jetpack_publicize_connections":[],"jetpack_featured_media_url":"","jetpack_sharing_enabled":true,"jetpack_shortlink":"https:\/\/wp.me\/p5DnIb-6CF","jetpack-related-posts":[],"jetpack_likes_enabled":true,"_links":{"self":[{"href":"https:\/\/www.hossi-im-netz.de\/wordpress\/wp-json\/wp\/v2\/posts\/25461","targetHints":{"allow":["GET"]}}],"collection":[{"href":"https:\/\/www.hossi-im-netz.de\/wordpress\/wp-json\/wp\/v2\/posts"}],"about":[{"href":"https:\/\/www.hossi-im-netz.de\/wordpress\/wp-json\/wp\/v2\/types\/post"}],"author":[{"embeddable":true,"href":"https:\/\/www.hossi-im-netz.de\/wordpress\/wp-json\/wp\/v2\/users\/1"}],"replies":[{"embeddable":true,"href":"https:\/\/www.hossi-im-netz.de\/wordpress\/wp-json\/wp\/v2\/comments?post=25461"}],"version-history":[{"count":1,"href":"https:\/\/www.hossi-im-netz.de\/wordpress\/wp-json\/wp\/v2\/posts\/25461\/revisions"}],"predecessor-version":[{"id":25463,"href":"https:\/\/www.hossi-im-netz.de\/wordpress\/wp-json\/wp\/v2\/posts\/25461\/revisions\/25463"}],"wp:attachment":[{"href":"https:\/\/www.hossi-im-netz.de\/wordpress\/wp-json\/wp\/v2\/media?parent=25461"}],"wp:term":[{"taxonomy":"category","embeddable":true,"href":"https:\/\/www.hossi-im-netz.de\/wordpress\/wp-json\/wp\/v2\/categories?post=25461"},{"taxonomy":"post_tag","embeddable":true,"href":"https:\/\/www.hossi-im-netz.de\/wordpress\/wp-json\/wp\/v2\/tags?post=25461"},{"taxonomy":"yst_prominent_words","embeddable":true,"href":"https:\/\/www.hossi-im-netz.de\/wordpress\/wp-json\/wp\/v2\/yst_prominent_words?post=25461"}],"curies":[{"name":"wp","href":"https:\/\/api.w.org\/{rel}","templated":true}]}}