{"id":25464,"date":"2026-09-04T15:06:43","date_gmt":"2026-09-04T13:06:43","guid":{"rendered":"https:\/\/www.hossi-im-netz.de\/wordpress\/?p=25464"},"modified":"2026-09-04T15:06:45","modified_gmt":"2026-09-04T13:06:45","slug":"wetterthema-des-tages-04-09-2026","status":"publish","type":"post","link":"https:\/\/www.hossi-im-netz.de\/wordpress\/wetterthema-des-tages-04-09-2026\/","title":{"rendered":"Wetterthema des Tages &#8211; 04.09.2026"},"content":{"rendered":"\n<p class=\"wp-block-paragraph\"><strong>Deutschland zwischen Sp\u00e4tsommer und Wetterwechsel \u2013 wenn zwei Jahreszeiten gleichzeitig auftreten<\/strong><\/p>\n\n\n\n<figure class=\"wp-block-image size-large\"><img loading=\"lazy\" decoding=\"async\" width=\"1024\" height=\"576\" data-attachment-id=\"25465\" data-permalink=\"https:\/\/www.hossi-im-netz.de\/wordpress\/wetterthema-des-tages-04-09-2026\/08aa7aeb-60df-4006-a608-9741eb6c3772\/\" data-orig-file=\"https:\/\/www.hossi-im-netz.de\/wordpress\/wp-content\/uploads\/2026\/09\/08AA7AEB-60DF-4006-A608-9741EB6C3772.png\" data-orig-size=\"1672,941\" data-comments-opened=\"1\" data-image-meta=\"{&quot;aperture&quot;:&quot;0&quot;,&quot;credit&quot;:&quot;&quot;,&quot;camera&quot;:&quot;&quot;,&quot;caption&quot;:&quot;&quot;,&quot;created_timestamp&quot;:&quot;0&quot;,&quot;copyright&quot;:&quot;&quot;,&quot;focal_length&quot;:&quot;0&quot;,&quot;iso&quot;:&quot;0&quot;,&quot;shutter_speed&quot;:&quot;0&quot;,&quot;title&quot;:&quot;&quot;,&quot;orientation&quot;:&quot;0&quot;,&quot;alt&quot;:&quot;&quot;}\" data-image-title=\"08AA7AEB-60DF-4006-A608-9741EB6C3772\" data-image-description=\"\" data-image-caption=\"\" data-large-file=\"https:\/\/www.hossi-im-netz.de\/wordpress\/wp-content\/uploads\/2026\/09\/08AA7AEB-60DF-4006-A608-9741EB6C3772-1024x576.png\" src=\"https:\/\/www.hossi-im-netz.de\/wordpress\/wp-content\/uploads\/2026\/09\/08AA7AEB-60DF-4006-A608-9741EB6C3772-1024x576.png\" alt=\"\" class=\"wp-image-25465\" srcset=\"https:\/\/www.hossi-im-netz.de\/wordpress\/wp-content\/uploads\/2026\/09\/08AA7AEB-60DF-4006-A608-9741EB6C3772-1024x576.png 1024w, https:\/\/www.hossi-im-netz.de\/wordpress\/wp-content\/uploads\/2026\/09\/08AA7AEB-60DF-4006-A608-9741EB6C3772-300x169.png 300w, https:\/\/www.hossi-im-netz.de\/wordpress\/wp-content\/uploads\/2026\/09\/08AA7AEB-60DF-4006-A608-9741EB6C3772-768x432.png 768w, https:\/\/www.hossi-im-netz.de\/wordpress\/wp-content\/uploads\/2026\/09\/08AA7AEB-60DF-4006-A608-9741EB6C3772-1536x864.png 1536w, https:\/\/www.hossi-im-netz.de\/wordpress\/wp-content\/uploads\/2026\/09\/08AA7AEB-60DF-4006-A608-9741EB6C3772.png 1672w\" sizes=\"auto, (max-width: 1024px) 100vw, 1024px\" \/><\/figure>\n\n\n\n<p class=\"wp-block-paragraph\">Anfang September zeigt sich besonders eindrucksvoll, wie unterschiedlich das Wetter innerhalb Deutschlands sein kann. W\u00e4hrend heute, am 4. September 2026, im S\u00fcden noch einmal ausgesprochen warme Sp\u00e4tsommerluft liegt und regional Temperaturen um 30 Grad oder etwas dar\u00fcber m\u00f6glich sind, sorgt weiter n\u00f6rdlich der Einfluss eines Tiefdrucksystems f\u00fcr deutlich k\u00fchlere, windigere und unbest\u00e4ndigere Verh\u00e4ltnisse. In Teilen der Nordh\u00e4lfte treten Regen und Schauer auf, \u00f6rtlich sind auch Gewitter m\u00f6glich. Damit liegt \u00fcber Deutschland eine markante Luftmassengrenze.&nbsp;<\/p>\n\n\n\n<p class=\"wp-block-paragraph\">Solche Wetterlagen sind f\u00fcr den \u00dcbergang vom Sommer zum Herbst typisch. Warme Luft aus s\u00fcdlichen Breiten kann Anfang September noch problemlos hochsommerliche Temperaturen bringen. Gleichzeitig werden Tiefdruckgebiete \u00fcber dem Nordatlantik und Skandinavien wieder zunehmend wetterwirksam. Deutschland liegt dann gewisserma\u00dfen zwischen zwei atmosph\u00e4rischen Welten.<\/p>\n\n\n\n<p class=\"wp-block-paragraph\">Kernaussagen<\/p>\n\n\n\n<p class=\"wp-block-paragraph\">Der heutige Temperaturunterschied zwischen Nord und S\u00fcd ist kein Zufall. Im Norden und in Teilen der Mitte bestimmt k\u00fchlere Meeresluft das Wetter. Dort liegen die Temperaturen verbreitet nur ungef\u00e4hr zwischen 18 und 24 Grad. Gleichzeitig ziehen Niederschlagsgebiete durch und der S\u00fcdwest- bis Westwind kann deutlich auffrischen. Im S\u00fcden befindet sich dagegen noch wesentlich w\u00e4rmere Luft. Dort sind bei zeitweiligem Sonnenschein Werte von etwa 29 bis 32 Grad m\u00f6glich.&nbsp;<\/p>\n\n\n\n<p class=\"wp-block-paragraph\">Entscheidend ist die \u00dcbergangszone zwischen beiden Luftmassen. Sie verlagert sich allm\u00e4hlich s\u00fcdw\u00e4rts. Damit erreicht die k\u00fchlere Luft im weiteren Verlauf auch Regionen, die heute noch einmal einen hochsommerlichen Tag erleben.<\/p>\n\n\n\n<p class=\"wp-block-paragraph\">Meteorologisch besonders interessant ist dabei, dass eine Luftmassengrenze nicht nur einen Temperaturwechsel verursacht. Mit ihr ver\u00e4ndern sich h\u00e4ufig gleichzeitig Windrichtung, Luftdruck, Bew\u00f6lkung und Niederschlagsneigung.<\/p>\n\n\n\n<p class=\"wp-block-paragraph\">Meteorologischer Hintergrund<\/p>\n\n\n\n<p class=\"wp-block-paragraph\">Die Ursache dieser Wetterteilung liegt in der gro\u00dfr\u00e4umigen Druckverteilung \u00fcber Europa und dem Nordatlantik.<\/p>\n\n\n\n<p class=\"wp-block-paragraph\">N\u00f6rdlich von Deutschland bestimmen Tiefdruckgebiete und ihre Ausl\u00e4ufer zunehmend das Wetter. S\u00fcdlich davon kann sich dagegen noch w\u00e4rmere Luft behaupten. Zwischen beiden Bereichen entsteht eine Zone mit einem ausgepr\u00e4gten horizontalen Temperaturunterschied.&nbsp;<\/p>\n\n\n\n<p class=\"wp-block-paragraph\">Solche Temperaturgegens\u00e4tze sind f\u00fcr die Atmosph\u00e4re von gro\u00dfer Bedeutung.<\/p>\n\n\n\n<p class=\"wp-block-paragraph\">Kalte Luft besitzt eine h\u00f6here Dichte als warme Luft. Wenn eine k\u00fchlere Luftmasse nach S\u00fcden vorst\u00f6\u00dft, schiebt sie sich deshalb h\u00e4ufig wie ein flacher Keil unter die davorliegende warme Luft.<\/p>\n\n\n\n<p class=\"wp-block-paragraph\">Die Warmluft wird angehoben.<\/p>\n\n\n\n<p class=\"wp-block-paragraph\">Beim Aufsteigen nimmt der Luftdruck ab. Die Luft dehnt sich aus und k\u00fchlt ab. Erreicht sie dabei ihren Taupunkt, kondensiert Wasserdampf und Wolken entstehen.<\/p>\n\n\n\n<p class=\"wp-block-paragraph\">Ist die Atmosph\u00e4re relativ stabil geschichtet, bilden sich h\u00e4ufig ausgedehnte Wolkenfelder und l\u00e4nger anhaltender Regen.<\/p>\n\n\n\n<p class=\"wp-block-paragraph\">Ist die Warmluft dagegen feucht und labil geschichtet, kann die Hebung wesentlich kr\u00e4ftigere vertikale Entwicklungen ausl\u00f6sen. Dann wachsen Quellwolken und m\u00f6glicherweise Gewitter.<\/p>\n\n\n\n<p class=\"wp-block-paragraph\">Genau deshalb k\u00f6nnen Wetterfronten innerhalb relativ kurzer Zeit sehr unterschiedliche Wettererscheinungen hervorbringen.<\/p>\n\n\n\n<p class=\"wp-block-paragraph\">Auch der Wind reagiert auf die Luftdruckverteilung.<\/p>\n\n\n\n<p class=\"wp-block-paragraph\">Je gr\u00f6\u00dfer der horizontale Luftdruckunterschied \u00fcber eine bestimmte Entfernung ist, desto st\u00e4rker ist grunds\u00e4tzlich die antreibende Kraft f\u00fcr den Wind. Im Umfeld kr\u00e4ftiger Tiefdruckgebiete und ihrer Frontensysteme kann der Wind deshalb deutlich auffrischen.<\/p>\n\n\n\n<p class=\"wp-block-paragraph\">F\u00fcr den Norden Deutschlands spielt dieser Effekt heute eine gr\u00f6\u00dfere Rolle als f\u00fcr den S\u00fcden. In Teilen Norddeutschlands sowie im Umfeld von Schauern und Gewittern sind kr\u00e4ftige B\u00f6en m\u00f6glich.&nbsp;<\/p>\n\n\n\n<p class=\"wp-block-paragraph\">Nach dem Durchgang der Luftmassengrenze ver\u00e4ndert sich die Wetterlage erneut.<\/p>\n\n\n\n<p class=\"wp-block-paragraph\">Die w\u00e4rmere Luft wird nach S\u00fcden beziehungsweise S\u00fcdosten verdr\u00e4ngt und k\u00fchlere Luft breitet sich aus. Gleichzeitig dreht der Wind h\u00e4ufig auf westliche oder nordwestliche Richtungen.<\/p>\n\n\n\n<p class=\"wp-block-paragraph\">Damit wird auch die gef\u00fchlte Jahreszeit innerhalb weniger Stunden ausgetauscht.<\/p>\n\n\n\n<p class=\"wp-block-paragraph\">Am Nachmittag k\u00f6nnen noch sp\u00e4tsommerliche Temperaturen herrschen. Nach einem Frontdurchgang mit Regen und auffrischendem Wind f\u00fchlt sich derselbe Ort am folgenden Morgen bereits deutlich herbstlicher an.<\/p>\n\n\n\n<p class=\"wp-block-paragraph\">Gerade Anfang September sind solche Spr\u00fcnge besonders interessant.<\/p>\n\n\n\n<p class=\"wp-block-paragraph\">Die Sonne besitzt noch gen\u00fcgend Kraft, um bei entsprechender Luftmasse Temperaturen von 30 Grad und mehr zu erm\u00f6glichen. Gleichzeitig werden die N\u00e4chte bereits l\u00e4nger und die n\u00f6rdlichen Breiten k\u00fchlen zunehmend aus.<\/p>\n\n\n\n<p class=\"wp-block-paragraph\">Dadurch w\u00e4chst der Temperaturkontrast zwischen unterschiedlichen Luftmassen.<\/p>\n\n\n\n<p class=\"wp-block-paragraph\">Und genau diese Temperaturunterschiede liefern einen wichtigen Teil der Energie f\u00fcr die Tiefdruckentwicklung der mittleren Breiten.<\/p>\n\n\n\n<p class=\"wp-block-paragraph\">Schon gewusst?<\/p>\n\n\n\n<p class=\"wp-block-paragraph\">Der meteorologische Herbst hat bereits am 1. September begonnen. Das bedeutet jedoch keineswegs, dass ab diesem Datum automatisch Herbstwetter herrschen muss.<\/p>\n\n\n\n<p class=\"wp-block-paragraph\">Die meteorologischen Jahreszeiten wurden vor allem f\u00fcr die klimatologische Statistik auf vollst\u00e4ndige Monate gelegt. September, Oktober und November bilden deshalb gemeinsam den meteorologischen Herbst.<\/p>\n\n\n\n<p class=\"wp-block-paragraph\">Die Atmosph\u00e4re kennt diese kalendarische Grenze nat\u00fcrlich nicht.<\/p>\n\n\n\n<p class=\"wp-block-paragraph\">Deshalb k\u00f6nnen Anfang September noch hochsommerliche Tage auftreten \u2013 gleichzeitig sind aber auch erste deutlich herbstliche Wetterlagen m\u00f6glich.<\/p>\n\n\n\n<p class=\"wp-block-paragraph\">Genau das macht diese Jahreszeit meteorologisch besonders spannend.<\/p>\n\n\n\n<p class=\"wp-block-paragraph\">W\u00e4hrend heute im S\u00fcden Deutschlands \u00f6rtlich noch Temperaturen um 30 Grad oder etwas dar\u00fcber erreicht werden k\u00f6nnen, liegen Teile des Nordens rund zehn Grad darunter.&nbsp;<\/p>\n\n\n\n<p class=\"wp-block-paragraph\"><strong>Auf wenigen hundert Kilometern Entfernung treffen damit Sp\u00e4tsommer und Fr\u00fchherbst unmittelbar aufeinander \u2013 und eine Wetterfront bildet die atmosph\u00e4rische Grenze zwischen beiden.<\/strong><\/p>\n","protected":false},"excerpt":{"rendered":"<p>Deutschland zwischen Sp\u00e4tsommer und Wetterwechsel \u2013 wenn zwei Jahreszeiten gleichzeitig auftreten Anfang September zeigt sich besonders eindrucksvoll, wie unterschiedlich das Wetter innerhalb Deutschlands sein kann. W\u00e4hrend heute, am 4. September 2026, im S\u00fcden noch einmal ausgesprochen warme Sp\u00e4tsommerluft liegt und <span class=\"excerpt-dots\">&hellip;<\/span> <a class=\"more-link\" href=\"https:\/\/www.hossi-im-netz.de\/wordpress\/wetterthema-des-tages-04-09-2026\/\"><span class=\"more-msg\">Weiterlesen &rarr;<\/span><\/a><\/p>\n","protected":false},"author":1,"featured_media":0,"comment_status":"open","ping_status":"closed","sticky":false,"template":"","format":"standard","meta":{"_exactmetrics_skip_tracking":false,"_exactmetrics_sitenote_active":false,"_exactmetrics_sitenote_note":"","_exactmetrics_sitenote_category":0,"_jetpack_newsletter_access":"","_jetpack_dont_email_post_to_subs":false,"_jetpack_newsletter_tier_id":0,"_jetpack_memberships_contains_paywalled_content":false,"_jetpack_feature_clip_id":0,"_jetpack_memberships_contains_paid_content":false,"footnotes":"","jetpack_publicize_message":"","jetpack_publicize_feature_enabled":true,"jetpack_social_post_already_shared":true,"jetpack_social_options":{"image_generator_settings":{"template":"highway","default_image_id":0,"font":"","enabled":false},"version":2},"jetpack_post_was_ever_published":false},"categories":[37],"tags":[],"yst_prominent_words":[1117,2289,1411,5566,5014,7728,5510,3016,2453,1451,8040,4369,5436],"class_list":["post-25464","post","type-post","status-publish","format-standard","hentry","category-wetterblog"],"jetpack_publicize_connections":[],"jetpack_featured_media_url":"","jetpack_sharing_enabled":true,"jetpack_shortlink":"https:\/\/wp.me\/p5DnIb-6CI","jetpack-related-posts":[],"jetpack_likes_enabled":true,"_links":{"self":[{"href":"https:\/\/www.hossi-im-netz.de\/wordpress\/wp-json\/wp\/v2\/posts\/25464","targetHints":{"allow":["GET"]}}],"collection":[{"href":"https:\/\/www.hossi-im-netz.de\/wordpress\/wp-json\/wp\/v2\/posts"}],"about":[{"href":"https:\/\/www.hossi-im-netz.de\/wordpress\/wp-json\/wp\/v2\/types\/post"}],"author":[{"embeddable":true,"href":"https:\/\/www.hossi-im-netz.de\/wordpress\/wp-json\/wp\/v2\/users\/1"}],"replies":[{"embeddable":true,"href":"https:\/\/www.hossi-im-netz.de\/wordpress\/wp-json\/wp\/v2\/comments?post=25464"}],"version-history":[{"count":1,"href":"https:\/\/www.hossi-im-netz.de\/wordpress\/wp-json\/wp\/v2\/posts\/25464\/revisions"}],"predecessor-version":[{"id":25466,"href":"https:\/\/www.hossi-im-netz.de\/wordpress\/wp-json\/wp\/v2\/posts\/25464\/revisions\/25466"}],"wp:attachment":[{"href":"https:\/\/www.hossi-im-netz.de\/wordpress\/wp-json\/wp\/v2\/media?parent=25464"}],"wp:term":[{"taxonomy":"category","embeddable":true,"href":"https:\/\/www.hossi-im-netz.de\/wordpress\/wp-json\/wp\/v2\/categories?post=25464"},{"taxonomy":"post_tag","embeddable":true,"href":"https:\/\/www.hossi-im-netz.de\/wordpress\/wp-json\/wp\/v2\/tags?post=25464"},{"taxonomy":"yst_prominent_words","embeddable":true,"href":"https:\/\/www.hossi-im-netz.de\/wordpress\/wp-json\/wp\/v2\/yst_prominent_words?post=25464"}],"curies":[{"name":"wp","href":"https:\/\/api.w.org\/{rel}","templated":true}]}}