{"id":25467,"date":"2026-09-05T11:11:56","date_gmt":"2026-09-05T09:11:56","guid":{"rendered":"https:\/\/www.hossi-im-netz.de\/wordpress\/?p=25467"},"modified":"2026-09-05T11:11:58","modified_gmt":"2026-09-05T09:11:58","slug":"wettervorhersage-fuer-brachwitz-wettin-loebejuen-den-saalekreis-und-halle-saale-05-09-2036","status":"publish","type":"post","link":"https:\/\/www.hossi-im-netz.de\/wordpress\/wettervorhersage-fuer-brachwitz-wettin-loebejuen-den-saalekreis-und-halle-saale-05-09-2036\/","title":{"rendered":"Wettervorhersage f\u00fcr Brachwitz, Wettin-L\u00f6bej\u00fcn, den Saalekreis und Halle (Saale) 05.09.2036"},"content":{"rendered":"\n<p class=\"wp-block-paragraph\"><strong>Samstag, 5. September 2026<\/strong><\/p>\n\n\n\n<p class=\"wp-block-paragraph\"><strong>\ud83c\udf3e Blick aus Brachwitz<\/strong><\/p>\n\n\n\n<p class=\"wp-block-paragraph\"><strong>Guten Morgen aus Brachwitz!<\/strong><\/p>\n\n\n\n<p class=\"wp-block-paragraph\">Nach dem st\u00fcrmischen und ungew\u00f6hnlich warmen Freitag zeigt sich der Samstag heute deutlich gem\u00e4\u00dfigter. Aktuell liegen die Temperaturen bei etwa <strong>19 \u00b0C<\/strong> und zwischen den Wolken zeigt sich immer wieder die Sonne.<\/p>\n\n\n\n<p class=\"wp-block-paragraph\">Im weiteren Tagesverlauf wechseln sich <strong>Sonne und Wolken<\/strong> ab. Einzelne kurze Regenschauer sind m\u00f6glich, insgesamt bleibt es aber \u00fcberwiegend trocken.<\/p>\n\n\n\n<p class=\"wp-block-paragraph\">Mit maximal etwa <strong>20 bis 22 \u00b0C<\/strong> wird es deutlich k\u00fchler als gestern.<\/p>\n\n\n\n<p class=\"wp-block-paragraph\">Das wichtigste Wetterthema bleibt zun\u00e4chst der <strong>kr\u00e4ftige West- bis Nordwestwind<\/strong>.<\/p>\n\n\n\n<p class=\"wp-block-paragraph\"><strong>\ud83d\udcf7 Meteogramm des Norwegischen Wetterinstituts (yr.no)<\/strong><\/p>\n\n\n\n<figure class=\"wp-block-image size-large\"><img loading=\"lazy\" decoding=\"async\" width=\"1024\" height=\"515\" data-attachment-id=\"25468\" data-permalink=\"https:\/\/www.hossi-im-netz.de\/wordpress\/wettervorhersage-fuer-brachwitz-wettin-loebejuen-den-saalekreis-und-halle-saale-05-09-2036\/screenshot-874\/\" data-orig-file=\"https:\/\/www.hossi-im-netz.de\/wordpress\/wp-content\/uploads\/2026\/09\/IMG_2160.jpeg\" data-orig-size=\"1912,962\" data-comments-opened=\"1\" data-image-meta=\"{&quot;aperture&quot;:&quot;0&quot;,&quot;credit&quot;:&quot;&quot;,&quot;camera&quot;:&quot;&quot;,&quot;caption&quot;:&quot;Screenshot&quot;,&quot;created_timestamp&quot;:&quot;1788606578&quot;,&quot;copyright&quot;:&quot;&quot;,&quot;focal_length&quot;:&quot;0&quot;,&quot;iso&quot;:&quot;0&quot;,&quot;shutter_speed&quot;:&quot;0&quot;,&quot;title&quot;:&quot;Screenshot&quot;,&quot;orientation&quot;:&quot;1&quot;,&quot;alt&quot;:&quot;&quot;}\" data-image-title=\"Screenshot\" data-image-description=\"\" data-image-caption=\"&lt;p&gt;Screenshot&lt;\/p&gt;\n\" data-large-file=\"https:\/\/www.hossi-im-netz.de\/wordpress\/wp-content\/uploads\/2026\/09\/IMG_2160-1024x515.jpeg\" src=\"https:\/\/www.hossi-im-netz.de\/wordpress\/wp-content\/uploads\/2026\/09\/IMG_2160-1024x515.jpeg\" alt=\"\" class=\"wp-image-25468\" srcset=\"https:\/\/www.hossi-im-netz.de\/wordpress\/wp-content\/uploads\/2026\/09\/IMG_2160-1024x515.jpeg 1024w, https:\/\/www.hossi-im-netz.de\/wordpress\/wp-content\/uploads\/2026\/09\/IMG_2160-300x151.jpeg 300w, https:\/\/www.hossi-im-netz.de\/wordpress\/wp-content\/uploads\/2026\/09\/IMG_2160-768x386.jpeg 768w, https:\/\/www.hossi-im-netz.de\/wordpress\/wp-content\/uploads\/2026\/09\/IMG_2160-1536x773.jpeg 1536w, https:\/\/www.hossi-im-netz.de\/wordpress\/wp-content\/uploads\/2026\/09\/IMG_2160.jpeg 1912w\" sizes=\"auto, (max-width: 1024px) 100vw, 1024px\" \/><figcaption class=\"wp-element-caption\">Screenshot<\/figcaption><\/figure>\n\n\n\n<p class=\"wp-block-paragraph\"><strong>\ud83c\udf24\ufe0f Das Wetter heute<\/strong><\/p>\n\n\n\n<p class=\"wp-block-paragraph\">Am Vormittag erwartet uns ein Mix aus Wolken und sonnigen Abschnitten.<\/p>\n\n\n\n<p class=\"wp-block-paragraph\">Auch am Nachmittag bleibt dieser wechselhafte Charakter erhalten. Ein kurzer Regenschauer ist \u00f6rtlich m\u00f6glich, gr\u00f6\u00dfere oder l\u00e4nger anhaltende Niederschl\u00e4ge sind jedoch nicht zu erwarten.<\/p>\n\n\n\n<p class=\"wp-block-paragraph\">Die Temperaturen erreichen in Brachwitz ungef\u00e4hr <strong>21 \u00b0C<\/strong>, \u00f6rtlich sind auch etwa 22 \u00b0C m\u00f6glich.<\/p>\n\n\n\n<p class=\"wp-block-paragraph\">Der Wind kommt zun\u00e4chst aus <strong>West<\/strong>, sp\u00e4ter zunehmend aus <strong>Nordwest<\/strong> und bleibt bis zum Abend kr\u00e4ftig.<\/p>\n\n\n\n<p class=\"wp-block-paragraph\"><strong>\ud83c\udf21 Wetterdaten f\u00fcr Brachwitz<\/strong><\/p>\n\n\n\n<figure class=\"wp-block-table\"><table class=\"has-fixed-layout\"><tbody><tr><td><strong>Wetterelement<\/strong><\/td><td><strong>Heute<\/strong><\/td><\/tr><tr><td>\ud83c\udf21 H\u00f6chsttemperatur<\/td><td><strong>ca. 20\u201322 \u00b0C<\/strong><\/td><\/tr><tr><td>\ud83c\udf19 Tiefsttemperatur<\/td><td><strong>ca. 9\u201311 \u00b0C kommende Nacht<\/strong><\/td><\/tr><tr><td>\ud83c\udf24\ufe0f Wetter<\/td><td><strong>Sonne und Wolken im Wechsel<\/strong><\/td><\/tr><tr><td>\ud83c\udf26\ufe0f Niederschlag<\/td><td><strong>einzelne kurze Schauer m\u00f6glich<\/strong><\/td><\/tr><tr><td>\u26c8\ufe0f Gewitter<\/td><td><strong>f\u00fcr Brachwitz kein gro\u00dfes Thema<\/strong><\/td><\/tr><tr><td>\ud83d\udca8 Wind<\/td><td><strong>West, sp\u00e4ter Nordwest<\/strong><\/td><\/tr><tr><td>\ud83d\udca8 Windb\u00f6en<\/td><td><strong>50\u201360 km\/h<\/strong><\/td><\/tr><tr><td>\ud83c\udf21 W\u00e4rmegef\u00fchl<\/td><td><strong>frisch bis angenehm mild<\/strong><\/td><\/tr><\/tbody><\/table><\/figure>\n\n\n\n<p class=\"wp-block-paragraph\"><strong>\u26a0\ufe0f Wetterwarnungen<\/strong><\/p>\n\n\n\n<p class=\"wp-block-paragraph\"><strong>\ud83d\udca8 Amtliche DWD-Warnung vor Windb\u00f6en<\/strong><\/p>\n\n\n\n<p class=\"wp-block-paragraph\">F\u00fcr <strong>Wettin-L\u00f6bej\u00fcn und damit auch Brachwitz<\/strong> besteht heute weiterhin eine amtliche Warnung vor Windb\u00f6en.<\/p>\n\n\n\n<p class=\"wp-block-paragraph\">\ud83d\udd55 <strong>G\u00fcltig bis 18:00 Uhr<\/strong><\/p>\n\n\n\n<p class=\"wp-block-paragraph\">Erwartet werden:<\/p>\n\n\n\n<p class=\"wp-block-paragraph\">\ud83d\udca8 <strong>Windb\u00f6en zwischen 50 und 60 km\/h (Bft 7)<\/strong><\/p>\n\n\n\n<p class=\"wp-block-paragraph\">Der Wind kommt anfangs aus <strong>West<\/strong> und dreht sp\u00e4ter mehr auf <strong>Nordwest<\/strong>.<\/p>\n\n\n\n<p class=\"wp-block-paragraph\">\u26a0\ufe0f Vor allem leichte und lose Gegenst\u00e4nde k\u00f6nnen vom Wind erfasst werden. Abdeckungen, Sonnenschirme und andere leichte Gegenst\u00e4nde im Garten sollten deshalb weiterhin gesichert bleiben.<\/p>\n\n\n\n<p class=\"wp-block-paragraph\"><strong>Am Abend l\u00e4sst der Wind deutlich nach.<\/strong><\/p>\n\n\n\n<p class=\"wp-block-paragraph\"><strong>\ud83d\udd2e Ausblick auf Sonntag<\/strong><\/p>\n\n\n\n<p class=\"wp-block-paragraph\">Der Sonntag sieht wesentlich ruhiger aus. \u2600\ufe0f<\/p>\n\n\n\n<p class=\"wp-block-paragraph\">Nach einer recht k\u00fchlen Nacht mit Temperaturen um <strong>9 bis 10 \u00b0C<\/strong> erwartet uns tags\u00fcber ein freundlicher Mix aus Sonne und wenigen Wolken.<\/p>\n\n\n\n<p class=\"wp-block-paragraph\">Die Temperaturen erreichen ungef\u00e4hr <strong>20 bis 21 \u00b0C<\/strong>.<\/p>\n\n\n\n<p class=\"wp-block-paragraph\">Besonders angenehm: Der Wind l\u00e4sst deutlich nach und auch Regen spielt voraussichtlich kaum eine Rolle.<\/p>\n\n\n\n<p class=\"wp-block-paragraph\"><strong>Der Sonntag d\u00fcrfte damit der sch\u00f6nere und ruhigere Tag des Wochenendes werden.<\/strong><\/p>\n\n\n\n<p class=\"wp-block-paragraph\">Am Montag dreht die Temperatur dann wieder kr\u00e4ftig auf \u2013 aktuell sind sogar etwa <strong>25 bis 26 \u00b0C<\/strong> m\u00f6glich.<\/p>\n\n\n\n<p class=\"wp-block-paragraph\"><strong>\ud83c\udf05 Sonnenzeiten f\u00fcr Brachwitz<\/strong><\/p>\n\n\n\n<p class=\"wp-block-paragraph\">\ud83c\udf04 <strong>Sonnenaufgang:<\/strong> ca. <strong>06:31 Uhr<\/strong><br>\ud83c\udf07 <strong>Sonnenuntergang:<\/strong> ca. <strong>19:50 Uhr<\/strong><br>\u2600\ufe0f <strong>Tagesl\u00e4nge:<\/strong> rund <strong>13 Stunden und 19 Minuten<\/strong><\/p>\n\n\n\n<p class=\"wp-block-paragraph\">Die Tage werden jetzt schnell k\u00fcrzer. Innerhalb von nur einer Woche verlieren wir Ende August und Anfang September bereits rund eine halbe Stunde Tageslicht.<\/p>\n\n\n\n<p class=\"wp-block-paragraph\"><strong>\ud83c\udf3f Naturbeobachtung des Tages<\/strong><\/p>\n\n\n\n<p class=\"wp-block-paragraph\"><strong>\ud83d\udca8 Frische Luft nach dem Sturm<\/strong><\/p>\n\n\n\n<p class=\"wp-block-paragraph\">Nach dem turbulenten Freitag wird die deutlich k\u00fchlere Luft heute gut zu sp\u00fcren sein.<\/p>\n\n\n\n<p class=\"wp-block-paragraph\">Der kr\u00e4ftige West- bis Nordwestwind sorgt gleichzeitig f\u00fcr einen schnellen Wechsel der Wolkenbilder. Zwischen den Wolken kann die Sonne immer wieder f\u00fcr freundliche Momente sorgen.<\/p>\n\n\n\n<p class=\"wp-block-paragraph\">Besonders entlang der Saale d\u00fcrfte der Wind noch deutlich bemerkbar sein.<\/p>\n\n\n\n<p class=\"wp-block-paragraph\">Nach den starken B\u00f6en der vergangenen Tage sollte man bei Spazierg\u00e4ngen unter gr\u00f6\u00dferen B\u00e4umen au\u00dferdem etwas aufmerksam bleiben \u2013 einzelne geschw\u00e4chte \u00c4ste k\u00f6nnen auch nach einem Sturm noch herunterfallen.<\/p>\n\n\n\n<p class=\"wp-block-paragraph\"><strong>\ud83c\udf20 Blick zum Himmel<\/strong><\/p>\n\n\n\n<p class=\"wp-block-paragraph\">F\u00fcr astronomische Beobachtungen verbessern sich die Bedingungen heute Abend langsam.<\/p>\n\n\n\n<p class=\"wp-block-paragraph\">Mit nachlassendem Wind und zunehmenden Auflockerungen k\u00f6nnen sich gr\u00f6\u00dfere klare Abschnitte entwickeln.<\/p>\n\n\n\n<p class=\"wp-block-paragraph\">Noch besser sieht es derzeit f\u00fcr <strong>Sonntagabend<\/strong> aus. Dann wird deutlich weniger Wind erwartet und auch die Bew\u00f6lkung d\u00fcrfte geringer sein.<\/p>\n\n\n\n<p class=\"wp-block-paragraph\">Wer also mit dem Teleskop beobachten m\u00f6chte, sollte besonders den morgigen Abend im Blick behalten. \ud83d\udd2d\u2728<\/p>\n\n\n\n<p class=\"wp-block-paragraph\"><strong>\ud83d\udccd Hossis Wetterfazit<\/strong><\/p>\n\n\n\n<p class=\"wp-block-paragraph\"><strong>Heute k\u00f6nnen wir nach dem st\u00fcrmischen Freitag langsam wieder durchatmen. \ud83c\udf24\ufe0f\ud83d\udca8<\/strong><\/p>\n\n\n\n<p class=\"wp-block-paragraph\">Mit rund <strong>21 \u00b0C<\/strong> wird es deutlich k\u00fchler. Sonne und Wolken wechseln sich ab und lediglich einzelne kurze Schauer sind m\u00f6glich.<\/p>\n\n\n\n<p class=\"wp-block-paragraph\">Ganz vorbei ist das windige Wetter allerdings noch nicht:<\/p>\n\n\n\n<p class=\"wp-block-paragraph\"><strong>Bis 18 Uhr gilt f\u00fcr Wettin-L\u00f6bej\u00fcn eine amtliche DWD-Warnung vor Windb\u00f6en zwischen 50 und 60 km\/h.<\/strong><\/p>\n\n\n\n<p class=\"wp-block-paragraph\">Danach beruhigt sich die Wetterlage zunehmend.<\/p>\n\n\n\n<p class=\"wp-block-paragraph\"><strong>Mein Tipp f\u00fcr Brachwitz:<\/strong> F\u00fcr Gartenarbeit, Spaziergang oder Fahrradtour eignet sich heute besonders der sp\u00e4tere Nachmittag und Abend, wenn der Wind langsam nachl\u00e4sst.<\/p>\n\n\n\n<p class=\"wp-block-paragraph\">Und der Blick auf Sonntag macht Hoffnung: <strong>weniger Wind, viel Sonne und rund 20 \u00b0C \u2013 wahrscheinlich der sch\u00f6nste Tag des Wochenendes. \u2600\ufe0f\ud83c\udf3f<\/strong><\/p>\n\n\n\n<p class=\"wp-block-paragraph\"><strong>\ud83d\udcf7 Meteogramm:<\/strong> Norwegisches Wetterinstitut (yr.no)<br><strong>\ud83c\udf26\ufe0f Wetterlage und Warninformationen:<\/strong> Deutscher Wetterdienst (DWD)<br><strong>\ud83d\udccd Region:<\/strong> Brachwitz \u2013 Wettin-L\u00f6bej\u00fcn \u2013 Saalekreis \u2013 Halle (Saale)<\/p>\n","protected":false},"excerpt":{"rendered":"<p>Samstag, 5. September 2026 \ud83c\udf3e Blick aus Brachwitz Guten Morgen aus Brachwitz! Nach dem st\u00fcrmischen und ungew\u00f6hnlich warmen Freitag zeigt sich der Samstag heute deutlich gem\u00e4\u00dfigter. Aktuell liegen die Temperaturen bei etwa 19 \u00b0C und zwischen den Wolken zeigt sich <span class=\"excerpt-dots\">&hellip;<\/span> <a class=\"more-link\" href=\"https:\/\/www.hossi-im-netz.de\/wordpress\/wettervorhersage-fuer-brachwitz-wettin-loebejuen-den-saalekreis-und-halle-saale-05-09-2036\/\"><span class=\"more-msg\">Weiterlesen &rarr;<\/span><\/a><\/p>\n","protected":false},"author":1,"featured_media":0,"comment_status":"open","ping_status":"closed","sticky":false,"template":"","format":"standard","meta":{"_exactmetrics_skip_tracking":false,"_exactmetrics_sitenote_active":false,"_exactmetrics_sitenote_note":"","_exactmetrics_sitenote_category":0,"_jetpack_newsletter_access":"","_jetpack_dont_email_post_to_subs":false,"_jetpack_newsletter_tier_id":0,"_jetpack_memberships_contains_paywalled_content":false,"_jetpack_feature_clip_id":0,"_jetpack_memberships_contains_paid_content":false,"footnotes":"","jetpack_publicize_message":"","jetpack_publicize_feature_enabled":true,"jetpack_social_post_already_shared":true,"jetpack_social_options":{"image_generator_settings":{"template":"highway","default_image_id":0,"font":"","enabled":false},"version":2},"jetpack_post_was_ever_published":false},"categories":[37],"tags":[],"yst_prominent_words":[5499,4407,1410,4793,8927,3997,5436],"class_list":["post-25467","post","type-post","status-publish","format-standard","hentry","category-wetterblog"],"jetpack_publicize_connections":[],"jetpack_featured_media_url":"","jetpack_sharing_enabled":true,"jetpack_shortlink":"https:\/\/wp.me\/p5DnIb-6CL","jetpack-related-posts":[],"jetpack_likes_enabled":true,"_links":{"self":[{"href":"https:\/\/www.hossi-im-netz.de\/wordpress\/wp-json\/wp\/v2\/posts\/25467","targetHints":{"allow":["GET"]}}],"collection":[{"href":"https:\/\/www.hossi-im-netz.de\/wordpress\/wp-json\/wp\/v2\/posts"}],"about":[{"href":"https:\/\/www.hossi-im-netz.de\/wordpress\/wp-json\/wp\/v2\/types\/post"}],"author":[{"embeddable":true,"href":"https:\/\/www.hossi-im-netz.de\/wordpress\/wp-json\/wp\/v2\/users\/1"}],"replies":[{"embeddable":true,"href":"https:\/\/www.hossi-im-netz.de\/wordpress\/wp-json\/wp\/v2\/comments?post=25467"}],"version-history":[{"count":1,"href":"https:\/\/www.hossi-im-netz.de\/wordpress\/wp-json\/wp\/v2\/posts\/25467\/revisions"}],"predecessor-version":[{"id":25469,"href":"https:\/\/www.hossi-im-netz.de\/wordpress\/wp-json\/wp\/v2\/posts\/25467\/revisions\/25469"}],"wp:attachment":[{"href":"https:\/\/www.hossi-im-netz.de\/wordpress\/wp-json\/wp\/v2\/media?parent=25467"}],"wp:term":[{"taxonomy":"category","embeddable":true,"href":"https:\/\/www.hossi-im-netz.de\/wordpress\/wp-json\/wp\/v2\/categories?post=25467"},{"taxonomy":"post_tag","embeddable":true,"href":"https:\/\/www.hossi-im-netz.de\/wordpress\/wp-json\/wp\/v2\/tags?post=25467"},{"taxonomy":"yst_prominent_words","embeddable":true,"href":"https:\/\/www.hossi-im-netz.de\/wordpress\/wp-json\/wp\/v2\/yst_prominent_words?post=25467"}],"curies":[{"name":"wp","href":"https:\/\/api.w.org\/{rel}","templated":true}]}}