{"id":25470,"date":"2026-09-05T12:32:35","date_gmt":"2026-09-05T10:32:35","guid":{"rendered":"https:\/\/www.hossi-im-netz.de\/wordpress\/?p=25470"},"modified":"2026-09-05T12:32:37","modified_gmt":"2026-09-05T10:32:37","slug":"wetterthema-des-tages-05-09-2026","status":"publish","type":"post","link":"https:\/\/www.hossi-im-netz.de\/wordpress\/wetterthema-des-tages-05-09-2026\/","title":{"rendered":"Wetterthema des Tages &#8211; 05.09.2026"},"content":{"rendered":"\n<p class=\"wp-block-paragraph\"><strong>Auf dem Weg in den Herbst \u2013 warum die Tage jetzt so schnell k\u00fcrzer werden<\/strong><\/p>\n\n\n\n<figure class=\"wp-block-image size-large\"><img loading=\"lazy\" decoding=\"async\" width=\"1024\" height=\"576\" data-attachment-id=\"25473\" data-permalink=\"https:\/\/www.hossi-im-netz.de\/wordpress\/wetterthema-des-tages-05-09-2026\/39392740-40c4-4dd8-8946-d867383a45ec\/\" data-orig-file=\"https:\/\/www.hossi-im-netz.de\/wordpress\/wp-content\/uploads\/2026\/09\/39392740-40C4-4DD8-8946-D867383A45EC.png\" data-orig-size=\"1672,941\" data-comments-opened=\"1\" data-image-meta=\"{&quot;aperture&quot;:&quot;0&quot;,&quot;credit&quot;:&quot;&quot;,&quot;camera&quot;:&quot;&quot;,&quot;caption&quot;:&quot;&quot;,&quot;created_timestamp&quot;:&quot;0&quot;,&quot;copyright&quot;:&quot;&quot;,&quot;focal_length&quot;:&quot;0&quot;,&quot;iso&quot;:&quot;0&quot;,&quot;shutter_speed&quot;:&quot;0&quot;,&quot;title&quot;:&quot;&quot;,&quot;orientation&quot;:&quot;0&quot;,&quot;alt&quot;:&quot;&quot;}\" data-image-title=\"39392740-40C4-4DD8-8946-D867383A45EC\" data-image-description=\"\" data-image-caption=\"\" data-large-file=\"https:\/\/www.hossi-im-netz.de\/wordpress\/wp-content\/uploads\/2026\/09\/39392740-40C4-4DD8-8946-D867383A45EC-1024x576.png\" src=\"https:\/\/www.hossi-im-netz.de\/wordpress\/wp-content\/uploads\/2026\/09\/39392740-40C4-4DD8-8946-D867383A45EC-1024x576.png\" alt=\"\" class=\"wp-image-25473\" srcset=\"https:\/\/www.hossi-im-netz.de\/wordpress\/wp-content\/uploads\/2026\/09\/39392740-40C4-4DD8-8946-D867383A45EC-1024x576.png 1024w, https:\/\/www.hossi-im-netz.de\/wordpress\/wp-content\/uploads\/2026\/09\/39392740-40C4-4DD8-8946-D867383A45EC-300x169.png 300w, https:\/\/www.hossi-im-netz.de\/wordpress\/wp-content\/uploads\/2026\/09\/39392740-40C4-4DD8-8946-D867383A45EC-768x432.png 768w, https:\/\/www.hossi-im-netz.de\/wordpress\/wp-content\/uploads\/2026\/09\/39392740-40C4-4DD8-8946-D867383A45EC-1536x864.png 1536w, https:\/\/www.hossi-im-netz.de\/wordpress\/wp-content\/uploads\/2026\/09\/39392740-40C4-4DD8-8946-D867383A45EC.png 1672w\" sizes=\"auto, (max-width: 1024px) 100vw, 1024px\" \/><\/figure>\n\n\n\n<p class=\"wp-block-paragraph\">Anfang September ist eine Ver\u00e4nderung besonders deutlich zu sp\u00fcren: Das verf\u00fcgbare Tageslicht nimmt inzwischen merklich ab. Morgens wird es sp\u00e4ter hell und am Abend verschwindet die Sonne immer fr\u00fcher hinter dem Horizont. Noch kann die Sonne an freundlichen Tagen f\u00fcr sp\u00e4tsommerliche W\u00e4rme sorgen, doch die Voraussetzungen f\u00fcr l\u00e4ngere k\u00fchle N\u00e4chte, Tau und Nebel werden zunehmend g\u00fcnstiger.<\/p>\n\n\n\n<p class=\"wp-block-paragraph\">Hinter dieser Entwicklung steckt keine Ver\u00e4nderung des Abstandes zwischen Erde und Sonne, sondern vor allem die Neigung der Erdachse. Auf der Nordhalbkugel wandert die scheinbare Sonnenbahn seit der Sommersonnenwende im Juni immer weiter nach S\u00fcden. Dadurch werden die Tage k\u00fcrzer und der Sonnenstand zur Mittagszeit niedriger.<\/p>\n\n\n\n<p class=\"wp-block-paragraph\">F\u00fcr unser Wetter ist das wesentlich wichtiger, als es zun\u00e4chst klingt. Denn weniger Sonnenenergie bedeutet langfristig auch weniger Erw\u00e4rmung der Erdoberfl\u00e4che \u2013 und damit beginnt eine grundlegende jahreszeitliche Umstellung der Atmosph\u00e4re.<\/p>\n\n\n\n<p class=\"wp-block-paragraph\">Kernaussagen<\/p>\n\n\n\n<p class=\"wp-block-paragraph\">Seit der Sommersonnenwende nimmt die Tagesl\u00e4nge auf der Nordhalbkugel kontinuierlich ab. Anfang September geschieht das in unseren Breiten besonders auff\u00e4llig: Von einem Tag zum n\u00e4chsten gehen mehrere Minuten Tageslicht verloren.<\/p>\n\n\n\n<p class=\"wp-block-paragraph\">Gleichzeitig steht die Sonne mittags bereits deutlich tiefer als noch im Juni oder Juli. Ihre Strahlen treffen dadurch in einem flacheren Winkel auf den Boden und verteilen ihre Energie auf eine gr\u00f6\u00dfere Fl\u00e4che.<\/p>\n\n\n\n<p class=\"wp-block-paragraph\">Die l\u00e4nger werdenden N\u00e4chte geben dem Boden au\u00dferdem mehr Zeit, W\u00e4rme abzustrahlen. Besonders bei klarem Himmel und schwachem Wind k\u00f6nnen die Temperaturen deshalb nachts bereits deutlich absinken.<\/p>\n\n\n\n<p class=\"wp-block-paragraph\">Damit beginnt auch die klassische Zeit f\u00fcr morgendlichen Tau und erste h\u00e4ufiger auftretende Nebelfelder in Flussniederungen und Senken.<\/p>\n\n\n\n<p class=\"wp-block-paragraph\">Meteorologischer Hintergrund<\/p>\n\n\n\n<p class=\"wp-block-paragraph\">Die Ursache f\u00fcr unsere Jahreszeiten ist die um ungef\u00e4hr 23,4 Grad geneigte Erdachse.<\/p>\n\n\n\n<p class=\"wp-block-paragraph\">W\u00e4hrend die Erde innerhalb eines Jahres die Sonne umrundet, bleibt die Orientierung dieser Achse im Raum ann\u00e4hernd erhalten. Dadurch ist im Sommer die Nordhalbkugel st\u00e4rker zur Sonne geneigt, im Winter dagegen von ihr weg.<\/p>\n\n\n\n<p class=\"wp-block-paragraph\">Zur Sommersonnenwende erreicht die Sonne bei uns ihren h\u00f6chsten Mittagsstand und beschreibt gleichzeitig ihren l\u00e4ngsten Tagesbogen \u00fcber dem Horizont.<\/p>\n\n\n\n<p class=\"wp-block-paragraph\">Danach ver\u00e4ndert sich die Situation jeden Tag ein wenig.<\/p>\n\n\n\n<p class=\"wp-block-paragraph\">Der Sonnenaufgangspunkt wandert am Horizont weiter nach S\u00fcden und auch der Sonnenuntergangspunkt verschiebt sich entsprechend. Der Weg der Sonne \u00fcber den Himmel wird dadurch immer k\u00fcrzer.<\/p>\n\n\n\n<p class=\"wp-block-paragraph\">Gleichzeitig sinkt ihre maximale H\u00f6he \u00fcber dem Horizont.<\/p>\n\n\n\n<p class=\"wp-block-paragraph\">Das hat unmittelbare Folgen f\u00fcr die Energiebilanz der Erdoberfl\u00e4che.<\/p>\n\n\n\n<p class=\"wp-block-paragraph\">Steht die Sonne hoch, trifft ihre Strahlung relativ steil auf den Boden. Dieselbe Energiemenge verteilt sich dann auf eine vergleichsweise kleine Fl\u00e4che.<\/p>\n\n\n\n<p class=\"wp-block-paragraph\">Bei niedrigem Sonnenstand trifft das Licht dagegen flacher auf die Oberfl\u00e4che. Die Energie verteilt sich \u00fcber eine gr\u00f6\u00dfere Fl\u00e4che und die Erw\u00e4rmungswirkung nimmt ab.<\/p>\n\n\n\n<p class=\"wp-block-paragraph\">Zus\u00e4tzlich muss die Sonnenstrahlung bei niedrigem Sonnenstand einen l\u00e4ngeren Weg durch die Atmosph\u00e4re zur\u00fccklegen.<\/p>\n\n\n\n<p class=\"wp-block-paragraph\">Der entscheidende jahreszeitliche Effekt entsteht deshalb aus zwei Entwicklungen: Die Sonne scheint t\u00e4glich k\u00fcrzer und gleichzeitig weniger intensiv auf unsere Breiten.<\/p>\n\n\n\n<p class=\"wp-block-paragraph\">Trotzdem kann es im September noch ausgesprochen warme Tage geben.<\/p>\n\n\n\n<p class=\"wp-block-paragraph\">Das liegt unter anderem an der thermischen Tr\u00e4gheit unseres Klimasystems. B\u00f6den, Gew\u00e4sser und besonders die gro\u00dfen Meere haben w\u00e4hrend des Sommers erhebliche W\u00e4rmemengen gespeichert. Diese Energie wird nur langsam wieder abgegeben.<\/p>\n\n\n\n<p class=\"wp-block-paragraph\">Deshalb folgt die Temperaturentwicklung dem Sonnenstand zeitlich verz\u00f6gert.<\/p>\n\n\n\n<p class=\"wp-block-paragraph\">Meteorologen sprechen in diesem Zusammenhang h\u00e4ufig vom jahreszeitlichen Temperaturversatz. Die h\u00f6chsten Durchschnittstemperaturen treten nicht zur Sommersonnenwende im Juni auf, sondern gew\u00f6hnlich einige Wochen sp\u00e4ter.<\/p>\n\n\n\n<p class=\"wp-block-paragraph\">Im Herbst funktioniert dieser Effekt umgekehrt.<\/p>\n\n\n\n<p class=\"wp-block-paragraph\">Obwohl die Sonneneinstrahlung bereits deutlich zur\u00fcckgeht, befindet sich noch viel W\u00e4rme im System. Gelangt zus\u00e4tzlich warme Luft aus S\u00fcd- oder S\u00fcdwesteuropa nach Deutschland, sind deshalb auch im September noch sommerliche Temperaturen m\u00f6glich.<\/p>\n\n\n\n<p class=\"wp-block-paragraph\">Nachts zeigt sich die fortschreitende Jahreszeit jedoch immer deutlicher.<\/p>\n\n\n\n<p class=\"wp-block-paragraph\">Bei klarem Himmel kann die Erdoberfl\u00e4che langwellige W\u00e4rmestrahlung abgeben. Je l\u00e4nger die Nacht dauert, desto mehr Zeit steht f\u00fcr diese Ausk\u00fchlung zur Verf\u00fcgung.<\/p>\n\n\n\n<p class=\"wp-block-paragraph\">Besonders in windschwachen N\u00e4chten k\u00f6nnen bodennahe Luftschichten dadurch stark abk\u00fchlen.<\/p>\n\n\n\n<p class=\"wp-block-paragraph\">Erreicht die Temperatur den Taupunkt, kondensiert Wasserdampf. Auf Pflanzen und anderen Oberfl\u00e4chen bildet sich Tau. In ausreichend feuchter Luft k\u00f6nnen gleichzeitig Nebelfelder entstehen.<\/p>\n\n\n\n<p class=\"wp-block-paragraph\">Flusslandschaften wie das Saaletal besitzen daf\u00fcr besonders g\u00fcnstige Voraussetzungen.<\/p>\n\n\n\n<p class=\"wp-block-paragraph\">Damit ver\u00e4ndert die k\u00fcrzer werdende Tagesl\u00e4nge nicht nur unseren Alltag. Sie beeinflusst zunehmend auch die gesamte Wetterk\u00fcche.<\/p>\n\n\n\n<p class=\"wp-block-paragraph\">Schon gewusst?<\/p>\n\n\n\n<p class=\"wp-block-paragraph\">Rund um die Tagundnachtgleiche ver\u00e4ndert sich die Tagesl\u00e4nge in unseren Breiten besonders schnell.<\/p>\n\n\n\n<p class=\"wp-block-paragraph\">Der Grund liegt in der scheinbaren Bewegung der Sonne entlang des Horizonts. Im September verschieben sich Sonnenauf- und Sonnenuntergang von Tag zu Tag besonders deutlich.<\/p>\n\n\n\n<p class=\"wp-block-paragraph\">Die astronomische Tagundnachtgleiche f\u00e4llt in diesem Jahr auf den 23. September 2026. Dann \u00fcberquert die Sonne den Himmels\u00e4quator in s\u00fcdlicher Richtung.<\/p>\n\n\n\n<p class=\"wp-block-paragraph\">Der Name \u201eTagundnachtgleiche\u201c ist allerdings etwas vereinfachend.<\/p>\n\n\n\n<p class=\"wp-block-paragraph\">Tag und Nacht sind an diesem Datum nicht \u00fcberall exakt zw\u00f6lf Stunden lang. Unter anderem durch die Lichtbrechung in der Atmosph\u00e4re k\u00f6nnen wir die Sonne bereits sehen, obwohl sie geometrisch noch knapp unter dem Horizont steht. Auch die Definition von Sonnenauf- und Sonnenuntergang spielt dabei eine Rolle.<\/p>\n\n\n\n<p class=\"wp-block-paragraph\">Nach der Tagundnachtgleiche geht die Entwicklung unaufhaltsam weiter: Die N\u00e4chte werden l\u00e4nger als die Tage.<\/p>\n\n\n\n<p class=\"wp-block-paragraph\">Erst mit der Wintersonnenwende im Dezember erreicht dieser Prozess seinen Wendepunkt.<\/p>\n\n\n\n<p class=\"wp-block-paragraph\">Dann beginnt der scheinbare Lauf der Sonne wieder in die andere Richtung \u2013 zun\u00e4chst fast unmerklich, sp\u00e4ter jedoch von Woche zu Woche deutlicher.<\/p>\n\n\n\n<p class=\"wp-block-paragraph\">Der Herbst ist deshalb nicht einfach nur eine Zeit sinkender Temperaturen.<\/p>\n\n\n\n<p class=\"wp-block-paragraph\">Er ist die sichtbare Folge einer gewaltigen astronomischen Ver\u00e4nderung, die sich jeden Tag in wenigen Minuten weniger Tageslicht bemerkbar macht.<\/p>\n","protected":false},"excerpt":{"rendered":"<p>Auf dem Weg in den Herbst \u2013 warum die Tage jetzt so schnell k\u00fcrzer werden Anfang September ist eine Ver\u00e4nderung besonders deutlich zu sp\u00fcren: Das verf\u00fcgbare Tageslicht nimmt inzwischen merklich ab. Morgens wird es sp\u00e4ter hell und am Abend verschwindet <span class=\"excerpt-dots\">&hellip;<\/span> <a class=\"more-link\" href=\"https:\/\/www.hossi-im-netz.de\/wordpress\/wetterthema-des-tages-05-09-2026\/\"><span class=\"more-msg\">Weiterlesen &rarr;<\/span><\/a><\/p>\n","protected":false},"author":1,"featured_media":0,"comment_status":"open","ping_status":"closed","sticky":false,"template":"","format":"standard","meta":{"_exactmetrics_skip_tracking":false,"_exactmetrics_sitenote_active":false,"_exactmetrics_sitenote_note":"","_exactmetrics_sitenote_category":0,"_jetpack_newsletter_access":"","_jetpack_dont_email_post_to_subs":false,"_jetpack_newsletter_tier_id":0,"_jetpack_memberships_contains_paywalled_content":false,"_jetpack_feature_clip_id":0,"_jetpack_memberships_contains_paid_content":false,"footnotes":"","jetpack_publicize_message":"","jetpack_publicize_feature_enabled":true,"jetpack_social_post_already_shared":true,"jetpack_social_options":{"image_generator_settings":{"template":"highway","default_image_id":0,"font":"","enabled":false},"version":2},"jetpack_post_was_ever_published":false},"categories":[37],"tags":[],"yst_prominent_words":[5689,6217,8997,6731,3016,2211,7412,8948],"class_list":["post-25470","post","type-post","status-publish","format-standard","hentry","category-wetterblog"],"jetpack_publicize_connections":[],"jetpack_featured_media_url":"","jetpack_sharing_enabled":true,"jetpack_shortlink":"https:\/\/wp.me\/p5DnIb-6CO","jetpack-related-posts":[],"jetpack_likes_enabled":true,"_links":{"self":[{"href":"https:\/\/www.hossi-im-netz.de\/wordpress\/wp-json\/wp\/v2\/posts\/25470","targetHints":{"allow":["GET"]}}],"collection":[{"href":"https:\/\/www.hossi-im-netz.de\/wordpress\/wp-json\/wp\/v2\/posts"}],"about":[{"href":"https:\/\/www.hossi-im-netz.de\/wordpress\/wp-json\/wp\/v2\/types\/post"}],"author":[{"embeddable":true,"href":"https:\/\/www.hossi-im-netz.de\/wordpress\/wp-json\/wp\/v2\/users\/1"}],"replies":[{"embeddable":true,"href":"https:\/\/www.hossi-im-netz.de\/wordpress\/wp-json\/wp\/v2\/comments?post=25470"}],"version-history":[{"count":2,"href":"https:\/\/www.hossi-im-netz.de\/wordpress\/wp-json\/wp\/v2\/posts\/25470\/revisions"}],"predecessor-version":[{"id":25474,"href":"https:\/\/www.hossi-im-netz.de\/wordpress\/wp-json\/wp\/v2\/posts\/25470\/revisions\/25474"}],"wp:attachment":[{"href":"https:\/\/www.hossi-im-netz.de\/wordpress\/wp-json\/wp\/v2\/media?parent=25470"}],"wp:term":[{"taxonomy":"category","embeddable":true,"href":"https:\/\/www.hossi-im-netz.de\/wordpress\/wp-json\/wp\/v2\/categories?post=25470"},{"taxonomy":"post_tag","embeddable":true,"href":"https:\/\/www.hossi-im-netz.de\/wordpress\/wp-json\/wp\/v2\/tags?post=25470"},{"taxonomy":"yst_prominent_words","embeddable":true,"href":"https:\/\/www.hossi-im-netz.de\/wordpress\/wp-json\/wp\/v2\/yst_prominent_words?post=25470"}],"curies":[{"name":"wp","href":"https:\/\/api.w.org\/{rel}","templated":true}]}}