{"id":25475,"date":"2026-09-06T07:14:14","date_gmt":"2026-09-06T05:14:14","guid":{"rendered":"https:\/\/www.hossi-im-netz.de\/wordpress\/?p=25475"},"modified":"2026-09-06T07:14:16","modified_gmt":"2026-09-06T05:14:16","slug":"wettervorhersage-fuer-brachwitz-wettin-loebejuen-den-saalekreis-und-halle-saale-06-09-2026","status":"publish","type":"post","link":"https:\/\/www.hossi-im-netz.de\/wordpress\/wettervorhersage-fuer-brachwitz-wettin-loebejuen-den-saalekreis-und-halle-saale-06-09-2026\/","title":{"rendered":"Wettervorhersage f\u00fcr Brachwitz, Wettin-L\u00f6bej\u00fcn, den Saalekreis und Halle (Saale) 06.09.2026"},"content":{"rendered":"\n<p class=\"wp-block-paragraph\"><strong>Sonntag, 6. September 2026<\/strong><\/p>\n\n\n\n<p class=\"wp-block-paragraph\"><strong>\ud83c\udf3e Blick aus Brachwitz<\/strong><\/p>\n\n\n\n<p class=\"wp-block-paragraph\"><strong>Guten Morgen aus Brachwitz!<\/strong><\/p>\n\n\n\n<p class=\"wp-block-paragraph\">Nach den windigen und wechselhaften Tagen der vergangenen Woche k\u00f6nnen wir heute wettertechnisch endlich wieder durchatmen.<\/p>\n\n\n\n<p class=\"wp-block-paragraph\">Der Sonntag beginnt mit etwa <strong>10 \u00b0C<\/strong> ziemlich frisch. Im Laufe des Vormittags wechseln sich zun\u00e4chst Sonne und einige Wolken ab.<\/p>\n\n\n\n<p class=\"wp-block-paragraph\">Sp\u00e4ter setzt sich die Sonne immer besser durch und die Temperaturen steigen in Brachwitz auf etwa <strong>20 bis 22 \u00b0C<\/strong>.<\/p>\n\n\n\n<p class=\"wp-block-paragraph\">Dazu weht nur noch ein schwacher Wind \u2013 ein deutlicher Unterschied zu den vergangenen Tagen.<\/p>\n\n\n\n<p class=\"wp-block-paragraph\"><strong>\ud83d\udcf7 Meteogramm des Norwegischen Wetterinstituts (yr.no)<\/strong><\/p>\n\n\n\n<figure class=\"wp-block-image size-large\"><img loading=\"lazy\" decoding=\"async\" width=\"1024\" height=\"489\" data-attachment-id=\"25476\" data-permalink=\"https:\/\/www.hossi-im-netz.de\/wordpress\/wettervorhersage-fuer-brachwitz-wettin-loebejuen-den-saalekreis-und-halle-saale-06-09-2026\/screenshot-876\/\" data-orig-file=\"https:\/\/www.hossi-im-netz.de\/wordpress\/wp-content\/uploads\/2026\/09\/IMG_2174.jpeg\" data-orig-size=\"2268,1084\" data-comments-opened=\"1\" data-image-meta=\"{&quot;aperture&quot;:&quot;0&quot;,&quot;credit&quot;:&quot;&quot;,&quot;camera&quot;:&quot;&quot;,&quot;caption&quot;:&quot;Screenshot&quot;,&quot;created_timestamp&quot;:&quot;1788678753&quot;,&quot;copyright&quot;:&quot;&quot;,&quot;focal_length&quot;:&quot;0&quot;,&quot;iso&quot;:&quot;0&quot;,&quot;shutter_speed&quot;:&quot;0&quot;,&quot;title&quot;:&quot;Screenshot&quot;,&quot;orientation&quot;:&quot;1&quot;,&quot;alt&quot;:&quot;&quot;}\" data-image-title=\"Screenshot\" data-image-description=\"\" data-image-caption=\"&lt;p&gt;Screenshot&lt;\/p&gt;\n\" data-large-file=\"https:\/\/www.hossi-im-netz.de\/wordpress\/wp-content\/uploads\/2026\/09\/IMG_2174-1024x489.jpeg\" src=\"https:\/\/www.hossi-im-netz.de\/wordpress\/wp-content\/uploads\/2026\/09\/IMG_2174-1024x489.jpeg\" alt=\"\" class=\"wp-image-25476\" srcset=\"https:\/\/www.hossi-im-netz.de\/wordpress\/wp-content\/uploads\/2026\/09\/IMG_2174-1024x489.jpeg 1024w, https:\/\/www.hossi-im-netz.de\/wordpress\/wp-content\/uploads\/2026\/09\/IMG_2174-300x143.jpeg 300w, https:\/\/www.hossi-im-netz.de\/wordpress\/wp-content\/uploads\/2026\/09\/IMG_2174-768x367.jpeg 768w, https:\/\/www.hossi-im-netz.de\/wordpress\/wp-content\/uploads\/2026\/09\/IMG_2174-1536x734.jpeg 1536w, https:\/\/www.hossi-im-netz.de\/wordpress\/wp-content\/uploads\/2026\/09\/IMG_2174-2048x979.jpeg 2048w\" sizes=\"auto, (max-width: 1024px) 100vw, 1024px\" \/><figcaption class=\"wp-element-caption\">Screenshot<\/figcaption><\/figure>\n\n\n\n<p class=\"wp-block-paragraph\"><strong>\u2600\ufe0f Das Wetter heute<\/strong><\/p>\n\n\n\n<p class=\"wp-block-paragraph\">Am Vormittag ziehen noch einige Wolkenfelder \u00fcber das Saaletal. Dazwischen zeigt sich aber bereits h\u00e4ufiger die Sonne.<\/p>\n\n\n\n<p class=\"wp-block-paragraph\">Im weiteren Tagesverlauf werden die sonnigen Abschnitte l\u00e4nger.<\/p>\n\n\n\n<p class=\"wp-block-paragraph\">Am Nachmittag erwartet uns schlie\u00dflich ein <strong>freundlicher Mix aus viel Sonne und wenigen Wolken<\/strong>.<\/p>\n\n\n\n<p class=\"wp-block-paragraph\">Regen spielt heute praktisch keine Rolle.<\/p>\n\n\n\n<p class=\"wp-block-paragraph\">Die Temperaturen erreichen in Brachwitz etwa <strong>20 bis 22 \u00b0C<\/strong>. Der Wind weht schwach und ist damit deutlich weniger auff\u00e4llig als an den vergangenen Tagen.<\/p>\n\n\n\n<p class=\"wp-block-paragraph\"><strong>\ud83c\udf21 Wetterdaten f\u00fcr Brachwitz<\/strong><\/p>\n\n\n\n<figure class=\"wp-block-table\"><table class=\"has-fixed-layout\"><tbody><tr><td><strong>Wetterelement<\/strong><\/td><td><strong>Heute<\/strong><\/td><\/tr><tr><td>\ud83c\udf21 H\u00f6chsttemperatur<\/td><td><strong>ca. 20\u201322 \u00b0C<\/strong><\/td><\/tr><tr><td>\ud83c\udf19 Tiefsttemperatur<\/td><td><strong>ca. 10 \u00b0C<\/strong><\/td><\/tr><tr><td>\u2600\ufe0f Wetter<\/td><td><strong>freundlich, zunehmend sonnig<\/strong><\/td><\/tr><tr><td>\u2601\ufe0f Bew\u00f6lkung<\/td><td><strong>vormittags einige Wolken, sp\u00e4ter weniger<\/strong><\/td><\/tr><tr><td>\ud83c\udf27\ufe0f Niederschlag<\/td><td><strong>trocken<\/strong><\/td><\/tr><tr><td>\u26c8\ufe0f Gewitter<\/td><td><strong>nicht zu erwarten<\/strong><\/td><\/tr><tr><td>\ud83d\udca8 Wind<\/td><td><strong>schwach<\/strong><\/td><\/tr><tr><td>\ud83d\udca8 B\u00f6en<\/td><td><strong>meist unter 25 km\/h<\/strong><\/td><\/tr><tr><td>\ud83c\udf21 W\u00e4rmegef\u00fchl<\/td><td><strong>morgens frisch, nachmittags angenehm<\/strong><\/td><\/tr><\/tbody><\/table><\/figure>\n\n\n\n<p class=\"wp-block-paragraph\"><strong>\u26a0\ufe0f Wetterwarnungen<\/strong><\/p>\n\n\n\n<p class=\"wp-block-paragraph\"><strong>\u2705 Heute endlich wieder ruhiges Wetter<\/strong><\/p>\n\n\n\n<p class=\"wp-block-paragraph\">F\u00fcr Brachwitz und den Saalekreis stehen heute <strong>keine markanten Wettergefahren<\/strong> im Vordergrund.<\/p>\n\n\n\n<p class=\"wp-block-paragraph\">Nach den kr\u00e4ftigen Wind- und Sturmb\u00f6en der vergangenen Tage hat sich die Wetterlage deutlich beruhigt.<\/p>\n\n\n\n<p class=\"wp-block-paragraph\">Sturm, Starkregen und Gewitter sind heute kein Thema.<\/p>\n\n\n\n<p class=\"wp-block-paragraph\">Lediglich am fr\u00fchen Morgen kann sich \u00f6rtlich in windgesch\u00fctzten Bereichen etwas Dunst oder flacher Nebel bilden.<\/p>\n\n\n\n<p class=\"wp-block-paragraph\">Damit erwartet uns heute einer der ruhigsten Wettertage der vergangenen Woche.<\/p>\n\n\n\n<p class=\"wp-block-paragraph\"><strong>\ud83d\udd2e Ausblick auf Montag<\/strong><\/p>\n\n\n\n<p class=\"wp-block-paragraph\"><strong>Morgen kommt der Sp\u00e4tsommer zur\u00fcck! \u2600\ufe0f\ud83c\udf21\ufe0f<\/strong><\/p>\n\n\n\n<p class=\"wp-block-paragraph\">Nach einer weiteren k\u00fchlen Nacht steigen die Temperaturen am Montag kr\u00e4ftig an.<\/p>\n\n\n\n<p class=\"wp-block-paragraph\">F\u00fcr Brachwitz sind aktuell etwa <strong>25 bis 26 \u00b0C<\/strong> m\u00f6glich.<\/p>\n\n\n\n<p class=\"wp-block-paragraph\">Dabei ziehen zwar einige Wolkenfelder durch, es bleibt aber voraussichtlich weitgehend trocken.<\/p>\n\n\n\n<p class=\"wp-block-paragraph\">Der Wind bleibt ebenfalls vergleichsweise schwach.<\/p>\n\n\n\n<p class=\"wp-block-paragraph\">Am Dienstag wird es mit etwa <strong>24 bis 25 \u00b0C<\/strong> noch einmal warm, allerdings nimmt dann die Schauerneigung wieder deutlich zu.<\/p>\n\n\n\n<p class=\"wp-block-paragraph\"><strong>\ud83c\udf05 Sonnenzeiten f\u00fcr Brachwitz<\/strong><\/p>\n\n\n\n<p class=\"wp-block-paragraph\">\ud83c\udf04 <strong>Sonnenaufgang:<\/strong> ca. <strong>06:33 Uhr<\/strong><br>\ud83c\udf07 <strong>Sonnenuntergang:<\/strong> ca. <strong>19:47 Uhr<\/strong><br>\u2600\ufe0f <strong>Tagesl\u00e4nge:<\/strong> rund <strong>13 Stunden und 14 Minuten<\/strong><\/p>\n\n\n\n<p class=\"wp-block-paragraph\">Inzwischen verlieren wir jeden Tag etwa vier Minuten Tageslicht.<\/p>\n\n\n\n<p class=\"wp-block-paragraph\">Am Abend ist mittlerweile deutlich zu merken, dass der meteorologische Herbst begonnen hat \u2013 die D\u00e4mmerung setzt wesentlich fr\u00fcher ein als noch vor wenigen Wochen.<\/p>\n\n\n\n<p class=\"wp-block-paragraph\"><strong>\ud83c\udf3f Naturbeobachtung des Tages<\/strong><\/p>\n\n\n\n<p class=\"wp-block-paragraph\"><strong>\ud83d\udca7 Ein typischer Fr\u00fchherbstmorgen<\/strong><\/p>\n\n\n\n<p class=\"wp-block-paragraph\">Mit Temperaturen um <strong>10 \u00b0C<\/strong> zeigt sich heute Morgen bereits eine typische Seite des fr\u00fchen Herbstes.<\/p>\n\n\n\n<p class=\"wp-block-paragraph\">Auf Wiesen und Pflanzen kann sich reichlich <strong>Tau<\/strong> gebildet haben. Besonders in der N\u00e4he der Saale sind am fr\u00fchen Morgen auch einzelne flache Dunstschleier m\u00f6glich.<\/p>\n\n\n\n<p class=\"wp-block-paragraph\">Sobald die Sonne h\u00f6her steigt, verschwinden diese Erscheinungen schnell.<\/p>\n\n\n\n<p class=\"wp-block-paragraph\">Am Nachmittag erinnert das Wetter dann wieder eher an den Sp\u00e4tsommer \u2013 mit Sonne, wenig Wind und Temperaturen \u00fcber 20 \u00b0C.<\/p>\n\n\n\n<p class=\"wp-block-paragraph\"><strong>\ud83c\udf20 Blick zum Himmel<\/strong><\/p>\n\n\n\n<p class=\"wp-block-paragraph\"><strong>\ud83d\udd2d Heute Abend lohnt sich das Teleskop!<\/strong><\/p>\n\n\n\n<p class=\"wp-block-paragraph\">Nach den schlechten Beobachtungsbedingungen der vergangenen Tage sieht es heute Abend deutlich besser aus.<\/p>\n\n\n\n<p class=\"wp-block-paragraph\">Die Bew\u00f6lkung nimmt im Tagesverlauf ab und auch der Wind spielt kaum noch eine Rolle.<\/p>\n\n\n\n<p class=\"wp-block-paragraph\">Damit k\u00f6nnten sich nach Sonnenuntergang l\u00e4ngere klare Abschnitte ergeben.<\/p>\n\n\n\n<p class=\"wp-block-paragraph\">Durch den Sonnenuntergang bereits gegen <strong>19:47 Uhr<\/strong> beginnt die astronomische Dunkelheit inzwischen wieder deutlich fr\u00fcher.<\/p>\n\n\n\n<p class=\"wp-block-paragraph\"><strong>Wer mit dem Teleskop beobachten m\u00f6chte, sollte den heutigen Abend nutzen.<\/strong> \ud83d\udd2d\u2728<\/p>\n\n\n\n<p class=\"wp-block-paragraph\"><strong>\ud83d\udccd Hossis Wetterfazit<\/strong><\/p>\n\n\n\n<p class=\"wp-block-paragraph\"><strong>Das d\u00fcrfte heute der sch\u00f6nste Tag des Wochenendes werden. \u2600\ufe0f\ud83c\udf3f<\/strong><\/p>\n\n\n\n<p class=\"wp-block-paragraph\">Nach einem frischen Start um <strong>10 \u00b0C<\/strong> bekommen wir einen zunehmend sonnigen und trockenen Sonntag.<\/p>\n\n\n\n<p class=\"wp-block-paragraph\">Mit etwa <strong>20 bis 22 \u00b0C<\/strong> wird es am Nachmittag angenehm mild \u2013 dazu endlich wieder wenig Wind.<\/p>\n\n\n\n<p class=\"wp-block-paragraph\"><strong>Mein Tipp f\u00fcr Brachwitz:<\/strong> Heute eignet sich hervorragend f\u00fcr Garten, Fahrradtour, einen Spaziergang an der Saale oder einfach einen ruhigen Nachmittag drau\u00dfen.<\/p>\n\n\n\n<p class=\"wp-block-paragraph\">Und auch der Abend k\u00f6nnte interessant werden: <strong>Die Bedingungen f\u00fcr einen Blick in den Sternenhimmel sind heute deutlich besser als zuletzt. \ud83d\udd2d\u2728<\/strong><\/p>\n\n\n\n<p class=\"wp-block-paragraph\">Wer es etwas w\u00e4rmer mag, darf sich auf morgen freuen: <strong>Am Montag k\u00f6nnten wir noch einmal rund 26 \u00b0C erreichen. \u2600\ufe0f\ud83c\udf21\ufe0f<\/strong><\/p>\n\n\n\n<p class=\"wp-block-paragraph\"><strong>\ud83d\udcf7 Meteogramm:<\/strong> Norwegisches Wetterinstitut (yr.no)<br><strong>\ud83c\udf26\ufe0f Wetterlage und Warninformationen:<\/strong> Deutscher Wetterdienst (DWD)<br><strong>\ud83d\udccd Region:<\/strong> Brachwitz \u2013 Wettin-L\u00f6bej\u00fcn \u2013 Saalekreis \u2013 Halle (Saale)<\/p>\n","protected":false},"excerpt":{"rendered":"<p>Sonntag, 6. September 2026 \ud83c\udf3e Blick aus Brachwitz Guten Morgen aus Brachwitz! Nach den windigen und wechselhaften Tagen der vergangenen Woche k\u00f6nnen wir heute wettertechnisch endlich wieder durchatmen. Der Sonntag beginnt mit etwa 10 \u00b0C ziemlich frisch. Im Laufe des <span class=\"excerpt-dots\">&hellip;<\/span> <a class=\"more-link\" href=\"https:\/\/www.hossi-im-netz.de\/wordpress\/wettervorhersage-fuer-brachwitz-wettin-loebejuen-den-saalekreis-und-halle-saale-06-09-2026\/\"><span class=\"more-msg\">Weiterlesen &rarr;<\/span><\/a><\/p>\n","protected":false},"author":1,"featured_media":0,"comment_status":"open","ping_status":"closed","sticky":false,"template":"","format":"standard","meta":{"_exactmetrics_skip_tracking":false,"_exactmetrics_sitenote_active":false,"_exactmetrics_sitenote_note":"","_exactmetrics_sitenote_category":0,"_jetpack_newsletter_access":"","_jetpack_dont_email_post_to_subs":false,"_jetpack_newsletter_tier_id":0,"_jetpack_memberships_contains_paywalled_content":false,"_jetpack_feature_clip_id":0,"_jetpack_memberships_contains_paid_content":false,"footnotes":"","jetpack_publicize_message":"","jetpack_publicize_feature_enabled":true,"jetpack_social_post_already_shared":true,"jetpack_social_options":{"image_generator_settings":{"template":"highway","default_image_id":0,"font":"","enabled":false},"version":2},"jetpack_post_was_ever_published":false},"categories":[37],"tags":[],"yst_prominent_words":[5499,5466,5727,11275,3847,1410,4100,2211,1451,1606,1220,5436],"class_list":["post-25475","post","type-post","status-publish","format-standard","hentry","category-wetterblog"],"jetpack_publicize_connections":[],"jetpack_featured_media_url":"","jetpack_sharing_enabled":true,"jetpack_shortlink":"https:\/\/wp.me\/p5DnIb-6CT","jetpack-related-posts":[],"jetpack_likes_enabled":true,"_links":{"self":[{"href":"https:\/\/www.hossi-im-netz.de\/wordpress\/wp-json\/wp\/v2\/posts\/25475","targetHints":{"allow":["GET"]}}],"collection":[{"href":"https:\/\/www.hossi-im-netz.de\/wordpress\/wp-json\/wp\/v2\/posts"}],"about":[{"href":"https:\/\/www.hossi-im-netz.de\/wordpress\/wp-json\/wp\/v2\/types\/post"}],"author":[{"embeddable":true,"href":"https:\/\/www.hossi-im-netz.de\/wordpress\/wp-json\/wp\/v2\/users\/1"}],"replies":[{"embeddable":true,"href":"https:\/\/www.hossi-im-netz.de\/wordpress\/wp-json\/wp\/v2\/comments?post=25475"}],"version-history":[{"count":1,"href":"https:\/\/www.hossi-im-netz.de\/wordpress\/wp-json\/wp\/v2\/posts\/25475\/revisions"}],"predecessor-version":[{"id":25477,"href":"https:\/\/www.hossi-im-netz.de\/wordpress\/wp-json\/wp\/v2\/posts\/25475\/revisions\/25477"}],"wp:attachment":[{"href":"https:\/\/www.hossi-im-netz.de\/wordpress\/wp-json\/wp\/v2\/media?parent=25475"}],"wp:term":[{"taxonomy":"category","embeddable":true,"href":"https:\/\/www.hossi-im-netz.de\/wordpress\/wp-json\/wp\/v2\/categories?post=25475"},{"taxonomy":"post_tag","embeddable":true,"href":"https:\/\/www.hossi-im-netz.de\/wordpress\/wp-json\/wp\/v2\/tags?post=25475"},{"taxonomy":"yst_prominent_words","embeddable":true,"href":"https:\/\/www.hossi-im-netz.de\/wordpress\/wp-json\/wp\/v2\/yst_prominent_words?post=25475"}],"curies":[{"name":"wp","href":"https:\/\/api.w.org\/{rel}","templated":true}]}}