{"id":25478,"date":"2026-09-06T17:33:16","date_gmt":"2026-09-06T15:33:16","guid":{"rendered":"https:\/\/www.hossi-im-netz.de\/wordpress\/?p=25478"},"modified":"2026-09-06T17:33:18","modified_gmt":"2026-09-06T15:33:18","slug":"wetterthema-des-tages-06-09-2026","status":"publish","type":"post","link":"https:\/\/www.hossi-im-netz.de\/wordpress\/wetterthema-des-tages-06-09-2026\/","title":{"rendered":"Wetterthema des Tages &#8211; 06.09.2026"},"content":{"rendered":"\n<p class=\"wp-block-paragraph\"><strong>Herbstliche Wettervielfalt \u2013 wenn Hoch und Tief um die Vorherrschaft ringen<\/strong><\/p>\n\n\n\n<figure class=\"wp-block-image size-large\"><img loading=\"lazy\" decoding=\"async\" width=\"1024\" height=\"576\" data-attachment-id=\"25479\" data-permalink=\"https:\/\/www.hossi-im-netz.de\/wordpress\/wetterthema-des-tages-06-09-2026\/b65989be-f2f9-44e1-94d1-13bdebfcf3a4\/\" data-orig-file=\"https:\/\/www.hossi-im-netz.de\/wordpress\/wp-content\/uploads\/2026\/09\/B65989BE-F2F9-44E1-94D1-13BDEBFCF3A4.png\" data-orig-size=\"1672,941\" data-comments-opened=\"1\" data-image-meta=\"{&quot;aperture&quot;:&quot;0&quot;,&quot;credit&quot;:&quot;&quot;,&quot;camera&quot;:&quot;&quot;,&quot;caption&quot;:&quot;&quot;,&quot;created_timestamp&quot;:&quot;0&quot;,&quot;copyright&quot;:&quot;&quot;,&quot;focal_length&quot;:&quot;0&quot;,&quot;iso&quot;:&quot;0&quot;,&quot;shutter_speed&quot;:&quot;0&quot;,&quot;title&quot;:&quot;&quot;,&quot;orientation&quot;:&quot;0&quot;,&quot;alt&quot;:&quot;&quot;}\" data-image-title=\"B65989BE-F2F9-44E1-94D1-13BDEBFCF3A4\" data-image-description=\"\" data-image-caption=\"\" data-large-file=\"https:\/\/www.hossi-im-netz.de\/wordpress\/wp-content\/uploads\/2026\/09\/B65989BE-F2F9-44E1-94D1-13BDEBFCF3A4-1024x576.png\" src=\"https:\/\/www.hossi-im-netz.de\/wordpress\/wp-content\/uploads\/2026\/09\/B65989BE-F2F9-44E1-94D1-13BDEBFCF3A4-1024x576.png\" alt=\"\" class=\"wp-image-25479\" srcset=\"https:\/\/www.hossi-im-netz.de\/wordpress\/wp-content\/uploads\/2026\/09\/B65989BE-F2F9-44E1-94D1-13BDEBFCF3A4-1024x576.png 1024w, https:\/\/www.hossi-im-netz.de\/wordpress\/wp-content\/uploads\/2026\/09\/B65989BE-F2F9-44E1-94D1-13BDEBFCF3A4-300x169.png 300w, https:\/\/www.hossi-im-netz.de\/wordpress\/wp-content\/uploads\/2026\/09\/B65989BE-F2F9-44E1-94D1-13BDEBFCF3A4-768x432.png 768w, https:\/\/www.hossi-im-netz.de\/wordpress\/wp-content\/uploads\/2026\/09\/B65989BE-F2F9-44E1-94D1-13BDEBFCF3A4-1536x864.png 1536w, https:\/\/www.hossi-im-netz.de\/wordpress\/wp-content\/uploads\/2026\/09\/B65989BE-F2F9-44E1-94D1-13BDEBFCF3A4.png 1672w\" sizes=\"auto, (max-width: 1024px) 100vw, 1024px\" \/><\/figure>\n\n\n\n<p class=\"wp-block-paragraph\">Anfang September zeigt sich das Wetter in Deutschland oft von seiner abwechslungsreichsten Seite. W\u00e4hrend sich im Osten und S\u00fcden h\u00e4ufig noch sommerlich warme Luftmassen halten k\u00f6nnen, bringen atlantische Tiefdruckgebiete im Westen und Norden zunehmend k\u00fchlere und feuchtere Luft nach Mitteleuropa.<\/p>\n\n\n\n<p class=\"wp-block-paragraph\">Damit beginnt eine Phase, in der Sommer und Herbst meteorologisch unmittelbar aufeinandertreffen. Sonnige und warme Abschnitte k\u00f6nnen sich innerhalb kurzer Zeit mit dichten Wolken, Regen, auffrischendem Wind und einzelnen kr\u00e4ftigen Schauern oder Gewittern abwechseln.<\/p>\n\n\n\n<p class=\"wp-block-paragraph\">Gerade diese Gegens\u00e4tze sind typisch f\u00fcr den September. Die Atmosph\u00e4re beginnt sich allm\u00e4hlich auf die k\u00fchlere Jahreszeit umzustellen, w\u00e4hrend gleichzeitig noch betr\u00e4chtliche W\u00e4rmemengen aus dem Sommer vorhanden sind.<\/p>\n\n\n\n<p class=\"wp-block-paragraph\">Kernaussagen<\/p>\n\n\n\n<p class=\"wp-block-paragraph\">Deutschland befindet sich Anfang September in einer \u00dcbergangsphase zwischen Sommer und Herbst.<\/p>\n\n\n\n<p class=\"wp-block-paragraph\">Warme Luft aus s\u00fcdlichen Breiten kann weiterhin f\u00fcr sp\u00e4tsommerliche Temperaturen sorgen. Gleichzeitig gewinnen Tiefdruckgebiete \u00fcber dem Nordatlantik wieder st\u00e4rker an Einfluss und transportieren k\u00fchlere Meeresluft nach Mitteleuropa.<\/p>\n\n\n\n<p class=\"wp-block-paragraph\">Zwischen diesen unterschiedlichen Luftmassen entstehen Fronten. Sie bringen Wolken, Regen und Schauer und k\u00f6nnen bei ausreichend feuchter und instabiler Luft auch Gewitter ausl\u00f6sen.<\/p>\n\n\n\n<p class=\"wp-block-paragraph\">Der Wind frischt im Umfeld von Tiefdruckgebieten und Fronten h\u00e4ufig auf und dreht nach einem Frontdurchgang oftmals auf westliche oder nordwestliche Richtungen.<\/p>\n\n\n\n<p class=\"wp-block-paragraph\">Damit kann sich der Wettercharakter innerhalb weniger Stunden deutlich ver\u00e4ndern. Auf einen warmen und freundlichen Nachmittag kann bereits ein wesentlich k\u00fchlerer, windiger und feuchter Tag folgen.<\/p>\n\n\n\n<p class=\"wp-block-paragraph\">Meteorologischer Hintergrund<\/p>\n\n\n\n<p class=\"wp-block-paragraph\">Unser Wetter in Mitteleuropa wird wesentlich durch die Westwindzone gepr\u00e4gt. In mehreren Kilometern H\u00f6he ziehen dabei immer wieder Tiefdruckgebiete vom Nordatlantik in Richtung Europa.<\/p>\n\n\n\n<p class=\"wp-block-paragraph\">Im Sommer kann diese Zirkulation zeitweise schw\u00e4cher ausgepr\u00e4gt sein. Stabile Hochdruckgebiete sorgen dann mitunter \u00fcber l\u00e4ngere Zeit f\u00fcr ruhiges und warmes Wetter.<\/p>\n\n\n\n<p class=\"wp-block-paragraph\">Mit dem \u00dcbergang zum Herbst ver\u00e4ndern sich jedoch die Temperaturverh\u00e4ltnisse auf der Nordhalbkugel.<\/p>\n\n\n\n<p class=\"wp-block-paragraph\">Die hohen n\u00f6rdlichen Breiten erhalten zunehmend weniger Sonnenenergie und beginnen sich st\u00e4rker abzuk\u00fchlen. Weiter s\u00fcdlich befinden sich dagegen noch gro\u00dfe Mengen gespeicherter W\u00e4rme.<\/p>\n\n\n\n<p class=\"wp-block-paragraph\">Dadurch nimmt der Temperaturunterschied zwischen verschiedenen Luftmassen allm\u00e4hlich wieder zu.<\/p>\n\n\n\n<p class=\"wp-block-paragraph\">Diese Gegens\u00e4tze sind f\u00fcr die Atmosph\u00e4re von gro\u00dfer Bedeutung. Sie liefern Energie f\u00fcr Tiefdruckgebiete und beg\u00fcnstigen eine zunehmend dynamische Westwindzirkulation.<\/p>\n\n\n\n<p class=\"wp-block-paragraph\">Trifft k\u00fchlere Meeresluft auf w\u00e4rmere Luft \u00fcber Mitteleuropa, entsteht eine Luftmassengrenze.<\/p>\n\n\n\n<p class=\"wp-block-paragraph\">An solchen Grenzen wird warme Luft h\u00e4ufig zum Aufsteigen gezwungen. Dabei dehnt sie sich aufgrund des sinkenden Luftdrucks aus und k\u00fchlt ab.<\/p>\n\n\n\n<p class=\"wp-block-paragraph\">Erreicht die Temperatur den Taupunkt, beginnt Wasserdampf zu kondensieren. Wolken entstehen und schlie\u00dflich kann Niederschlag einsetzen.<\/p>\n\n\n\n<p class=\"wp-block-paragraph\">Je nach Stabilit\u00e4t der Atmosph\u00e4re k\u00f6nnen daraus v\u00f6llig unterschiedliche Wettererscheinungen entstehen.<\/p>\n\n\n\n<p class=\"wp-block-paragraph\">Bei stabil geschichteter Luft bilden sich eher ausgedehnte Wolkenfelder mit l\u00e4nger anhaltendem Regen.<\/p>\n\n\n\n<p class=\"wp-block-paragraph\">Ist die Atmosph\u00e4re dagegen labil, k\u00f6nnen kr\u00e4ftige vertikale Luftbewegungen auftreten. Dann wachsen m\u00e4chtige Quellwolken, aus denen Schauer oder Gewitter entstehen k\u00f6nnen.<\/p>\n\n\n\n<p class=\"wp-block-paragraph\">Auch die noch relativ warmen Meere spielen im Fr\u00fchherbst eine wichtige Rolle.<\/p>\n\n\n\n<p class=\"wp-block-paragraph\">Nordsee und Ostsee haben w\u00e4hrend des Sommers erhebliche W\u00e4rmemengen aufgenommen. Str\u00f6mt nun k\u00fchlere Luft \u00fcber diese vergleichsweise warmen Wasserfl\u00e4chen, wird die unterste Luftschicht von unten erw\u00e4rmt.<\/p>\n\n\n\n<p class=\"wp-block-paragraph\">Gleichzeitig nimmt die Luft Feuchtigkeit auf.<\/p>\n\n\n\n<p class=\"wp-block-paragraph\">Dadurch kann die Atmosph\u00e4re instabiler werden. \u00dcber den K\u00fcstenregionen und angrenzenden Gebieten entstehen deshalb im Herbst h\u00e4ufiger kr\u00e4ftige Schauerstra\u00dfen.<\/p>\n\n\n\n<p class=\"wp-block-paragraph\">Weiter s\u00fcdlich wirken dagegen noch die aufgeheizten Landfl\u00e4chen und warme Luftmassen aus S\u00fcd- und S\u00fcdwesteuropa.<\/p>\n\n\n\n<p class=\"wp-block-paragraph\">Deutschland kann deshalb zeitweise genau zwischen diesen beiden Bereichen liegen.<\/p>\n\n\n\n<p class=\"wp-block-paragraph\">Das Ergebnis ist das typische Wechselspiel des Fr\u00fchherbstes: Sonne, Wolken, Wind und Niederschlag k\u00f6nnen sich innerhalb kurzer Zeit abwechseln.<\/p>\n\n\n\n<p class=\"wp-block-paragraph\">Schon gewusst?<\/p>\n\n\n\n<p class=\"wp-block-paragraph\">Der September kann meteorologisch erstaunlich gro\u00dfe Gegens\u00e4tze hervorbringen.<\/p>\n\n\n\n<p class=\"wp-block-paragraph\">An einzelnen Tagen sind in Deutschland noch Temperaturen von deutlich \u00fcber 30 Grad m\u00f6glich. Gleichzeitig k\u00f6nnen in klaren und windschwachen N\u00e4chten die Temperaturen bereits empfindlich zur\u00fcckgehen.<\/p>\n\n\n\n<p class=\"wp-block-paragraph\">Besonders in gesch\u00fctzten Senken und T\u00e4lern kann sich die Luft stark abk\u00fchlen.<\/p>\n\n\n\n<p class=\"wp-block-paragraph\">Auch Nebel wird nun wieder h\u00e4ufiger.<\/p>\n\n\n\n<p class=\"wp-block-paragraph\">Die l\u00e4nger werdenden N\u00e4chte geben dem Boden mehr Zeit, W\u00e4rme abzustrahlen. K\u00fchlt die bodennahe Luft dabei bis zum Taupunkt ab, kann Wasserdampf kondensieren und Nebel entstehen.<\/p>\n\n\n\n<p class=\"wp-block-paragraph\">Flussniederungen wie das Saaletal sind daf\u00fcr besonders anf\u00e4llig.<\/p>\n\n\n\n<p class=\"wp-block-paragraph\">Gleichzeitig bleiben Nord- und Ostsee noch lange vergleichsweise warm. W\u00e4hrend sich das Land nachts bereits kr\u00e4ftig abk\u00fchlen kann, geben die gro\u00dfen Wasserfl\u00e4chen ihre gespeicherte Sommerw\u00e4rme nur langsam wieder ab.<\/p>\n\n\n\n<p class=\"wp-block-paragraph\">Der September ist deshalb meteorologisch ein Monat der Kontraste.<\/p>\n\n\n\n<p class=\"wp-block-paragraph\">Sommerliche W\u00e4rme und erste herbstliche Luftmassen k\u00f6nnen nur wenige hundert Kilometer voneinander entfernt liegen \u2013 und genau diese Gegens\u00e4tze machen das Wetter dieser Jahreszeit besonders abwechslungsreich.<\/p>\n","protected":false},"excerpt":{"rendered":"<p>Herbstliche Wettervielfalt \u2013 wenn Hoch und Tief um die Vorherrschaft ringen Anfang September zeigt sich das Wetter in Deutschland oft von seiner abwechslungsreichsten Seite. W\u00e4hrend sich im Osten und S\u00fcden h\u00e4ufig noch sommerlich warme Luftmassen halten k\u00f6nnen, bringen atlantische Tiefdruckgebiete <span class=\"excerpt-dots\">&hellip;<\/span> <a class=\"more-link\" href=\"https:\/\/www.hossi-im-netz.de\/wordpress\/wetterthema-des-tages-06-09-2026\/\"><span class=\"more-msg\">Weiterlesen &rarr;<\/span><\/a><\/p>\n","protected":false},"author":1,"featured_media":0,"comment_status":"open","ping_status":"closed","sticky":false,"template":"","format":"standard","meta":{"_exactmetrics_skip_tracking":false,"_exactmetrics_sitenote_active":false,"_exactmetrics_sitenote_note":"","_exactmetrics_sitenote_category":0,"_jetpack_newsletter_access":"","_jetpack_dont_email_post_to_subs":false,"_jetpack_newsletter_tier_id":0,"_jetpack_memberships_contains_paywalled_content":false,"_jetpack_feature_clip_id":0,"_jetpack_memberships_contains_paid_content":false,"footnotes":"","jetpack_publicize_message":"","jetpack_publicize_feature_enabled":true,"jetpack_social_post_already_shared":true,"jetpack_social_options":{"image_generator_settings":{"template":"highway","default_image_id":0,"font":"","enabled":false},"version":2},"jetpack_post_was_ever_published":false},"categories":[37],"tags":[],"yst_prominent_words":[2097,1411,7740,5689,5014,4745,5510,2220,1512,3016,3007,3719,3185,8040,1220],"class_list":["post-25478","post","type-post","status-publish","format-standard","hentry","category-wetterblog"],"jetpack_publicize_connections":[],"jetpack_featured_media_url":"","jetpack_sharing_enabled":true,"jetpack_shortlink":"https:\/\/wp.me\/p5DnIb-6CW","jetpack-related-posts":[],"jetpack_likes_enabled":true,"_links":{"self":[{"href":"https:\/\/www.hossi-im-netz.de\/wordpress\/wp-json\/wp\/v2\/posts\/25478","targetHints":{"allow":["GET"]}}],"collection":[{"href":"https:\/\/www.hossi-im-netz.de\/wordpress\/wp-json\/wp\/v2\/posts"}],"about":[{"href":"https:\/\/www.hossi-im-netz.de\/wordpress\/wp-json\/wp\/v2\/types\/post"}],"author":[{"embeddable":true,"href":"https:\/\/www.hossi-im-netz.de\/wordpress\/wp-json\/wp\/v2\/users\/1"}],"replies":[{"embeddable":true,"href":"https:\/\/www.hossi-im-netz.de\/wordpress\/wp-json\/wp\/v2\/comments?post=25478"}],"version-history":[{"count":1,"href":"https:\/\/www.hossi-im-netz.de\/wordpress\/wp-json\/wp\/v2\/posts\/25478\/revisions"}],"predecessor-version":[{"id":25480,"href":"https:\/\/www.hossi-im-netz.de\/wordpress\/wp-json\/wp\/v2\/posts\/25478\/revisions\/25480"}],"wp:attachment":[{"href":"https:\/\/www.hossi-im-netz.de\/wordpress\/wp-json\/wp\/v2\/media?parent=25478"}],"wp:term":[{"taxonomy":"category","embeddable":true,"href":"https:\/\/www.hossi-im-netz.de\/wordpress\/wp-json\/wp\/v2\/categories?post=25478"},{"taxonomy":"post_tag","embeddable":true,"href":"https:\/\/www.hossi-im-netz.de\/wordpress\/wp-json\/wp\/v2\/tags?post=25478"},{"taxonomy":"yst_prominent_words","embeddable":true,"href":"https:\/\/www.hossi-im-netz.de\/wordpress\/wp-json\/wp\/v2\/yst_prominent_words?post=25478"}],"curies":[{"name":"wp","href":"https:\/\/api.w.org\/{rel}","templated":true}]}}