{"id":2635,"date":"2016-02-08T13:14:33","date_gmt":"2016-02-08T11:14:33","guid":{"rendered":"http:\/\/www.hossi-im-netz.de\/wordpress\/?p=2635"},"modified":"2016-02-08T13:14:33","modified_gmt":"2016-02-08T11:14:33","slug":"orkantief-ruzica-gruesst-die-narren-am-rosenmontag-mit-sturmboeen","status":"publish","type":"post","link":"https:\/\/www.hossi-im-netz.de\/wordpress\/orkantief-ruzica-gruesst-die-narren-am-rosenmontag-mit-sturmboeen\/","title":{"rendered":"Orkantief &#8222;Ruzica&#8220; gr\u00fc\u00dft die Narren am Rosenmontag mit Sturmb\u00f6en!"},"content":{"rendered":"<h2>Orkantief &#8222;Ruzica&#8220; gr\u00fc\u00dft die Narren am Rosenmontag mit Sturmb\u00f6en!<\/h2>\n<div style=\"text-align: justify;\">Der Rosenmontag gilt insbesondere im rheinischen Karneval als H\u00f6hepunkt der n\u00e4rrischen Tage und Wochen und wird mit dem sogenannten Rosenmontagszug begangen. Dabei f\u00e4llt dieser immer auf den Montag 48 Tage vor dem Ostersonntag.<\/p>\n<p>Bei der Namensgebung f\u00fcr den Rosenmontag gibt es jedoch unterschiedliche Deutungsversuche. Eine Erkl\u00e4rung ist dabei eng mit der Gr\u00fcndung des &#8222;Festordnenden Comitee&#8220; in K\u00f6ln am 6. November verbunden, dessen j\u00e4hrliche Hauptversammlung immer am Montag nach dem vierten Fastensonntag (&#8222;Laetare&#8220; genannt) stattfindet. Da an dem besagten Sonntag der Papst eine goldene Rose segnete und einer bekannten Pers\u00f6nlichkeit \u00fcberreichte, wurde der Begriff &#8222;Rose&#8220; auf den Montag projiziert. Das Festkomitee nannte man nachfolgend auch Rosenmontagsgesellschaft.<\/p>\n<p>Einen anderen Ansatz verfolgt das Deutsche W\u00f6rterbuch von Jakob und Wilhelm Grimm, die die Bezeichnung &#8222;Rosenmontag&#8220; aus dem Mittelhochdeutschen von &#8222;Rasenmontag&#8220;, also dem rasenden Montag ableiteten. In die k\u00f6lsche Sprache \u00fcbersetzt ist die Bezeichnung &#8222;rasen&#8220; ein anderes Wort als &#8222;rose&#8220; f\u00fcr &#8222;tollen&#8220;.<\/p>\n<p>Der erste organisierte Rosenmontagszug fand \u00fcbrigens am 10. Februar 1823 in K\u00f6ln statt. In D\u00fcsseldorf startete man am 14. Februar 1825 und in Mainz am 26. Februar 1838.Vom Wetter verweht wurden die Karnevalisten letztmals im Jahre 1990. Damals fegte Orkan &#8222;Vivian&#8220; mit orkanartigen B\u00f6en und Orkanb\u00f6en \u00fcber Deutschland hinweg. In den Karnevalshochburgen am Rhein wurden Windspitzen um 130 km\/h gemessen. Auch vor 26 Jahren reagierten Karnevalsvereine mit der Absage ihrer Rosenmontagsz\u00fcge. Allen voran der Zug in D\u00fcsseldorf. In K\u00f6ln startet der Umzug dagegen analog zum heutigen Tage in einer abgespeckten Version.<\/p>\n<p>Das Orkantief &#8222;Ruzica&#8220; wartet zwar nicht mit \u00e4hnlich hohen Spitzenwindgeschwindigkeiten wie Orkan &#8222;Vivian&#8220; auf, doch auch verbreitet st\u00fcrmische B\u00f6en oder Sturmb\u00f6en b\u00fcrgen gro\u00dfe Gefahren. Die h\u00f6chsten Windgeschwindigkeiten werden dabei r\u00fcckseitig einer durchschwenkenden Kaltfront erwartet. In Verbindung mit einer starken vertikalen Luftumw\u00e4lzung in Schauer- und Gewittern\u00e4he k\u00f6nnen gr\u00f6\u00dfere Windgeschwindigkeiten aus h\u00f6heren Luftschichten (~1500 Meter) angezapft und zum Boden gemischt werden. Als Referenz kann man beispielsweise die Windgeschwindigkeiten auf dem Brocken (1141 m) oder der Wasserkuppe (950 m) heranziehen. Dort wehte der Wind in B\u00f6en bereits am Vormittag zwischen 75 und 140 km\/h. Entsprechend sind bei den konvektiven Ph\u00e4nomenen der Schauer und Gewitter auch im Tiefland Windspitzen bis 100 km\/h durchaus vorstellbar.<\/p>\n<p>Dipl.-Met. Lars Kirchh\u00fcbel Deutscher Wetterdienst Vorhersage- und Beratungszentrale Offenbach, den 08.02.2016 Copyright (c) <a href=\"http:\/\/www.dwd.de\" target=\"_blank\">Deutscher Wetterdienst<\/a><\/div>\n","protected":false},"excerpt":{"rendered":"<p>Orkantief &#8222;Ruzica&#8220; gr\u00fc\u00dft die Narren am Rosenmontag mit Sturmb\u00f6en! Der Rosenmontag gilt insbesondere im rheinischen Karneval als H\u00f6hepunkt der n\u00e4rrischen Tage und Wochen und wird mit dem sogenannten Rosenmontagszug begangen. Dabei f\u00e4llt dieser immer auf den Montag 48 Tage vor <span class=\"excerpt-dots\">&hellip;<\/span> <a class=\"more-link\" href=\"https:\/\/www.hossi-im-netz.de\/wordpress\/orkantief-ruzica-gruesst-die-narren-am-rosenmontag-mit-sturmboeen\/\"><span class=\"more-msg\">Weiterlesen &rarr;<\/span><\/a><\/p>\n","protected":false},"author":1,"featured_media":2014,"comment_status":"open","ping_status":"closed","sticky":false,"template":"","format":"standard","meta":{"_exactmetrics_skip_tracking":false,"_exactmetrics_sitenote_active":false,"_exactmetrics_sitenote_note":"","_exactmetrics_sitenote_category":0,"jetpack_post_was_ever_published":false,"_jetpack_newsletter_access":"","_jetpack_dont_email_post_to_subs":false,"_jetpack_newsletter_tier_id":0,"_jetpack_memberships_contains_paywalled_content":false,"_jetpack_memberships_contains_paid_content":false,"footnotes":"","jetpack_publicize_message":"","jetpack_publicize_feature_enabled":true,"jetpack_social_post_already_shared":true,"jetpack_social_options":{"image_generator_settings":{"template":"highway","default_image_id":0,"font":"","enabled":false},"version":2}},"categories":[37],"tags":[266,176,452,451,444,213,344,214,83],"yst_prominent_words":[],"class_list":["post-2635","post","type-post","status-publish","format-standard","has-post-thumbnail","hentry","category-wetterblog","tag-boen","tag-orkan","tag-orkanboeen","tag-orkantief","tag-ruzica","tag-sturm","tag-sturmboeen","tag-sturmtief","tag-tief"],"jetpack_publicize_connections":[],"jetpack_featured_media_url":"https:\/\/www.hossi-im-netz.de\/wordpress\/wp-content\/uploads\/2015\/11\/image.gif","jetpack_sharing_enabled":true,"jetpack_shortlink":"https:\/\/wp.me\/p5DnIb-Gv","jetpack-related-posts":[],"jetpack_likes_enabled":true,"_links":{"self":[{"href":"https:\/\/www.hossi-im-netz.de\/wordpress\/wp-json\/wp\/v2\/posts\/2635","targetHints":{"allow":["GET"]}}],"collection":[{"href":"https:\/\/www.hossi-im-netz.de\/wordpress\/wp-json\/wp\/v2\/posts"}],"about":[{"href":"https:\/\/www.hossi-im-netz.de\/wordpress\/wp-json\/wp\/v2\/types\/post"}],"author":[{"embeddable":true,"href":"https:\/\/www.hossi-im-netz.de\/wordpress\/wp-json\/wp\/v2\/users\/1"}],"replies":[{"embeddable":true,"href":"https:\/\/www.hossi-im-netz.de\/wordpress\/wp-json\/wp\/v2\/comments?post=2635"}],"version-history":[{"count":1,"href":"https:\/\/www.hossi-im-netz.de\/wordpress\/wp-json\/wp\/v2\/posts\/2635\/revisions"}],"predecessor-version":[{"id":2636,"href":"https:\/\/www.hossi-im-netz.de\/wordpress\/wp-json\/wp\/v2\/posts\/2635\/revisions\/2636"}],"wp:featuredmedia":[{"embeddable":true,"href":"https:\/\/www.hossi-im-netz.de\/wordpress\/wp-json\/wp\/v2\/media\/2014"}],"wp:attachment":[{"href":"https:\/\/www.hossi-im-netz.de\/wordpress\/wp-json\/wp\/v2\/media?parent=2635"}],"wp:term":[{"taxonomy":"category","embeddable":true,"href":"https:\/\/www.hossi-im-netz.de\/wordpress\/wp-json\/wp\/v2\/categories?post=2635"},{"taxonomy":"post_tag","embeddable":true,"href":"https:\/\/www.hossi-im-netz.de\/wordpress\/wp-json\/wp\/v2\/tags?post=2635"},{"taxonomy":"yst_prominent_words","embeddable":true,"href":"https:\/\/www.hossi-im-netz.de\/wordpress\/wp-json\/wp\/v2\/yst_prominent_words?post=2635"}],"curies":[{"name":"wp","href":"https:\/\/api.w.org\/{rel}","templated":true}]}}