{"id":2769,"date":"2016-02-14T13:34:29","date_gmt":"2016-02-14T11:34:29","guid":{"rendered":"http:\/\/www.hossi-im-netz.de\/wordpress\/?p=2769"},"modified":"2016-02-14T13:34:29","modified_gmt":"2016-02-14T11:34:29","slug":"endlich-eine-woche-ruhe-fuer-die-pollenallergiker","status":"publish","type":"post","link":"https:\/\/www.hossi-im-netz.de\/wordpress\/endlich-eine-woche-ruhe-fuer-die-pollenallergiker\/","title":{"rendered":"Endlich eine Woche Ruhe f\u00fcr die Pollenallergiker"},"content":{"rendered":"<h2>Endlich eine Woche Ruhe f\u00fcr die Pollenallergiker<\/h2>\n<div style=\"text-align: justify;\">Nachdem gestern einige Kollegen im Wetterdienst ausgiebig ihren Unmut zum Thema Pollenallergie kundtaten, ist es mal wieder Zeit, sich dem Thema Ph\u00e4nologie zu widmen. Die Ph\u00e4nologie ist die Lehre vom Einfluss der Witterung und des Klimas auf die jahreszeitliche Entwicklung der Pflanzen. Der milde Winter sollte der Pflanzenwelt einen deutlichen Wuchsvorsprung gegen\u00fcber den Mittelwerten erm\u00f6glichen. Schauen wir uns also an, von welchen Pflanzen wir schon Bl\u00fchmeldungen erhalten haben und wie gro\u00df deren Vorsprung gegen\u00fcber dem mittleren Bl\u00fchbeginn derzeit ist. Dass die Hasel bl\u00fcht, versteht sich von selbst. Deren Bl\u00fchbeginn liegt deutschlandweit im Mittel am 03.02., also vor 10 Tagen. In diesem Winter hat sie &#8222;selbstverst\u00e4ndlich&#8220; gebietsweise schon im Dezember gebl\u00fcht. Die erste Bl\u00fchmeldung stammt vom 05.12.2015. Dort, wo sie bl\u00fcht, bl\u00fcht sie etwa drei Wochen zu fr\u00fch. Auch das Schneegl\u00f6ckchen mit einem mittleren Bl\u00fchbeginn am 10.02. ist seiner Zeit um gut eine Woche voraus. Da dessen Bl\u00fchbeginn weniger als bei anderen Pflanzen von den Temperaturen abh\u00e4ngt, sind die Abweichungen bei den Fr\u00fchbl\u00fchern immer am geringsten. Die Erlenpollen sind nat\u00fcrlich auch schon aktiv, gegen\u00fcber dem mittleren Bl\u00fchbeginn am 19.02. fliegen sie etwa drei Wochen zu fr\u00fch. Das Grasland ist dort, wo es bereits ergr\u00fcnte, um etwa einen Monat seiner Zeit voraus. Auch von Sal-Weide, L\u00f6wenzahn und Huflattich haben wir schon Bl\u00fchmeldungen, doch sind sie noch sehr vereinzelt. Mal abgesehen von Hasel(05.12) und Sal-Weide(01.02.) erreichte uns die jeweils erste Bl\u00fchmeldung im Zeitraum vom 15. bis 25. Dezember. Ein Blick in die Wetterstatistik kann dies leicht erkl\u00e4ren. Pflanzenwachstum beginnt etwa bei einer Tagesmitteltemperatur von 5 Grad, die \u00fcber ein paar Tage anh\u00e4lt. In M\u00fcnchen beispielsweise gab es vom 16. bis zum 25.12.2015 an 6 von 10 Tagen Mittelwerte \u00fcber 5 Grad, vom 22. bis 27. Dezember lagen dort bei meist anhaltendem Sonnenschein die Maxima t\u00e4glich \u00fcber 10 Grad. Da ist es kein Wunder, dass die eine oder andere Pflanze mal nachschaute, ob es schon Fr\u00fchling ist.<\/p>\n<p>In den n\u00e4chsten Tagen allerdings werden die oben erw\u00e4hnten Kollegen keine Probleme mit ihrer Pollenallergie bekommen. Der angek\u00fcndigte Sp\u00e4twinter (s. Thema des Tages von gestern) mit Tagesmittelwerten um die null Grad und das Auswaschen der Pollen durch Regen und Schnee wird ihnen und ihren Leidensgenossen zumindest eine Woche &#8222;Schniefpause&#8220; bescheren.<\/p>\n<p>Dipl.-Met. Christoph Hartmann Deutscher Wetterdienst Vorhersage- und Beratungszentrale Offenbach, den 14.02.2016 Copyright (c) Deutscher Wetterdienst<\/p><\/div>\n","protected":false},"excerpt":{"rendered":"<p>Endlich eine Woche Ruhe f\u00fcr die Pollenallergiker Nachdem gestern einige Kollegen im Wetterdienst ausgiebig ihren Unmut zum Thema Pollenallergie kundtaten, ist es mal wieder Zeit, sich dem Thema Ph\u00e4nologie zu widmen. Die Ph\u00e4nologie ist die Lehre vom Einfluss der Witterung <span class=\"excerpt-dots\">&hellip;<\/span> <a class=\"more-link\" href=\"https:\/\/www.hossi-im-netz.de\/wordpress\/endlich-eine-woche-ruhe-fuer-die-pollenallergiker\/\"><span class=\"more-msg\">Weiterlesen &rarr;<\/span><\/a><\/p>\n","protected":false},"author":1,"featured_media":0,"comment_status":"open","ping_status":"closed","sticky":false,"template":"","format":"standard","meta":{"_exactmetrics_skip_tracking":false,"_exactmetrics_sitenote_active":false,"_exactmetrics_sitenote_note":"","_exactmetrics_sitenote_category":0,"jetpack_post_was_ever_published":false,"_jetpack_newsletter_access":"","_jetpack_dont_email_post_to_subs":false,"_jetpack_newsletter_tier_id":0,"_jetpack_memberships_contains_paywalled_content":false,"_jetpack_memberships_contains_paid_content":false,"footnotes":"","jetpack_publicize_message":"","jetpack_publicize_feature_enabled":true,"jetpack_social_post_already_shared":true,"jetpack_social_options":{"image_generator_settings":{"template":"highway","default_image_id":0,"font":"","enabled":false},"version":2}},"categories":[37],"tags":[468,46,469],"yst_prominent_words":[],"class_list":["post-2769","post","type-post","status-publish","format-standard","hentry","category-wetterblog","tag-allergie","tag-pollen","tag-pollenflug"],"jetpack_publicize_connections":[],"jetpack_featured_media_url":"","jetpack_sharing_enabled":true,"jetpack_shortlink":"https:\/\/wp.me\/p5DnIb-IF","jetpack-related-posts":[],"jetpack_likes_enabled":true,"_links":{"self":[{"href":"https:\/\/www.hossi-im-netz.de\/wordpress\/wp-json\/wp\/v2\/posts\/2769","targetHints":{"allow":["GET"]}}],"collection":[{"href":"https:\/\/www.hossi-im-netz.de\/wordpress\/wp-json\/wp\/v2\/posts"}],"about":[{"href":"https:\/\/www.hossi-im-netz.de\/wordpress\/wp-json\/wp\/v2\/types\/post"}],"author":[{"embeddable":true,"href":"https:\/\/www.hossi-im-netz.de\/wordpress\/wp-json\/wp\/v2\/users\/1"}],"replies":[{"embeddable":true,"href":"https:\/\/www.hossi-im-netz.de\/wordpress\/wp-json\/wp\/v2\/comments?post=2769"}],"version-history":[{"count":1,"href":"https:\/\/www.hossi-im-netz.de\/wordpress\/wp-json\/wp\/v2\/posts\/2769\/revisions"}],"predecessor-version":[{"id":2770,"href":"https:\/\/www.hossi-im-netz.de\/wordpress\/wp-json\/wp\/v2\/posts\/2769\/revisions\/2770"}],"wp:attachment":[{"href":"https:\/\/www.hossi-im-netz.de\/wordpress\/wp-json\/wp\/v2\/media?parent=2769"}],"wp:term":[{"taxonomy":"category","embeddable":true,"href":"https:\/\/www.hossi-im-netz.de\/wordpress\/wp-json\/wp\/v2\/categories?post=2769"},{"taxonomy":"post_tag","embeddable":true,"href":"https:\/\/www.hossi-im-netz.de\/wordpress\/wp-json\/wp\/v2\/tags?post=2769"},{"taxonomy":"yst_prominent_words","embeddable":true,"href":"https:\/\/www.hossi-im-netz.de\/wordpress\/wp-json\/wp\/v2\/yst_prominent_words?post=2769"}],"curies":[{"name":"wp","href":"https:\/\/api.w.org\/{rel}","templated":true}]}}