{"id":2909,"date":"2016-02-24T13:07:47","date_gmt":"2016-02-24T11:07:47","guid":{"rendered":"http:\/\/www.hossi-im-netz.de\/wordpress\/?p=2909"},"modified":"2016-02-24T13:07:47","modified_gmt":"2016-02-24T11:07:47","slug":"winterlicher-meteorologischer-fruehlingsanfang","status":"publish","type":"post","link":"https:\/\/www.hossi-im-netz.de\/wordpress\/winterlicher-meteorologischer-fruehlingsanfang\/","title":{"rendered":"Winterlicher meteorologischer Fr\u00fchlingsanfang"},"content":{"rendered":"<h2>Winterlicher meteorologischer Fr\u00fchlingsanfang<\/h2>\n<p>Am Montag erreichten die Temperaturen im S\u00fcden Bayerns Spitzenwerte von bis zu 20 Grad. Man k\u00f6nnte meinen, dass der Fr\u00fchling nun endg\u00fcltig auf dem Vormarsch w\u00e4re. Doch eine Woche vor dem meteorologischen Fr\u00fchlingsanfang am 1. M\u00e4rz kehrt das Winterwetter noch einmal zur\u00fcck.<\/p>\n<p>Am vergangenen Montag bekam der S\u00fcden Deutschlands schon mal einen Vorgeschmack auf den Fr\u00fchling. Bei Temperaturen von 15 bis 20 \u00b0C herrschte dort fast schon T-Shirt-Wetter. Am w\u00e4rmsten war es im bayrischen Piding im Berchtesgadener Land mit 20 \u00b0C. Man k\u00f6nnte meinen, der Fr\u00fchling sei nun endg\u00fcltig auf dem Vormarsch. Doch eine Woche vor dem meteorologischen Fr\u00fchlingsanfang am 1. M\u00e4rz kehrt das Winterwetter noch einmal zur\u00fcck. Ursache daf\u00fcr ist eine Umstellung der Gro\u00dfwetterlage.<\/p>\n<p>Seit Ende Januar dominierte meist eine sogenannte Westwetterlage. Das hei\u00dft, dass Tiefdruckgebiete in schneller Abfolge vom Nordatlantik \u00fcber Gro\u00dfbritannien nach Skandinavien zogen und mit ihren Ausl\u00e4ufern unser Wetter beeinflussten. Dabei f\u00fchrten sie auf ihrer S\u00fcdflanke mit einer kr\u00e4ftigen westlichen Str\u00f6mung wolkenreiche und zumeist auch milde Meeresluft heran. Der Februar fiel bisher mit einer Temperaturabweichung von 3,5 Grad im Vergleich zum langj\u00e4hrigen Mittel wieder deutlich zu warm aus, dar\u00fcber hinaus war er auch noch sehr niederschlagsreich. Selbst in den Hochlagen der Mittelgebirge herrschte selten winterliches Wetter.<\/p>\n<p>Doch die West-Ost-Zugbahn der Tiefdruckgebiete hat sich nun ge\u00e4ndert. Denn aktuell hat sich \u00fcber dem Atlantik das Azorenhoch verst\u00e4rkt und weiter nach Norden ausgedehnt. Dadurch werden die Tiefdruckgebiete gezwungen an dessen Nordostflanke von Island nach Mitteleuropa zu ziehen. Dabei werden wir nun mit einer nordwestlichen Str\u00f6mung mit maritimer Polarluft versorgt. Dieser Prozess hat bereits Anfang der Woche begonnen, als eine Kaltfront Deutschland von Nord nach S\u00fcd \u00fcberquerte und f\u00fcr Schneefall zum Teil bis in tiefe Lagen sorgte.<\/p>\n<p>Das n\u00e4chste Tiefdruckgebiet bringt dann am Donnerstag im S\u00fcden, vor allem im Schwarzwald und s\u00fcdlich der Donau, kr\u00e4ftigeren Schneefall. Im Flachland wird der Schnee aber kaum \u00fcber l\u00e4ngere Zeit liegen bleiben, da die Sonne jetzt schon so hoch steht wie Mitte Oktober. In den Niederungen muss man sich deshalb auf eher nasskaltes Wetter einstellen. In den Mittelgebirgen kehrt allerdings zur Freude von Wintersportlern und Skiliftbetreibern nochmals richtig der Winter ein.<\/p>\n<p>Und wie sieht die weitere Wetterentwicklung am Wochenende und zu Beginn der neuen Woche aus? An der Wetterlage \u00e4ndert sich nur wenig. Abgesehen von einer kurzen Erw\u00e4rmung am Wochenende im S\u00fcdosten bleibt es f\u00fcr die Jahreszeit etwas zu k\u00fchl. Ab Montag k\u00f6nnte bereits das n\u00e4chste Tief f\u00fcr st\u00e4rkere Schneef\u00e4lle in der S\u00fcdosth\u00e4lfte sorgen. So wird der meteorologische Fr\u00fchlingsanfang wohl wenig fr\u00fchlingshaft.<\/p>\n<p>Dipl.-Met. Christian Herold<\/p>\n<p>Deutscher Wetterdienst Vorhersage- und Beratungszentrale Offenbach, den 24.02.2016<\/p>\n<p>Copyright (c) Deutscher Wetterdienst<\/p>\n","protected":false},"excerpt":{"rendered":"<p>Winterlicher meteorologischer Fr\u00fchlingsanfang Am Montag erreichten die Temperaturen im S\u00fcden Bayerns Spitzenwerte von bis zu 20 Grad. Man k\u00f6nnte meinen, dass der Fr\u00fchling nun endg\u00fcltig auf dem Vormarsch w\u00e4re. Doch eine Woche vor dem meteorologischen Fr\u00fchlingsanfang am 1. M\u00e4rz kehrt <span class=\"excerpt-dots\">&hellip;<\/span> <a class=\"more-link\" href=\"https:\/\/www.hossi-im-netz.de\/wordpress\/winterlicher-meteorologischer-fruehlingsanfang\/\"><span class=\"more-msg\">Weiterlesen &rarr;<\/span><\/a><\/p>\n","protected":false},"author":1,"featured_media":2910,"comment_status":"open","ping_status":"closed","sticky":false,"template":"","format":"standard","meta":{"_exactmetrics_skip_tracking":false,"_exactmetrics_sitenote_active":false,"_exactmetrics_sitenote_note":"","_exactmetrics_sitenote_category":0,"jetpack_post_was_ever_published":false,"_jetpack_newsletter_access":"","_jetpack_dont_email_post_to_subs":false,"_jetpack_newsletter_tier_id":0,"_jetpack_memberships_contains_paywalled_content":false,"_jetpack_memberships_contains_paid_content":false,"footnotes":"","jetpack_publicize_message":"","jetpack_publicize_feature_enabled":true,"jetpack_social_post_already_shared":true,"jetpack_social_options":{"image_generator_settings":{"template":"highway","default_image_id":0,"font":"","enabled":false},"version":2}},"categories":[37],"tags":[70,484,485],"yst_prominent_words":[],"class_list":["post-2909","post","type-post","status-publish","format-standard","has-post-thumbnail","hentry","category-wetterblog","tag-fruehling","tag-fruehling-2016","tag-fruehlingsanfang"],"jetpack_publicize_connections":[],"jetpack_featured_media_url":"https:\/\/www.hossi-im-netz.de\/wordpress\/wp-content\/uploads\/2016\/02\/image-19.jpeg","jetpack_sharing_enabled":true,"jetpack_shortlink":"https:\/\/wp.me\/p5DnIb-KV","jetpack-related-posts":[],"jetpack_likes_enabled":true,"_links":{"self":[{"href":"https:\/\/www.hossi-im-netz.de\/wordpress\/wp-json\/wp\/v2\/posts\/2909","targetHints":{"allow":["GET"]}}],"collection":[{"href":"https:\/\/www.hossi-im-netz.de\/wordpress\/wp-json\/wp\/v2\/posts"}],"about":[{"href":"https:\/\/www.hossi-im-netz.de\/wordpress\/wp-json\/wp\/v2\/types\/post"}],"author":[{"embeddable":true,"href":"https:\/\/www.hossi-im-netz.de\/wordpress\/wp-json\/wp\/v2\/users\/1"}],"replies":[{"embeddable":true,"href":"https:\/\/www.hossi-im-netz.de\/wordpress\/wp-json\/wp\/v2\/comments?post=2909"}],"version-history":[{"count":1,"href":"https:\/\/www.hossi-im-netz.de\/wordpress\/wp-json\/wp\/v2\/posts\/2909\/revisions"}],"predecessor-version":[{"id":2911,"href":"https:\/\/www.hossi-im-netz.de\/wordpress\/wp-json\/wp\/v2\/posts\/2909\/revisions\/2911"}],"wp:featuredmedia":[{"embeddable":true,"href":"https:\/\/www.hossi-im-netz.de\/wordpress\/wp-json\/wp\/v2\/media\/2910"}],"wp:attachment":[{"href":"https:\/\/www.hossi-im-netz.de\/wordpress\/wp-json\/wp\/v2\/media?parent=2909"}],"wp:term":[{"taxonomy":"category","embeddable":true,"href":"https:\/\/www.hossi-im-netz.de\/wordpress\/wp-json\/wp\/v2\/categories?post=2909"},{"taxonomy":"post_tag","embeddable":true,"href":"https:\/\/www.hossi-im-netz.de\/wordpress\/wp-json\/wp\/v2\/tags?post=2909"},{"taxonomy":"yst_prominent_words","embeddable":true,"href":"https:\/\/www.hossi-im-netz.de\/wordpress\/wp-json\/wp\/v2\/yst_prominent_words?post=2909"}],"curies":[{"name":"wp","href":"https:\/\/api.w.org\/{rel}","templated":true}]}}